{"id":8120,"date":"2021-10-07T19:40:37","date_gmt":"2021-10-07T22:40:37","guid":{"rendered":"http:\/\/www.bienaldelchaco.org\/2022\/?p=8120"},"modified":"2021-10-07T19:43:37","modified_gmt":"2021-10-07T22:43:37","slug":"libro-sobre-la-vida-del-escultor-fabriciano","status":"publish","type":"post","link":"https:\/\/www.bienaldelchaco.org\/2022\/libro-sobre-la-vida-del-escultor-fabriciano\/","title":{"rendered":"Libro sobre la vida del escultor  Fabriciano"},"content":{"rendered":"<div class=\"col-md-12 col-sm-12\">\n<div class=\"col-md-12\">\n<p><strong>UN HOMBRE PROBO<\/strong><\/p>\n<p>En el marco de la Feria Iberoamericana del Libro (FIL) Chaco 2021, el martes 12, a las 18, en el escenario 1 del domo del Centenario, se presentar\u00e1 el libro &#8220;El hombre probo&#8221;.<\/p>\n<\/div>\n<\/div>\n<p><!--more--><\/p>\n<div class=\"wpb_text_column wpb_content_element \">\n<div class=\"wpb_wrapper\">\n<p>Se trata de una pieza editada en Buenos Aires, a mediados de 2008, impresa por Polo Rossi, Casa editorial.<\/p>\n<p>El hombre probo repasa la vida del artista y gestor cultural Fabriciano G\u00f3mez, a trav\u00e9s de sus conversaciones con el periodista Marcelo Nieto, y de testimonios recogidos por amigos de la infancia, del presente, colegas, vecinos, personalidades del arte y la cultura.<\/p>\n<p>Pero es mucho m\u00e1s que una biograf\u00eda escrita por momentos en la primera persona del protagonista, tambi\u00e9n, un rico caleidoscopio de im\u00e1genes que van atestiguando la vida de este singular Fabriciano. Su infancia, sus viajes a la Ant\u00e1rtida, su etapa de docente, sus grandes premios que le dan figura internacional, su formaci\u00f3n en Europa, su posicionamiento mundial en los m\u00faltiples concursos al aire libre en nieve o hielo; los premios y reconocimientos, la plantaci\u00f3n de esculturas y parques en nuestra ciudad, los amigos, su obra en detalle&#8230;<\/p>\n<p>Un Fabriciano del mundo y del pueblo.<\/p>\n<p>En el prefacio dice Mimo Eidman que, &#8220;Los que conocemos su obra y personalidad, sabemos que es un elegido. Est\u00e1 en permanente di\u00e1logo con Dios a trav\u00e9s de la materia y su esp\u00edritu. M\u00e1rmoles, maderas, metales, nieve o hielo, todo lo que llegue a sus manos se transforma en forma y en un lenguaje pl\u00e1stico poblado de mensajes para la humanidad&#8221;.<\/p>\n<p>Cabe destacar que esta cuidada edici\u00f3n no hab\u00eda sido presentada antes y viene en este momento a ser el momento fausto para presentarlo y a un mes de su partida, aviene a ser una evocaci\u00f3n sentida, profunda, merecida para el gran Fabriciano.<\/p>\n<p>La presentaci\u00f3n estar\u00e1 a cargo del presidente del Instituto de Cultura de la Provincia del Chaco Francisco Tete Romero y del periodista cultural Marcelo Nieto, teniendo como aderezo una intervenci\u00f3n art\u00edstica en relaci\u00f3n a la escultura, a cargo del cuerpo de lenguajes art\u00edsticos del instituto de cultura que dirige Mariela Alarc\u00f3n.<\/p>\n<\/div>\n<\/div>\n","protected":false},"excerpt":{"rendered":"<p>UN HOMBRE PROBO En el marco de la Feria Iberoamericana del Libro (FIL) Chaco 2021, el martes 12, a las 18, en el escenario 1 del domo del Centenario, se presentar\u00e1 el libro &#8220;El hombre probo&#8221;.<\/p>\n","protected":false},"author":3,"featured_media":8121,"comment_status":"closed","ping_status":"closed","sticky":false,"template":"","format":"standard","meta":{"footnotes":""},"categories":[6],"tags":[],"_links":{"self":[{"href":"https:\/\/www.bienaldelchaco.org\/2022\/wp-json\/wp\/v2\/posts\/8120"}],"collection":[{"href":"https:\/\/www.bienaldelchaco.org\/2022\/wp-json\/wp\/v2\/posts"}],"about":[{"href":"https:\/\/www.bienaldelchaco.org\/2022\/wp-json\/wp\/v2\/types\/post"}],"author":[{"embeddable":true,"href":"https:\/\/www.bienaldelchaco.org\/2022\/wp-json\/wp\/v2\/users\/3"}],"replies":[{"embeddable":true,"href":"https:\/\/www.bienaldelchaco.org\/2022\/wp-json\/wp\/v2\/comments?post=8120"}],"version-history":[{"count":3,"href":"https:\/\/www.bienaldelchaco.org\/2022\/wp-json\/wp\/v2\/posts\/8120\/revisions"}],"predecessor-version":[{"id":8124,"href":"https:\/\/www.bienaldelchaco.org\/2022\/wp-json\/wp\/v2\/posts\/8120\/revisions\/8124"}],"wp:featuredmedia":[{"embeddable":true,"href":"https:\/\/www.bienaldelchaco.org\/2022\/wp-json\/wp\/v2\/media\/8121"}],"wp:attachment":[{"href":"https:\/\/www.bienaldelchaco.org\/2022\/wp-json\/wp\/v2\/media?parent=8120"}],"wp:term":[{"taxonomy":"category","embeddable":true,"href":"https:\/\/www.bienaldelchaco.org\/2022\/wp-json\/wp\/v2\/categories?post=8120"},{"taxonomy":"post_tag","embeddable":true,"href":"https:\/\/www.bienaldelchaco.org\/2022\/wp-json\/wp\/v2\/tags?post=8120"}],"curies":[{"name":"wp","href":"https:\/\/api.w.org\/{rel}","templated":true}]}}