{"id":8302,"date":"2021-12-10T09:59:01","date_gmt":"2021-12-10T12:59:01","guid":{"rendered":"http:\/\/www.bienaldelchaco.org\/2022\/?p=8302"},"modified":"2021-12-10T11:13:26","modified_gmt":"2021-12-10T14:13:26","slug":"chaco-volvera-a-disfrutar-de-la-bienal-en-2022","status":"publish","type":"post","link":"https:\/\/www.bienaldelchaco.org\/2022\/chaco-volvera-a-disfrutar-de-la-bienal-en-2022\/","title":{"rendered":"Chaco volver\u00e1 a disfrutar de la Bienal en 2022"},"content":{"rendered":"<p><strong>Jos\u00e9 Eidman<\/strong>, presidente de la Fundaci\u00f3n Urunday, brindo detalles en\u00a0<strong>Radio Facundo Quiroga<\/strong>\u00a0sobre lo que ser\u00e1 la nueva edici\u00f3n de la\u00a0<strong>Bienal<\/strong>\u00a0a desarrollarse entre el 16 y el 23 de julio de 2022.<\/p>\n<p><!--more-->[vc_row css_animation=&#8221;&#8221; row_type=&#8221;row&#8221; use_row_as_full_screen_section=&#8221;no&#8221; type=&#8221;full_width&#8221; angled_section=&#8221;no&#8221; text_align=&#8221;left&#8221; background_image_as_pattern=&#8221;without_pattern&#8221;][vc_column][vc_column_text]Eidman manifest\u00f3 \u201cestuvimos reunidos con el gobernador Capitanich trabajando en los avances y evaluando el programa de actividades\u201d y a\u00f1adi\u00f3 \u201cestamos con muchas expectativas, con el plan de trabajo casi al d\u00eda reconfirmando la participaci\u00f3n de los escultores que fueron seleccionados en el 2019\u201d.<\/p>\n<p>\u201cA Fabriciano lo recordamos todos los d\u00edas y queremos que esta Bienal sea en homenaje a \u00e9l y, como siempre dec\u00eda, la mejor de todas\u201d afirm\u00f3.<\/p>\n<p>&nbsp;<\/p>\n<pre><strong>\u00a1Escuch\u00e1 la nota completa!\r\n<\/strong><\/pre>\n[\/vc_column_text][vc_empty_space][vc_column_text]\n<div style=\"padding-top: 10px;\">\n<div id=\"posdivcv2\"><iframe id=\"inneriframe2\" src=\"https:\/\/facundoquiroga.com\/chaco-volvera-a-disfrutar-de-la-bienal-en-2022\/\" scrolling=\"no\"><\/iframe><\/div>\n<\/div>\n[\/vc_column_text][vc_empty_space][vc_column_text]<strong>Fuente: <a href=\"https:\/\/facundoquiroga.com\/chaco-volvera-a-disfrutar-de-la-bienal-en-2022\/\" target=\"_blank\" rel=\"noopener\">https:\/\/facundoquiroga.com\/chaco-volvera-a-disfrutar-de-la-bienal-en-2022\/<\/a><\/strong>[\/vc_column_text][vc_empty_space][\/vc_column][\/vc_row]\n","protected":false},"excerpt":{"rendered":"<p>Jos\u00e9 Eidman, presidente de la Fundaci\u00f3n Urunday, brindo detalles en\u00a0Radio Facundo Quiroga\u00a0sobre lo que ser\u00e1 la nueva edici\u00f3n de la\u00a0Bienal\u00a0a desarrollarse entre el 16 y el 23 de julio de 2022.<\/p>\n","protected":false},"author":3,"featured_media":8303,"comment_status":"closed","ping_status":"closed","sticky":false,"template":"","format":"standard","meta":{"footnotes":""},"categories":[6],"tags":[],"_links":{"self":[{"href":"https:\/\/www.bienaldelchaco.org\/2022\/wp-json\/wp\/v2\/posts\/8302"}],"collection":[{"href":"https:\/\/www.bienaldelchaco.org\/2022\/wp-json\/wp\/v2\/posts"}],"about":[{"href":"https:\/\/www.bienaldelchaco.org\/2022\/wp-json\/wp\/v2\/types\/post"}],"author":[{"embeddable":true,"href":"https:\/\/www.bienaldelchaco.org\/2022\/wp-json\/wp\/v2\/users\/3"}],"replies":[{"embeddable":true,"href":"https:\/\/www.bienaldelchaco.org\/2022\/wp-json\/wp\/v2\/comments?post=8302"}],"version-history":[{"count":8,"href":"https:\/\/www.bienaldelchaco.org\/2022\/wp-json\/wp\/v2\/posts\/8302\/revisions"}],"predecessor-version":[{"id":8311,"href":"https:\/\/www.bienaldelchaco.org\/2022\/wp-json\/wp\/v2\/posts\/8302\/revisions\/8311"}],"wp:featuredmedia":[{"embeddable":true,"href":"https:\/\/www.bienaldelchaco.org\/2022\/wp-json\/wp\/v2\/media\/8303"}],"wp:attachment":[{"href":"https:\/\/www.bienaldelchaco.org\/2022\/wp-json\/wp\/v2\/media?parent=8302"}],"wp:term":[{"taxonomy":"category","embeddable":true,"href":"https:\/\/www.bienaldelchaco.org\/2022\/wp-json\/wp\/v2\/categories?post=8302"},{"taxonomy":"post_tag","embeddable":true,"href":"https:\/\/www.bienaldelchaco.org\/2022\/wp-json\/wp\/v2\/tags?post=8302"}],"curies":[{"name":"wp","href":"https:\/\/api.w.org\/{rel}","templated":true}]}}