{"id":8318,"date":"2021-12-27T17:33:47","date_gmt":"2021-12-27T20:33:47","guid":{"rendered":"http:\/\/www.bienaldelchaco.org\/2022\/?p=8318"},"modified":"2021-12-27T17:38:55","modified_gmt":"2021-12-27T20:38:55","slug":"fundacion-urunday-invita-a-vivir-la-aventura-escultorica","status":"publish","type":"post","link":"https:\/\/www.bienaldelchaco.org\/2022\/fundacion-urunday-invita-a-vivir-la-aventura-escultorica\/","title":{"rendered":"Fundaci\u00f3n Urunday invita a vivir La Aventura Escult\u00f3rica"},"content":{"rendered":"<p>En el marco del cumplea\u00f1os n\u00famero 70 de la provincializaci\u00f3n del Chaco, la Fundaci\u00f3n Urunday invita a compartir La Aventura Escult\u00f3rica, un proyecto planteado como \u201cun viaje sensorial y l\u00fadico por el relato hist\u00f3rico que nos une\u201d con el fin de condensar las representaciones art\u00edsticas encarnadas en nuestra identidad. El Instituto de Cultura del Chaco financia la iniciativa a trav\u00e9s de la Ley de Mecenzago 1353-E.<\/p>\n<p><!--more-->[vc_row css_animation=&#8221;&#8221; row_type=&#8221;row&#8221; use_row_as_full_screen_section=&#8221;no&#8221; type=&#8221;full_width&#8221; angled_section=&#8221;no&#8221; text_align=&#8221;left&#8221; background_image_as_pattern=&#8221;without_pattern&#8221;][vc_column][vc_column_text]Forma parte del programa Patrimonio Activo del ICCH, que pone en valor el patrimonio cultural y natural de nuestra provincia.<\/p>\n<p>La Aventura Escult\u00f3rica es una tertulia hist\u00f3rica que logra mirar y reinscribir datos fundamentales de la historia de nuestra provincia.<\/p>\n<p>\u201cLos viajes constituyen una forma de acercarnos a las cosas desde otro \u00e1ngulo que no es el de la cotidianeidad. As\u00ed, a vuelo rasante encontramos otra manera de recorrer personajes, historias y algunas de las 652 esculturas emplazadas en nuestras calles. Yendo del pasado al presente, LAE conforma tertulia hist\u00f3rica fundamental, adem\u00e1s de \u201cuna aventura sensorial y l\u00fadica, una forma del viaje, con el v\u00e9rtigo que provoca desplazarnos constantemente, en la trama del relato que nos une\u201d expresaron desde la organizaci\u00f3n.<\/p>\n<p>La aventura escult\u00f3rica ofrece una serie de t\u00f3picos clarificadores. Desde 1500, o un poco antes, entre Am\u00e9rica y Europa se abrieron trayectos de ida y vuelta en los que intercambios de todo tipo enriquecieron y empobrecieron el mundo como pocas veces antes. Hoy, Resistencia se posiciona como capital de las esculturas con casi 700 obras en el espacio p\u00fablico; y aspira a seguir expandi\u00e9ndose en 2022.<\/p>\n<p>Sin seguir teor\u00edas absolutas, LAE parte de archivos hist\u00f3ricos para indagar los caminos sociales recorridos.\u00a0<em>Mirar el surco y luego las estrellas, De hombres y obras, En los Bosques de La Cangay\u00e9, El Coraz\u00f3n de Resistencia, Luperca otea el horizonte,\u00a0<\/em>y<em>\u00a0El arte en un parque bot\u00e1nico<\/em>, son cap\u00edtulos a los que ya se puede acceder a trav\u00e9s del sitio web de la Fundaci\u00f3n:<a href=\"http:\/\/www.fundacionurunday.org\/lae\/\">\u00a0<\/a><a href=\"http:\/\/www.fundacionurunday.org\/lae\/\">www.fundacionurunday.org\/lae\/<\/a>[\/vc_column_text][vc_empty_space][vc_column_text]Fuente:\u00a0 <a href=\"https:\/\/www.diariochaco.com\/noticia\/fundacion-urunday-invita-vivir-la-aventura-escultorica\" target=\"_blank\" rel=\"noopener\">https:\/\/www.diariochaco.com\/noticia\/fundacion-urunday-invita-vivir-la-aventura-escultorica<\/a><\/p>\n<p><a href=\"https:\/\/www.ellitoral.com.ar\/corrientes\/2021-12-26-2-36-0-fundacion-urunday-invita-a-una-aventura-escultorica\" target=\"_blank\" rel=\"noopener\">https:\/\/www.ellitoral.com.ar\/corrientes\/2021-12-26-2-36-0-fundacion-urunday-invita-a-una-aventura-escultorica<\/a><\/p>\n<p><a href=\"http:\/\/informechaco.com.ar\/2021\/12\/23\/fundacion-urunday-invita-a-vivir-la-aventura-escultorica\/\" target=\"_blank\" rel=\"noopener\">http:\/\/informechaco.com.ar\/2021\/12\/23\/fundacion-urunday-invita-a-vivir-la-aventura-escultorica\/<\/a><\/p>\n[\/vc_column_text][vc_empty_space][\/vc_column][\/vc_row]\n","protected":false},"excerpt":{"rendered":"<p>En el marco del cumplea\u00f1os n\u00famero 70 de la provincializaci\u00f3n del Chaco, la Fundaci\u00f3n Urunday invita a compartir La Aventura Escult\u00f3rica, un proyecto planteado como \u201cun viaje sensorial y l\u00fadico por el relato hist\u00f3rico que nos une\u201d con el fin de condensar las representaciones art\u00edsticas&#8230;<\/p>\n","protected":false},"author":3,"featured_media":8319,"comment_status":"closed","ping_status":"closed","sticky":false,"template":"","format":"standard","meta":{"footnotes":""},"categories":[6],"tags":[],"_links":{"self":[{"href":"https:\/\/www.bienaldelchaco.org\/2022\/wp-json\/wp\/v2\/posts\/8318"}],"collection":[{"href":"https:\/\/www.bienaldelchaco.org\/2022\/wp-json\/wp\/v2\/posts"}],"about":[{"href":"https:\/\/www.bienaldelchaco.org\/2022\/wp-json\/wp\/v2\/types\/post"}],"author":[{"embeddable":true,"href":"https:\/\/www.bienaldelchaco.org\/2022\/wp-json\/wp\/v2\/users\/3"}],"replies":[{"embeddable":true,"href":"https:\/\/www.bienaldelchaco.org\/2022\/wp-json\/wp\/v2\/comments?post=8318"}],"version-history":[{"count":6,"href":"https:\/\/www.bienaldelchaco.org\/2022\/wp-json\/wp\/v2\/posts\/8318\/revisions"}],"predecessor-version":[{"id":8325,"href":"https:\/\/www.bienaldelchaco.org\/2022\/wp-json\/wp\/v2\/posts\/8318\/revisions\/8325"}],"wp:featuredmedia":[{"embeddable":true,"href":"https:\/\/www.bienaldelchaco.org\/2022\/wp-json\/wp\/v2\/media\/8319"}],"wp:attachment":[{"href":"https:\/\/www.bienaldelchaco.org\/2022\/wp-json\/wp\/v2\/media?parent=8318"}],"wp:term":[{"taxonomy":"category","embeddable":true,"href":"https:\/\/www.bienaldelchaco.org\/2022\/wp-json\/wp\/v2\/categories?post=8318"},{"taxonomy":"post_tag","embeddable":true,"href":"https:\/\/www.bienaldelchaco.org\/2022\/wp-json\/wp\/v2\/tags?post=8318"}],"curies":[{"name":"wp","href":"https:\/\/api.w.org\/{rel}","templated":true}]}}