{"id":8649,"date":"2022-03-09T16:53:09","date_gmt":"2022-03-09T19:53:09","guid":{"rendered":"https:\/\/www.bienaldelchaco.org\/2022\/?p=8649"},"modified":"2022-03-09T16:53:09","modified_gmt":"2022-03-09T19:53:09","slug":"resistencia-gustavo-martinez-declaro-patrimonio-cultural-municipal-dos-obras-de-fabriciano-gomez-en-el-dia-internacional-del-escultor","status":"publish","type":"post","link":"https:\/\/www.bienaldelchaco.org\/2022\/resistencia-gustavo-martinez-declaro-patrimonio-cultural-municipal-dos-obras-de-fabriciano-gomez-en-el-dia-internacional-del-escultor\/","title":{"rendered":"Resistencia: Gustavo Mart\u00ednez declar\u00f3 patrimonio cultural municipal dos obras de Fabriciano G\u00f3mez en el D\u00eda Internacional del Escultor"},"content":{"rendered":"<p>En el <strong>Club Social, c<\/strong>on la presencia de<strong>\u00a0Gustavo Mart\u00ednez<\/strong>, se realiz\u00f3 un homenaje a los escultores en su d\u00eda, y se hizo un especial homenaje a\u00a0<strong>Fabriciano G\u00f3mez\u00a0<\/strong>declarando sus obras\u00a0<strong>\u201cInmaculada\u201d y \u201cSan Fernando\u201d<\/strong>\u00a0como patrimonio cultural municipal.<\/p>\n<p><!--more-->[vc_row css_animation=&#8221;&#8221; row_type=&#8221;row&#8221; use_row_as_full_screen_section=&#8221;no&#8221; type=&#8221;full_width&#8221; angled_section=&#8221;no&#8221; text_align=&#8221;left&#8221; background_image_as_pattern=&#8221;without_pattern&#8221;][vc_column][vc_column_text]Esta proclamaci\u00f3n municipal de ambas esculturas es el primer paso para lograr el objetivo final que es que sean pregonadas como patrimonio cultural nacional.<\/p>\n<p>Adem\u00e1s del\u00a0<strong>Intendente de Resistencia participaron el presidente del Instituto de Cultura del Chaco, Francisco \u201cTete\u201d Romero; el presidente de Fundaci\u00f3n Urunday, Jos\u00e9 Eidman; la presidenta del Club Social, Marilyn Crist\u00f3fani; el concejal Carlos Salom; el arzobispo Alfredo Ram\u00f3n Dus; y la arquitecta Luciana Sudar Klappenbach.<\/strong><\/p>\n<p><strong>Gustavo Mart\u00ednez<\/strong>\u00a0sostuvo que \u201ceste acto fue un reconocimiento para todos los escultores y hacedores culturales, y en especial a la vida y a la obra de Frabriciano G\u00f3mez que fue uno de los principales iconos del quehacer escult\u00f3rico, emblema del Chaco y embajador de nuestro arte ante el mundo\u201d.<\/p>\n<p>En igual sentido, precis\u00f3 que \u201cla gesti\u00f3n municipal apoy\u00f3 lo propiciado por la comunidad art\u00edstica para poder gestionar como patrimonio escult\u00f3rico de inter\u00e9s nacional dos obras emblem\u00e1ticas como son la \u201cInmaculada\u201d y el \u201cSan Fernando\u201d.<\/p>\n<p>Asimismo, expres\u00f3 que \u201cla pr\u00f3xima Bienal tendr\u00e1 una connotaci\u00f3n sentimental muy especial porque Fabriciano siempre va a ser nuestro \u00edcono y emblema cultural\u201d.<\/p>\n<p>Por su parte, Francisco Romero se\u00f1al\u00f3: \u201cLa presidenta de la Comisi\u00f3n Nacional de Monumentos, Teresa Anchorena, nos propuso que una escultura de Fabriciano G\u00f3mez que eligiera Resistencia fuera declarada como patrimonio cultural nacional\u201d, y agreg\u00f3 que la idea es inaugurar la Bienal declarando la escultura seleccionada como monumento nacional y patrimonio cultural.<\/p>\n<p>Eidman sostuvo que \u201clas declaraciones como patrimonio cultural de estas obras de arte de Fabriciano fueron un hecho hist\u00f3rico, y es el paso necesario para que sean declaradas patrimonios culturales nacionales\u201d, y ampli\u00f3 diciendo que \u201cFabriciano es una persona que est\u00e1 presente todo el tiempo en sus trabajos art\u00edsticos\u201d.<\/p>\n<p>Crist\u00f3fani indic\u00f3: \u201cSe reconoci\u00f3 a todos los escultores chaque\u00f1os, pero principalmente a Fabriciano G\u00f3mez que parti\u00f3 hace muy poco tiempo y que nos dej\u00f3 un legado extraordinario que debemos continuar\u201d, y a\u00f1adi\u00f3 que \u201ces un desaf\u00edo tremendo para los que llevan adelante su enorme trabajo, y que permiti\u00f3 colocar a la provincia del Chaco en el mapa cultural del mundo\u201d.<\/p>\n<p>El arzobispo de Resistencia coment\u00f3 que \u201ces necesario recordar a Fabriciano y su trayectoria, la cercan\u00eda que ten\u00eda con las personas, con la iglesia y con la realidad de Resistencia\u201d, y finaliz\u00f3 subrayando que \u201cfue una persona de una gran humanidad animado por una fe grande en dios y en la gente\u201d.[\/vc_column_text][vc_empty_space][vc_column_text]Fuente:\u00a0 <a href=\"https:\/\/chacoenlineainforma.com\/resistencia-gustavo-martinez-declaro-patrimonio-cultural-municipal-dos-obras-de-fabriciano-gomez-en-el-dia-internacional-del-escultor\/\" target=\"_blank\" rel=\"noopener\">https:\/\/chacoenlineainforma.com\/resistencia-gustavo-martinez-declaro-patrimonio-cultural-municipal-dos-obras-de-fabriciano-gomez-en-el-dia-internacional-del-escultor\/<\/a><\/p>\n[\/vc_column_text][vc_empty_space][\/vc_column][\/vc_row]\n","protected":false},"excerpt":{"rendered":"<p>En el Club Social, con la presencia de\u00a0Gustavo Mart\u00ednez, se realiz\u00f3 un homenaje a los escultores en su d\u00eda, y se hizo un especial homenaje a\u00a0Fabriciano G\u00f3mez\u00a0declarando sus obras\u00a0\u201cInmaculada\u201d y \u201cSan Fernando\u201d\u00a0como patrimonio cultural municipal.<\/p>\n","protected":false},"author":3,"featured_media":8650,"comment_status":"closed","ping_status":"closed","sticky":false,"template":"","format":"standard","meta":{"footnotes":""},"categories":[6],"tags":[],"_links":{"self":[{"href":"https:\/\/www.bienaldelchaco.org\/2022\/wp-json\/wp\/v2\/posts\/8649"}],"collection":[{"href":"https:\/\/www.bienaldelchaco.org\/2022\/wp-json\/wp\/v2\/posts"}],"about":[{"href":"https:\/\/www.bienaldelchaco.org\/2022\/wp-json\/wp\/v2\/types\/post"}],"author":[{"embeddable":true,"href":"https:\/\/www.bienaldelchaco.org\/2022\/wp-json\/wp\/v2\/users\/3"}],"replies":[{"embeddable":true,"href":"https:\/\/www.bienaldelchaco.org\/2022\/wp-json\/wp\/v2\/comments?post=8649"}],"version-history":[{"count":1,"href":"https:\/\/www.bienaldelchaco.org\/2022\/wp-json\/wp\/v2\/posts\/8649\/revisions"}],"predecessor-version":[{"id":8651,"href":"https:\/\/www.bienaldelchaco.org\/2022\/wp-json\/wp\/v2\/posts\/8649\/revisions\/8651"}],"wp:featuredmedia":[{"embeddable":true,"href":"https:\/\/www.bienaldelchaco.org\/2022\/wp-json\/wp\/v2\/media\/8650"}],"wp:attachment":[{"href":"https:\/\/www.bienaldelchaco.org\/2022\/wp-json\/wp\/v2\/media?parent=8649"}],"wp:term":[{"taxonomy":"category","embeddable":true,"href":"https:\/\/www.bienaldelchaco.org\/2022\/wp-json\/wp\/v2\/categories?post=8649"},{"taxonomy":"post_tag","embeddable":true,"href":"https:\/\/www.bienaldelchaco.org\/2022\/wp-json\/wp\/v2\/tags?post=8649"}],"curies":[{"name":"wp","href":"https:\/\/api.w.org\/{rel}","templated":true}]}}