{"id":8925,"date":"2022-04-27T13:22:37","date_gmt":"2022-04-27T16:22:37","guid":{"rendered":"https:\/\/www.bienaldelchaco.org\/2022\/?p=8925"},"modified":"2022-04-27T13:23:44","modified_gmt":"2022-04-27T16:23:44","slug":"vuelve-la-bienal-de-chaco-el-gran-encuentro-artistico-se-realizara-en-el-mes-de-julio","status":"publish","type":"post","link":"https:\/\/www.bienaldelchaco.org\/2022\/vuelve-la-bienal-de-chaco-el-gran-encuentro-artistico-se-realizara-en-el-mes-de-julio\/","title":{"rendered":"Vuelve la Bienal de Chaco: el gran encuentro art\u00edstico se realizar\u00e1 en el mes de julio"},"content":{"rendered":"<p>Hoy en el CCK, funcionarios, artistas y organizadores presentaron este esperado ciclo, adem\u00e1s del IV Festival Filarm\u00f3nico Juvenil que forma parte de la Bienal<\/p>\n<p><!--more-->[vc_row css_animation=&#8221;&#8221; row_type=&#8221;row&#8221; use_row_as_full_screen_section=&#8221;no&#8221; type=&#8221;full_width&#8221; angled_section=&#8221;no&#8221; text_align=&#8221;left&#8221; background_image_as_pattern=&#8221;without_pattern&#8221;][vc_column][vc_column_text]\n<p class=\"paragraph\">El ministro de Cultura de la Naci\u00f3n\u00a0<b>Trist\u00e1n Bauer<\/b>, el presidente del Instituto de Cultura del Chaco\u00a0<b>Francisco<\/b>\u00a0<b>Romero<\/b>, el presidente del Fundaci\u00f3n Urunday y del Comit\u00e9 Organizador de la Bienal del Chaco<b>\u00a0Jos\u00e9 Eidman\u00a0<\/b>y la secretaria de Desarrollo Cultural<b>\u00a0Lucrecia Cardoso<\/b>\u00a0estuvieron presentes hoy al mediod\u00eda en el CCK. Juntos, presentaron la Bienal de Chaco, su esperado regreso.<\/p>\n<p class=\"paragraph\">Tambi\u00e9n presentaron el IV Festival Filarm\u00f3nico Juvenil, que se realiza dentro de la Bienal. Adem\u00e1s, un homenaje al escultor chaque\u00f1o<b>\u00a0Fabriciano G\u00f3mez<\/b>\u00a0y una gala l\u00edrica con la reconocida soprano\u00a0<b>Daniela<\/b>\u00a0<b>Tabernig<\/b>. La Bienal del Chaco se realizar\u00e1 en el mes de julio, entre el 16 y 23.<\/p>\n<p class=\"paragraph\">\u201cUna manifestaci\u00f3n internacional de arte contempor\u00e1neo que re\u00fane artistas y pueblo en un mismo espacio, conectando de manera potente a la gente con el arte y la naturaleza\u201d. As\u00ed se define esta Bienal. Todo es con entrada libre y gratuita.<\/p>\n<p class=\"paragraph\">Durante esa semana se realizan la XII Bienal Internacional de Escultura; el VIII Encuentro de Escultores Invitados; el VIII Concurso de Escultura para Estudiantes de Artes; el III Congreso Internacional de Artes; el II Seminario de Arte, Derecho, Patrimonio y Urbanismo; el I Congreso Internacional de Derecho del Arte; el IV Festival Filarm\u00f3nico Juvenil; el V Encuentro de Maestros Artesanos Argentinos; y el VII Encuentro de Artesanos de Pueblos Originarios.<\/p>\n<p class=\"paragraph\">Complementariamente, otras actividades y expresiones plurales del arte y la cultura son los ciclos de artes esc\u00e9nicas y artes combinadas, cursos, conferencias magistrales, muestras individuales y colectivas, feria de artesan\u00eda y dise\u00f1o, y gastronom\u00eda regional.<\/p>\n<p class=\"paragraph\">Durante la presentaci\u00f3n en el CCK, hubo m\u00fasica con\u00a0<b>Daniela Tabernig\u00a0<\/b>(soprano),\u00a0<b>Karmen Rencar\u00a0<\/b>(violonchelo),\u00a0<b>Marcelo<\/b>\u00a0<b>Ayub\u00a0<\/b>(piano) y\u00a0<b>Alejandro Acosta<\/b>\u00a0(thereming-box). El programa musical incluy\u00f3 a\u00a0<b>Rachmaninoff, Puccini, Dvorak, Ram\u00f3n Sixto R\u00edos, Bloch<\/b>\u00a0y<b>\u00a0Piazzola<\/b>.<\/p>\n[\/vc_column_text][vc_empty_space height=&#8221;60px&#8221;][vc_gallery interval=&#8221;3&#8243; images=&#8221;8926,8927,8928&#8243; img_size=&#8221;full&#8221;][vc_empty_space][vc_empty_space][vc_column_text]Fuente: <a href=\"https:\/\/www.infobae.com\/cultura\/2022\/04\/25\/vuelve-la-bienal-de-chaco-el-gran-encuentro-artistico-se-realizara-en-el-mes-de-julio\/\" target=\"_blank\" rel=\"noopener\">https:\/\/www.infobae.com\/cultura\/2022\/04\/25\/vuelve-la-bienal-de-chaco-el-gran-encuentro-artistico-se-realizara-en-el-mes-de-julio\/<\/a>[\/vc_column_text][\/vc_column][\/vc_row]\n","protected":false},"excerpt":{"rendered":"<p>Hoy en el CCK, funcionarios, artistas y organizadores presentaron este esperado ciclo, adem\u00e1s del IV Festival Filarm\u00f3nico Juvenil que forma parte de la Bienal<\/p>\n","protected":false},"author":3,"featured_media":8926,"comment_status":"closed","ping_status":"closed","sticky":false,"template":"","format":"standard","meta":{"footnotes":""},"categories":[6],"tags":[],"_links":{"self":[{"href":"https:\/\/www.bienaldelchaco.org\/2022\/wp-json\/wp\/v2\/posts\/8925"}],"collection":[{"href":"https:\/\/www.bienaldelchaco.org\/2022\/wp-json\/wp\/v2\/posts"}],"about":[{"href":"https:\/\/www.bienaldelchaco.org\/2022\/wp-json\/wp\/v2\/types\/post"}],"author":[{"embeddable":true,"href":"https:\/\/www.bienaldelchaco.org\/2022\/wp-json\/wp\/v2\/users\/3"}],"replies":[{"embeddable":true,"href":"https:\/\/www.bienaldelchaco.org\/2022\/wp-json\/wp\/v2\/comments?post=8925"}],"version-history":[{"count":1,"href":"https:\/\/www.bienaldelchaco.org\/2022\/wp-json\/wp\/v2\/posts\/8925\/revisions"}],"predecessor-version":[{"id":8929,"href":"https:\/\/www.bienaldelchaco.org\/2022\/wp-json\/wp\/v2\/posts\/8925\/revisions\/8929"}],"wp:featuredmedia":[{"embeddable":true,"href":"https:\/\/www.bienaldelchaco.org\/2022\/wp-json\/wp\/v2\/media\/8926"}],"wp:attachment":[{"href":"https:\/\/www.bienaldelchaco.org\/2022\/wp-json\/wp\/v2\/media?parent=8925"}],"wp:term":[{"taxonomy":"category","embeddable":true,"href":"https:\/\/www.bienaldelchaco.org\/2022\/wp-json\/wp\/v2\/categories?post=8925"},{"taxonomy":"post_tag","embeddable":true,"href":"https:\/\/www.bienaldelchaco.org\/2022\/wp-json\/wp\/v2\/tags?post=8925"}],"curies":[{"name":"wp","href":"https:\/\/api.w.org\/{rel}","templated":true}]}}