{"id":9271,"date":"2022-05-23T14:51:12","date_gmt":"2022-05-23T17:51:12","guid":{"rendered":"https:\/\/www.bienaldelchaco.org\/2022\/?p=9271"},"modified":"2022-05-23T14:55:25","modified_gmt":"2022-05-23T17:55:25","slug":"vuelve-la-bienal-internacional-de-escultura-en-este-invierno-chaqueno","status":"publish","type":"post","link":"https:\/\/www.bienaldelchaco.org\/2022\/vuelve-la-bienal-internacional-de-escultura-en-este-invierno-chaqueno\/","title":{"rendered":"Vuelve la Bienal Internacional de Escultura en este invierno chaque\u00f1o"},"content":{"rendered":"<p>La <strong>XII Bienal Internacional de Escultura 2022<\/strong>\u00a0se realizar\u00e1 desde el s\u00e1bado 16 de julio hasta el s\u00e1bado 23 de julio en el predio de 14 hect\u00e1reas del parque 2 de Febrero.<\/p>\n<div class=\"td-module-meta-info\"><\/div>\n<p><!--more-->[vc_row css_animation=&#8221;&#8221; row_type=&#8221;row&#8221; use_row_as_full_screen_section=&#8221;no&#8221; type=&#8221;full_width&#8221; angled_section=&#8221;no&#8221; text_align=&#8221;left&#8221; background_image_as_pattern=&#8221;without_pattern&#8221;][vc_column][vc_column_text]Una manifestaci\u00f3n internacional de arte contempor\u00e1neo que re\u00fane artistas y pueblo en un mismo espacio, conectando de manera potente a la gente con el arte y la naturaleza.<br \/>\nHe all\u00ed su car\u00e1cter excepcional, su identidad que la distingue de las otras competencias escult\u00f3ricas a cielo abierto del mundo.<\/p>\n<p>Esta fiesta art\u00edstica, cultural y fraterna, producto del trabajo mancomunado del comit\u00e9 organizador -Fundaci\u00f3n Urunday y Gobierno de la provincia del Chaco-, con el acompa\u00f1amiento del Municipio de Resistencia, instituciones, empresariado y la participaci\u00f3n masiva del pueblo chaque\u00f1o que la convierte en competencia art\u00edstica y fiesta popular, marca distintiva entre sus an\u00e1logos del planeta.<\/p>\n<p>De la edici\u00f3n 2022, participan: de Albania, Genti Tavanxhiu; de Alemania, Verena Mayer-Tasch, de Argentina: Juan Pablo Marturano, de M\u00e9xico: David Bucio, de Corea del Sur, Sodong Choe; de Eslovenia, Arijel Strukelj ; de Georgia, Jhon Gogaberishvili; de Ruman\u00eda, Petre Virgiliu Mogosanu; de Turqu\u00eda, Ebru Akinci y de Ucrania, Ihor Tkachivskyi.<\/p>\n<p>Durante una semana intensa estos invitados de lujo trabajar\u00e1n a cielo abierto y a ojos del p\u00fablico. El material de la faena es el m\u00e1rmol travertino extra\u00eddo de las canteras de San Juan, de un importante tama\u00f1o: 1,50 x0,60 x 0,60.<\/p>\n<p>El jurado est\u00e1 integrado por: Le\u00f3n Saavedra Geuer de Bolivia, Francisco Gazitua de Chile y Todor Todorov de Bulgaria.<\/p>\n<p>&nbsp;<\/p>\n<p><strong>M\u00e1s que una competencia art\u00edstica<\/strong><\/p>\n<p>Alrededor de la competencia internacional, con los a\u00f1os de experiencia y la voluntad de hacer del arte un bien de todos, se ha ensanchado la oferta cultural en otras manifestaciones escult\u00f3ricas, pero tambi\u00e9n acad\u00e9micas, de artes esc\u00e9nicas, de econom\u00eda cultural, de ocio y esparcimiento. Por eso se habla de una gran fiesta.<\/p>\n<p>En esta edici\u00f3n se suman: el VIII Encuentro de Escultores Invitados, el VIII Concurso de Escultura para Estudiantes de Artes, el III Congreso Internacional de Artes, el II Seminario de Arte, Derecho, Patrimonio y Urbanismo, el I Congreso Internacional de Derecho del Arte, el IV Festival Filarm\u00f3nico Juvenil, el V Encuentro de Maestros Artesanos Argentinos, el VII Encuentro de Artesanos de Pueblos Originarios.<\/p>\n<p>La Bienal 2022 se complementa con otras actividades y expresiones: artes esc\u00e9nicas, artes combinadas, cursos, talleres y conferencias magistrales, muestras individuales y colectivas, feria de artesan\u00eda y dise\u00f1o, gastronom\u00eda regional.<\/p>\n<p>Todas las actividades y propuestas son de\u00a0<strong>acceso libre y gratuito<\/strong>. De lugares tan lejanos y ex\u00f3ticos como Ruman\u00eda o Corea del Sur, o Turqu\u00eda, llegan los escultores seleccionados de entre 224 provenientes de 70 pa\u00edses.<\/p>\n<p>Se colige que los seleccionados por la Fundaci\u00f3n Urunday -que sostiene la antorcha del Ateneo del Chaco, el Fog\u00f3n de los Arrieros y Coproar- son figuras de renombre y fama, para que estas obras que pasan al patrimonio resistenciano se sumen al museo al aire libre como piezas valiosas.<\/p>\n<p>Pero tambi\u00e9n se producen esculturas realizadas por los siete artistas nacionales invitados que, a diferencia de los internacionales, tienen libertad de elecci\u00f3n en t\u00e9cnicas y materiales. Ellos son: Norma Siguelboim; Juan Sorrentino; Fabiana Larrea; Alejandro Arce; M\u00f3nica Souza; Gerardo Suter y M\u00e1ximo Vargas G\u00f3mez.<\/p>\n<div class=\"center large m_image\">\n<figure><picture><source srcset=\"https:\/\/www.diarionorte.com\/content\/bucket\/4\/290784w770h1200.jpg\" media=\"(min-width: 1200px)\" \/><source srcset=\"https:\/\/www.diarionorte.com\/content\/bucket\/4\/290784w570h1000.jpg\" media=\"(min-width: 960px)\" \/><source srcset=\"https:\/\/www.diarionorte.com\/content\/bucket\/4\/290784w680h900.jpg\" media=\"(min-width: 640px)\" \/><\/picture><figcaption><img loading=\"lazy\" decoding=\"async\" class=\"alignleft size-full wp-image-9272\" src=\"https:\/\/www.bienaldelchaco.org\/2022\/wp-content\/uploads\/2022\/05\/290784w770h1200.jpg\" alt=\"\" width=\"770\" height=\"487\" srcset=\"https:\/\/www.bienaldelchaco.org\/2022\/wp-content\/uploads\/2022\/05\/290784w770h1200.jpg 770w, https:\/\/www.bienaldelchaco.org\/2022\/wp-content\/uploads\/2022\/05\/290784w770h1200-300x190.jpg 300w, https:\/\/www.bienaldelchaco.org\/2022\/wp-content\/uploads\/2022\/05\/290784w770h1200-768x486.jpg 768w, https:\/\/www.bienaldelchaco.org\/2022\/wp-content\/uploads\/2022\/05\/290784w770h1200-700x443.jpg 700w\" sizes=\"(max-width: 770px) 100vw, 770px\" \/>En el Premio Desaf\u00edo \u201cHierros L\u00edder\u201d, estudiantes de arte de todo el pa\u00eds compiten durante 48 horas corridas.<\/figcaption><\/figure>\n<\/div>\n<p>&nbsp;<br \/>\n<strong>Premio Desaf\u00edo &#8220;Hierros Lider&#8221;<\/strong><\/p>\n<p>Una de las extensiones m\u00e1s pr\u00f3digas de la Bienal del Chaco, es el Premio Desaf\u00edo &#8220;Hierros L\u00edder&#8221;, un concurso que ya es un cl\u00e1sico de las bienales y que produce una gran expectativa en las academias y facultades de arte del pa\u00eds. Un verdadero desaf\u00edo que tiene por protagonistas a estudiantes avanzados de carreras de arte, con la consigna de realizar una escultura en el transcurso de 48 horas continuadas.<\/p>\n<p>El engranaje Desaf\u00edo funciona as\u00ed: Con un promedio de participaci\u00f3n de 20 provincias argentinas los equipos se conforman de tres miembros, uno de los cuales, es capit\u00e1n. Trabajan una madera dura o semidura en un espacio a cielo abierto y bajo cualquier circunstancia clim\u00e1tica por el lapso de 48 horas corridas.<\/p>\n<p>La experiencia para estos j\u00f3venes estudiantes es abrumadora, no s\u00f3lo por el desaf\u00edo exhaustivo de trabajo sino porque son parte y viven a pleno una bienal internacional (muchos de ellos, en el futuro ser\u00e1n los artistas de su tiempo); coinciden, se vinculan y aprenden de esos grandes escultores del mundo que a metros en la arena de competici\u00f3n transforman el m\u00e1rmol en arte. Y con el plus de un p\u00fablico generoso que &#8220;le hace el aguante&#8221; en la dura competencia. Una experiencia, realmente superlativa.<\/p>\n<p>&nbsp;<\/p>\n<p><strong>Los saberes y lo intelectual<\/strong><\/p>\n<p>El esparcimiento y el disfrute que produce el desandar de las familias, amigos, delegaciones de diversa \u00edndole, turistas nacionales e internacionales por la bienal durante esa semana de julio, puede tomar alas y convertirse en fuente de saberes.<\/p>\n<p>Ya que otra de las apuestas fuertes de la Bienal, es profundizar en el amplio universo art\u00edstico. Y es lo que propone La Facultad de Artes, Dise\u00f1o y Ciencias de la Cultura de la Universidad Nacional del Nordeste, con el III Congreso Internacional de Artes: un espacio de intercambio y discusi\u00f3n, aportando a la Bienal dimensi\u00f3n acad\u00e9mica y cient\u00edfica.<\/p>\n<p>Asimismo, el Congreso Internacional de Derecho del Arte, una actividad acad\u00e9mica in\u00e9dita en el pa\u00eds promovido por el Poder Legislativo del Chaco y organizado en colaboraci\u00f3n por las Facultades de Derecho de la Universidad Nacional del Nordeste y la Universidad Nacional de Rosario<\/p>\n<p>O el Seminario De Arte, Derecho, Patrimonio Y Urbanismo, coordinado por el Centro de Estudios de la Fundaci\u00f3n Urunday, para comprender las relaciones entre la Filosof\u00eda, el Derecho, la Protecci\u00f3n Patrimonial y el Urbanismo, motivado por el fen\u00f3meno singular de las obras de arte ubicadas en el espacio p\u00fablico.<\/p>\n<p>No menos atractivos, los ciclos de cursos, talleres y conferencias magistrales, que se desgranan durante toda la semana en el predio del parque 2 de Febrero pero tambi\u00e9n en otros espacios de la ciudad.<\/p>\n<p>&nbsp;<\/p>\n<p><strong>La ciudad respira arte<\/strong><\/p>\n<p>La grilla art\u00edstica se completa con dos muestras tradicionales &#8220;Expresiones escult\u00f3ricas chaque\u00f1as&#8221; de la Asociaci\u00f3n de Escultores Chaque\u00f1os y la exposici\u00f3n &#8220;Escultores del mundo&#8221; con obras en peque\u00f1o formato de los artistas que compiten en la Bienal.<br \/>\nUn espacio que a lo largo de las bienales adquiere biselado es el nicho de las artes combinadas, un acercamiento a nuevos conceptos y est\u00e9ticas del arte contempor\u00e1neo, atravesado por la tecnolog\u00eda.<\/p>\n<p>Las nuevas tecnolog\u00edas recrean y redefinen los g\u00e9neros y lenguajes art\u00edsticos. En ese marco, habr\u00e1 producciones de diversos artistas locales e internacionales, docentes y alumnos, en donde se fusionan transversalmente, diferentes disciplinas tradicionales.<\/p>\n<p>Organizado por la Fundaci\u00f3n Pradier &#8211; Redes Culturales y con el apoyo de las Embajadas de Alemania, Espa\u00f1a y Estados Unidos, tiene lugar en la Bienal 2022 el 4\u00ba Festival Filarm\u00f3nico Juvenil que propone &#8220;La experiencia del arte y la m\u00fasica entre todos&#8221;. Una semana de formaci\u00f3n intensiva para m\u00fasicos y broche de ciclo de conciertos p\u00fablicos.<\/p>\n<p>Participan 120 j\u00f3venes en un campamento a orillas del r\u00edo Negro, junto a destacados m\u00fasicos y profesores de Argentina, Espa\u00f1a, Estados Unidos, Austria y Alemania.<br \/>\nTal como el premio Desaf\u00edo, otra experiencia superlativa para los j\u00f3venes que aman la m\u00fasica.<\/p>\n<p>&nbsp;<\/p>\n<p><strong>Escena y tablado<\/strong><\/p>\n<p>Las artes esc\u00e9nicas es otro plato fuerte de la bienal chaque\u00f1a y para ello se han dise\u00f1ado cinco escenarios en el predio. El teatro, la m\u00fasica y la danza tienen en todas las jornadas presencia generosa. Algunas de las estrellas son el Ballet Ferrazano, la compa\u00f1\u00eda Duartango, La Fundaci\u00f3n Cultural Galatea, la obra &#8220;Somos Chac\u00fa&#8221; compuesta por el Ballet Contempor\u00e1neo del Chaco y el Coro Chelaalapi, Anacrusa con Jos\u00e9 Luis Casti\u00f1eira de Dios y Nahuel Pennisi.<\/p>\n<p>Rengl\u00f3n aparte amerita mencionarse la Novena Sinfon\u00eda de Beethoven, una ambiciosa y esperada producci\u00f3n de la Orquesta Sinf\u00f3nica Del Chaco y El Coro Polif\u00f3nico De Resistencia.<\/p>\n<p>&nbsp;<\/p>\n<p><strong>Reafirmar la identidad cultural<\/strong><\/p>\n<p>El compromiso de la Bienal con la reafirmaci\u00f3n de la identidad cultural y la protecci\u00f3n de nuestros valores y saberes se materializa, una vez m\u00e1s, en el 5\u00ba Encuentro de Maestros Artesanos Argentinos y el 7\u00ba Encuentro de Artesanos de Pueblos Originarios.<\/p>\n<p>Participan m\u00e1s de 50 Maestros Artesanos de Argentina e invitados especiales de distintos pa\u00edses, teniendo el privilegio nuestra provincia de tener renombrados y premiados maestros artesanos de pueblos originarios.<\/p>\n<p>En esta vertiente se acopla la participaci\u00f3n de una Feria de Dise\u00f1o, Gastronom\u00eda Regional y una Expo Industria y Comercio, que re\u00fane a m\u00e1s de 400 expositores.<\/p>\n<p>&nbsp;<\/p>\n<p><strong>Fabriciano G\u00f3mez: el transformador de la cultura chaque\u00f1a<\/strong><\/p>\n<p>La Bienal est\u00e1 catalogada entre las tres mejores bienales del mundo bajo su caracter\u00edstica de competencia a cielo abierto, pero, adem\u00e1s, \u00fanica en su concepci\u00f3n virtuosa ya que las esculturas realizadas por afamados artistas del mundo tienen por destino el espacio p\u00fablico de la ciudad.<\/p>\n<div class=\"center large m_image\">\n<figure><picture><source srcset=\"https:\/\/www.diarionorte.com\/content\/bucket\/3\/290783w770h1200.jpg\" media=\"(min-width: 1200px)\" \/><source srcset=\"https:\/\/www.diarionorte.com\/content\/bucket\/3\/290783w570h1000.jpg\" media=\"(min-width: 960px)\" \/><source srcset=\"https:\/\/www.diarionorte.com\/content\/bucket\/3\/290783w680h900.jpg\" media=\"(min-width: 640px)\" \/><\/picture><\/figure>\n<figure><figcaption><img loading=\"lazy\" decoding=\"async\" class=\"alignleft size-full wp-image-9273\" src=\"https:\/\/www.bienaldelchaco.org\/2022\/wp-content\/uploads\/2022\/05\/290783w770h1200.jpg\" alt=\"\" width=\"770\" height=\"491\" srcset=\"https:\/\/www.bienaldelchaco.org\/2022\/wp-content\/uploads\/2022\/05\/290783w770h1200.jpg 770w, https:\/\/www.bienaldelchaco.org\/2022\/wp-content\/uploads\/2022\/05\/290783w770h1200-300x191.jpg 300w, https:\/\/www.bienaldelchaco.org\/2022\/wp-content\/uploads\/2022\/05\/290783w770h1200-768x490.jpg 768w, https:\/\/www.bienaldelchaco.org\/2022\/wp-content\/uploads\/2022\/05\/290783w770h1200-700x446.jpg 700w\" sizes=\"(max-width: 770px) 100vw, 770px\" \/><br \/>\nLa bienal es, sin duda alguna, el legado de Fabriciano que estar\u00e1 en cada uno de quienes asistan y disfruten del arte.<\/figcaption><\/figure>\n<\/div>\n<p>Lo que significa que esta bienal alimenta el acervo escult\u00f3rico de la proclamada capital nacional de las esculturas, con 650 piezas en sus veredas y parques (de las cuales m\u00e1s de 500 son productos de los concursos de esculturas y bienales). Y con obras valiosas y de calidad.<\/p>\n<p>\u00a1<strong>Cu\u00e1n cierto el poder transformador del arte<\/strong>! En apenas 34 a\u00f1os, Resistencia ha internalizado \u2013y expuesto- su amor al arte, ha consolidado una identidad esposada al ciudadano que tiene hacia la escultura una valoraci\u00f3n, un respeto, una\u2026 debilidad. Esta bienal, llamada del pueblo, es su signo.<\/p>\n<p>No se puede soslayar que la muerte del alma mater de este concurso, Fabriciano, el de brillante genio, caus\u00f3 un temblor de angustias.<\/p>\n<p>\u00c9l trajo la ocurrencia de replicar lo que ve\u00eda por el mundo cuando iba a competir a los concursos internacionales. Si contextualizamos, hace tres d\u00e9cadas y media, la idea de ver durante una semana a escultores trabajar al aire libre con sus tronantes m\u00e1quinas y empapando de aserr\u00edn al curioso, era un poco disparatada y riesgosa.<\/p>\n<p>Fabriciano, con su fe, su poder de persuasi\u00f3n, su \u00e9tica intachable, su inteligencia aplicada, su tes\u00f3n trabajador por la ciudad que tanto amaba, fue el que so\u00f1\u00f3 esta bienal que ya no necesita adjetivaciones.<\/p>\n<p>Es una bienal reconocida y respetada por las instituciones y los escultores del mundo, con un tr\u00e1nsito de 600 mil visitas durante la semana (en la \u00faltima edici\u00f3n 2018), que genera una arrolladora industria cultural.<\/p>\n<p>La cronolog\u00eda nos recuerda que en el 2020 por la pandemia del covid por primera vez se suspendi\u00f3 la Bienal. Y en 2021 muri\u00f3 Fabriciano G\u00f3mez. Por eso se escucha decir, con tino: &#8220;Es la bienal de Fabriciano y sin Fabriciano&#8221;, as\u00ed como otras voces completan: &#8220;La Bienal es su legado&#8221;.[\/vc_column_text][vc_empty_space][vc_column_text]Fuente: <a href=\"https:\/\/www.diarionorte.com\/218097-vuelve-la-bienal-internacional-de-escultura-en-este-invierno-chaqueno\" target=\"_blank\" rel=\"noopener\">https:\/\/www.diarionorte.com\/218097-vuelve-la-bienal-internacional-de-escultura-en-este-invierno-chaqueno<\/a>[\/vc_column_text][vc_empty_space][\/vc_column][\/vc_row]\n","protected":false},"excerpt":{"rendered":"<p>La XII Bienal Internacional de Escultura 2022\u00a0se realizar\u00e1 desde el s\u00e1bado 16 de julio hasta el s\u00e1bado 23 de julio en el predio de 14 hect\u00e1reas del parque 2 de Febrero.<\/p>\n","protected":false},"author":3,"featured_media":9274,"comment_status":"closed","ping_status":"closed","sticky":false,"template":"","format":"standard","meta":{"footnotes":""},"categories":[6],"tags":[],"_links":{"self":[{"href":"https:\/\/www.bienaldelchaco.org\/2022\/wp-json\/wp\/v2\/posts\/9271"}],"collection":[{"href":"https:\/\/www.bienaldelchaco.org\/2022\/wp-json\/wp\/v2\/posts"}],"about":[{"href":"https:\/\/www.bienaldelchaco.org\/2022\/wp-json\/wp\/v2\/types\/post"}],"author":[{"embeddable":true,"href":"https:\/\/www.bienaldelchaco.org\/2022\/wp-json\/wp\/v2\/users\/3"}],"replies":[{"embeddable":true,"href":"https:\/\/www.bienaldelchaco.org\/2022\/wp-json\/wp\/v2\/comments?post=9271"}],"version-history":[{"count":4,"href":"https:\/\/www.bienaldelchaco.org\/2022\/wp-json\/wp\/v2\/posts\/9271\/revisions"}],"predecessor-version":[{"id":9278,"href":"https:\/\/www.bienaldelchaco.org\/2022\/wp-json\/wp\/v2\/posts\/9271\/revisions\/9278"}],"wp:featuredmedia":[{"embeddable":true,"href":"https:\/\/www.bienaldelchaco.org\/2022\/wp-json\/wp\/v2\/media\/9274"}],"wp:attachment":[{"href":"https:\/\/www.bienaldelchaco.org\/2022\/wp-json\/wp\/v2\/media?parent=9271"}],"wp:term":[{"taxonomy":"category","embeddable":true,"href":"https:\/\/www.bienaldelchaco.org\/2022\/wp-json\/wp\/v2\/categories?post=9271"},{"taxonomy":"post_tag","embeddable":true,"href":"https:\/\/www.bienaldelchaco.org\/2022\/wp-json\/wp\/v2\/tags?post=9271"}],"curies":[{"name":"wp","href":"https:\/\/api.w.org\/{rel}","templated":true}]}}