{"id":9515,"date":"2022-06-10T19:06:31","date_gmt":"2022-06-10T22:06:31","guid":{"rendered":"https:\/\/www.bienaldelchaco.org\/2022\/?p=9515"},"modified":"2022-06-10T19:06:31","modified_gmt":"2022-06-10T22:06:31","slug":"castelli-se-realizo-el-lanzamiento-del-encuentro-internacional-de-escultores-de-el-impenetrable","status":"publish","type":"post","link":"https:\/\/www.bienaldelchaco.org\/2022\/castelli-se-realizo-el-lanzamiento-del-encuentro-internacional-de-escultores-de-el-impenetrable\/","title":{"rendered":"Castelli: se realiz\u00f3 el lanzamiento del Encuentro Internacional de Escultores de El Impenetrable"},"content":{"rendered":"<p>En la ma\u00f1ana de este jueves, con la presencia de la vicegobernadora, <strong>Anal\u00eda Rach Quiroga<\/strong>, el intendente\u00a0<strong>P\u00edo Sander,<\/strong>\u00a0el presidente de la Fundaci\u00f3n Amigos del Arte y Turismo,\u00a0<strong>Ren\u00e9 Bertolucci<\/strong>, el presidente de la Fundaci\u00f3n Urunday,\u00a0<strong>Jos\u00e9 Eidman,<\/strong>\u00a0y la presidenta del Concejo\u00a0<strong>Soledad Rach<\/strong>\u00a0se llev\u00f3 adelante el lanzamiento oficial del\u00a0<strong>Encuentro Internacional de Escultores del Impenetrable 2022.<\/strong><\/p>\n<div class=\"td-module-meta-info\"><\/div>\n<p><!--more-->[vc_row css_animation=&#8221;&#8221; row_type=&#8221;row&#8221; use_row_as_full_screen_section=&#8221;no&#8221; type=&#8221;full_width&#8221; angled_section=&#8221;no&#8221; text_align=&#8221;left&#8221; background_image_as_pattern=&#8221;without_pattern&#8221;][vc_column][vc_column_text]Luego de la interrupci\u00f3n a causa de la Pandemia y bajo el lema &#8220;Eternidad&#8221; el tradicional encuentro se llevar\u00e1 a cabo en <strong>Juan Jos\u00e9 Castelli, del 26 al 31 de julio pr\u00f3ximo, y contar\u00e1 con la presencia de artistas de renombre internacional.<\/strong><\/p>\n<div class=\"center large m_image\"><\/div>\n<p>En esta edici\u00f3n, los materiales utilizados para las obras ser\u00e1n: el m\u00e1rmol, el acero y la tradicional madera de palo santo de la zona.<\/p>\n<p>Los artistas esculpir\u00e1n en la\u00a0<strong>Plaza San Mart\u00edn y tendr\u00e1n seis d\u00edas para la realizaci\u00f3n de las obras.<\/strong><\/p>\n<div class=\"center large m_image\"><\/div>\n<p><strong>En simult\u00e1neo se desarrollar\u00e1n diversas actividades paralelas:<\/strong><\/p>\n<ul>\n<li>Talleres para Ni\u00f1os y adultos<\/li>\n<li>Concurso del Pan Castellense<\/li>\n<li>Muestra y degustaci\u00f3n de Comidas t\u00edpicas regionales.<\/li>\n<li>Exposici\u00f3n y venta de artesan\u00edas y comidas regionales.<\/li>\n<li>Feria Franca.<\/li>\n<li>Biblioteca Ambulatoria &#8220;La Andariega&#8221;.<\/li>\n<li>City Tour por atractivos de la ciudad y alrededores.<\/li>\n<li>Espect\u00e1culos Art\u00edsticos Locales y Provinciales.<\/li>\n<\/ul>\n[\/vc_column_text][vc_empty_space][vc_column_text]Fuente:\u00a0<a href=\"https:\/\/www.diariotag.com\/139499-castelli-se-realizo-el-lanzamiento-del-encuentro-internacional-de-escultores-de-el-impenetrable\" target=\"_blank\" rel=\"noopener\"> https:\/\/www.diariotag.com\/139499-castelli-se-realizo-el-lanzamiento-del-encuentro-internacional-de-escultores-de-el-impenetrable<\/a>[\/vc_column_text][vc_empty_space][\/vc_column][\/vc_row]\n","protected":false},"excerpt":{"rendered":"<p>En la ma\u00f1ana de este jueves, con la presencia de la vicegobernadora, Anal\u00eda Rach Quiroga, el intendente\u00a0P\u00edo Sander,\u00a0el presidente de la Fundaci\u00f3n Amigos del Arte y Turismo,\u00a0Ren\u00e9 Bertolucci, el presidente de la Fundaci\u00f3n Urunday,\u00a0Jos\u00e9 Eidman,\u00a0y la presidenta del Concejo\u00a0Soledad Rach\u00a0se llev\u00f3 adelante el lanzamiento oficial&#8230;<\/p>\n","protected":false},"author":3,"featured_media":9516,"comment_status":"closed","ping_status":"closed","sticky":false,"template":"","format":"standard","meta":{"footnotes":""},"categories":[6],"tags":[],"_links":{"self":[{"href":"https:\/\/www.bienaldelchaco.org\/2022\/wp-json\/wp\/v2\/posts\/9515"}],"collection":[{"href":"https:\/\/www.bienaldelchaco.org\/2022\/wp-json\/wp\/v2\/posts"}],"about":[{"href":"https:\/\/www.bienaldelchaco.org\/2022\/wp-json\/wp\/v2\/types\/post"}],"author":[{"embeddable":true,"href":"https:\/\/www.bienaldelchaco.org\/2022\/wp-json\/wp\/v2\/users\/3"}],"replies":[{"embeddable":true,"href":"https:\/\/www.bienaldelchaco.org\/2022\/wp-json\/wp\/v2\/comments?post=9515"}],"version-history":[{"count":1,"href":"https:\/\/www.bienaldelchaco.org\/2022\/wp-json\/wp\/v2\/posts\/9515\/revisions"}],"predecessor-version":[{"id":9517,"href":"https:\/\/www.bienaldelchaco.org\/2022\/wp-json\/wp\/v2\/posts\/9515\/revisions\/9517"}],"wp:featuredmedia":[{"embeddable":true,"href":"https:\/\/www.bienaldelchaco.org\/2022\/wp-json\/wp\/v2\/media\/9516"}],"wp:attachment":[{"href":"https:\/\/www.bienaldelchaco.org\/2022\/wp-json\/wp\/v2\/media?parent=9515"}],"wp:term":[{"taxonomy":"category","embeddable":true,"href":"https:\/\/www.bienaldelchaco.org\/2022\/wp-json\/wp\/v2\/categories?post=9515"},{"taxonomy":"post_tag","embeddable":true,"href":"https:\/\/www.bienaldelchaco.org\/2022\/wp-json\/wp\/v2\/tags?post=9515"}],"curies":[{"name":"wp","href":"https:\/\/api.w.org\/{rel}","templated":true}]}}