{"id":9911,"date":"2022-07-12T19:07:20","date_gmt":"2022-07-12T22:07:20","guid":{"rendered":"https:\/\/www.bienaldelchaco.org\/2022\/?p=9911"},"modified":"2022-07-12T19:08:42","modified_gmt":"2022-07-12T22:08:42","slug":"la-bienal-reunira-a-maestros-artesanos-de-todo-el-pais-que-mostraran-sus-ancestrales-tecnicas-de-trabajo","status":"publish","type":"post","link":"https:\/\/www.bienaldelchaco.org\/2022\/la-bienal-reunira-a-maestros-artesanos-de-todo-el-pais-que-mostraran-sus-ancestrales-tecnicas-de-trabajo\/","title":{"rendered":"La Bienal reunir\u00e1 a maestros artesanos de todo el pa\u00eds, que mostrar\u00e1n sus ancestrales t\u00e9cnicas de trabajo"},"content":{"rendered":"<p>Cada vez queda menos para la Bienal Escultural que se realizar\u00e1 del 16 al 23 de julio en el Museum del domo del Centenario y el Parque 2 de Febrero en Resistencia. La magnitud del evento tambi\u00e9n trae aparejada otras actividades que tendr\u00e1n una repercusi\u00f3n nacional e internacional. Por ejemplo, durante esa semana, tendr\u00e1n lugar: el V\u00ba Encuentro de Maestras y maestros Artesanos Argentinos, el VII\u00ba Encuentro de Artesanas y Artesanos de Pueblos Originarios y la Feria de Arte, Artesan\u00edas y Dise\u00f1o organizados por la Fundaci\u00f3n Chaco Cultural y el Comit\u00e9 organizador de la Bienal del Chaco.<\/p>\n<p><!--more-->[vc_row css_animation=&#8221;&#8221; row_type=&#8221;row&#8221; use_row_as_full_screen_section=&#8221;no&#8221; type=&#8221;full_width&#8221; angled_section=&#8221;no&#8221; text_align=&#8221;left&#8221; background_image_as_pattern=&#8221;without_pattern&#8221;][vc_column][vc_column_text]Con estos trabajadores se podr\u00e1 disfruta adem\u00e1s de las t\u00e9cnicas ancestrales que desempe\u00f1an y hacen que no solamente sus obras sean \u00fanicas, sino tambi\u00e9n impliquen un sentimiento de pertenencia e identidad del lugar al que preceden.<\/p>\n<p>El orfebre Gonzalo Su\u00e1rez L\u00f3pez, presidente de la Fundaci\u00f3n Chaco Cultural, adelant\u00f3 algunas actividades que se avecinan en los encuentros de artesanos que ya son una parte tradicional de la Bienal del Chaco.<\/p>\n<p>\u201cEl principal objetivo de estos encuentros de artesanas, artesanos, artistas y dise\u00f1adores es el fomento, difusi\u00f3n, desarrollo y puesta en valor de las artesan\u00edas y las industrias creativas argentinas en una vidriera tan importante como es la Bienal del Chaco. Participar\u00e1n 85 Maestras y Maestros Artesanos Argentinos, 130 Artesanas y Artesanos de Pueblos Originarios y 110 expositores en la Feria de Arte, Artesan\u00edas y Dise\u00f1o que nos visitan desde todas las provincias argentinas y de la mayor\u00eda de las localidades del interior del Chaco.<\/p>\n<p>En total m\u00e1s de 300 participantes de reconocida trayectoria con premios nacionales e internacionales nos regalar\u00e1n hasta el d\u00eda domingo 24 de julio la oportunidad de ver en vivo la maestr\u00eda en los oficios artesanales de distintos rubros como la joyer\u00eda, cer\u00e1mica, el vidrio, cuero, plater\u00eda, textiles tradicionales, luthiers , la mejor cuchiller\u00eda, las t\u00e9cnicas ancestrales de las comunidades originarias con invitados de las comunidades Chan\u00e9 de Jujuy, Mby\u00e1 Guaran\u00ed de Misiones, Pilag\u00e1 de Formosa, Wichi de Salta y de Chaco junto a las comunidades Qom y Moqoit, tambi\u00e9n de nuestra provincia. Los colores de los artistas pl\u00e1sticos y galer\u00edas de arte invitadas y la creatividad e innovaci\u00f3n que se ver\u00e1 en el espacio de dise\u00f1o.<\/p>\n<p>Habr\u00e1 charlas en el marco de estos encuentros, por ejemplo el d\u00eda s\u00e1bado 23 de julio, Mariano Gugliotta, el reconocido jurado del programa \u201cDesaf\u00edo sobre fuego\u201d del canal History Channel estar\u00e1 compartiendo una charla sobre Forja y Cuchiller\u00eda y compartiendo la experiencia de \u201cC\u00f3mo vivir de un oficio artesanal en el siglo XXI\u201d . En el marco de la Feria de Arte, Artesan\u00edas y Dise\u00f1o el d\u00eda 20 de julio el artista YON, uno de los m\u00e1s destacados artistas NFT del pa\u00eds reconocido internacionalmente contar\u00e1 de qu\u00e9 se trata esta nueva plataforma para los creadores de contenido y artistas digitales. Mientras tanto, se realizar\u00e1 tambi\u00e9n el d\u00eda mi\u00e9rcoles 20 un foro nacional organizado por la Uni\u00f3n de Artesanas y Artesanos Argentinos donde participar\u00e1n referentes de todo el pa\u00eds para discutir la actualidad y la problem\u00e1tica del sector artesanal, como se viene haciendo en todo el pa\u00eds en cada encuentro nacional de artesan\u00eda.<\/p>\n<p>Estar\u00e1n exponiendo grandes maestras y maestros como por ejemplo: Le\u00f3nidas Silva que conserva la t\u00e9cnica del \u00f1andut\u00ed, tejedoras tradicionales de telar como Mar\u00eda In\u00e9s Malvicini, N\u00e9lida Gadea y M\u00f3nica tola, Facundo Fad\u00f3n desde Paso de Los Libres quien fuera el ganador del concurso de cuchiller\u00eda del programa Desaf\u00edo Sobre Fuego Latinoam\u00e9rica 2021, Joyeros de la talla de V\u00edctor Nicodella, Walter Cullar\u00ed, Yiya L\u00f3pez y Marcelo Nencini, el maestro ceramista Carlos Gaspar Moreyra, el platero Tato Soriano ganador del premio nacional Rueca de Plata en Col\u00f3n 2022, Gervasio Barreiro y Mat\u00edas Crom son luthiers especialistas en instrumentos de m\u00fasica cl\u00e1sica y tra\u00eddos por la fundaci\u00f3n Redes Culturales para adem\u00e1s estar dando una charla, tallistas de madera como Fernando Iphar y Daniel Soler, maestras artesanas wich\u00ed como Leonila Fabian de Sauzalito y Martina Sinus de Misi\u00f3n Nueva Pompeya, maestras cesteras como Ana Leiva y Claudia Yunis, maestras alfareras moqoit como Elida Salte\u00f1o, Graciela Zoilo y Susana Morales, y muchos m\u00e1s artesanos de excelencia muchos de los cuales estar\u00e1n trabajando en vivo.<\/p>\n<p>Los tres grandes encuentros de artesanos, artistas y dise\u00f1adores que se desarrollan en el marco de la Bienal Internacional de Esculturas cuentan con el auspicio del CFI y el Instituto de Cultura del Chaco. Llevan m\u00e1s de una d\u00e9cada de desarrollo a cargo de la Fundaci\u00f3n Chaco Cultural. Hoy en d\u00eda se encuentran posicionados entre las cuatro ferias artesanales m\u00e1s importantes del pa\u00eds por la calidad y cantidad de sus expositores y la excelencia en la propuesta, curadur\u00eda, expertise y trayectoria de los jurados, y sobre todo la atenci\u00f3n brindada por el equipo de trabajo a las maestras y maestros artesanos de pueblos originarios, criollos y urbanos que participan en cada edici\u00f3n, considerados verdaderos tesoros vivientes y declarados portadores del patrimonio cultural inmaterial de la humanidad por la UNESCO en la declaraci\u00f3n de \u00e9ste ente internacional en su 32\u00b0 reuni\u00f3n del a\u00f1o 2003.<\/p>\n<p>Estos encuentros est\u00e1n avalados y apoyados por la Uni\u00f3n de Artesanas y Artesanos Argentinos, el colectivo de ferias, asociaciones, ongs, y artesanos independientes m\u00e1s grande de la Argentina, que nuclea m\u00e1s de 140 ferias provinciales y municipales, y est\u00e1 presente en las 24 provincias del pa\u00eds. Se realizar\u00e1n charlas y talleres propuestos por la UAA .<br \/>\nTambi\u00e9n cuentan con un convenio de intercambio cultural y apoyo t\u00e9cnico firmado con la Fiesta Nacional de la Artesan\u00eda de Col\u00f3n este a\u00f1o en el mes de febrero, entre el municipio de dicha ciudad entrerriana y la fundaci\u00f3n Chaco Cultural.<br \/>\nApoyan tambi\u00e9n este encuentro la Comisi\u00f3n Nacional de Cultura de CAME, FECHACO, Chaco BUREAUX, Secretaria de Desarrollo Cultural del Ministerio de Cultura de la Naci\u00f3n, la Red Nacional de Encuentros Artesanales y la Asoc. Civil Artesanos Unidos del Chaco.<\/p>\n<p>\u201cPlacas de Artistas en vidrio\u201d es una convocatoria que se dio en el marco del Encuentro de Artesanos ya que \u00e9ste a\u00f1o se considera \u201cA\u00f1o internacional del vidrio\u201d. Realmente nos sorprendi\u00f3 por la respuesta de artistas de todo el mundo que mandaron sus placas para realizar una obra colectiva que se emplazar\u00e1 en alg\u00fan lugar de la ciudad a determinar por la fundaci\u00f3n Urunday. Llegaron obras desde lugares como Portugal, Suiza, Estados Unidos, M\u00e9xico, , Ecuador, Venezuela Chile, Uruguay y desde 15 provincias argentinas. Recibimos m\u00e1s de 100 placas, as\u00ed que tendremos que realizar varias obras colectivas para que todos participen y sean parte, la primera podr\u00e1 verse en la Feria de Arte Artesan\u00edas y Dise\u00f1o, durante el a\u00f1o seguiremos elaborando los dem\u00e1s soportes para su exhibici\u00f3n. Este proyecto fue una iniciativa de la Fundaci\u00f3n Chaco Cultural junto a las artistas Mar\u00eda Eugenia D\u00edaz de Vivar, Alejandra Gubinelli y Cristina del Castillo. Cuenta con el auspicio de la Comunidad Iberoamericana de Vidrio Art\u00edstico, Objetos con Vidrio y el CFI.<\/p>\n<p>Las rosas de Pallarols<\/p>\n<p>Por \u00faltimo, pero no menos importante, es que se contar\u00e1 con la visita del maestro orfebre Juan Carlos Pallarols que siempre acompa\u00f1a a este encuentro como jurado de honor.<\/p>\n<p>En esta oportunidad estar\u00e1 compartiendo su proyecto Rosas por la Paz, obra que consiste en nada m\u00e1s y nada menos que en estas flores hechas con municiones fundidas, rescatadas de la guerra de Malvinas que se subastan para causas solidarias.<\/p>\n[\/vc_column_text][vc_empty_space][vc_gallery interval=&#8221;3&#8243; images=&#8221;9913,9914,9915&#8243; img_size=&#8221;full&#8221;][vc_empty_space][vc_video link=&#8221;https:\/\/www.youtube.com\/watch?v=CzWHhtAmQr8&amp;feature=youtu.be&#8221;][vc_empty_space][\/vc_column][\/vc_row]\n","protected":false},"excerpt":{"rendered":"<p>Cada vez queda menos para la Bienal Escultural que se realizar\u00e1 del 16 al 23 de julio en el Museum del domo del Centenario y el Parque 2 de Febrero en Resistencia. La magnitud del evento tambi\u00e9n trae aparejada otras actividades que tendr\u00e1n una repercusi\u00f3n&#8230;<\/p>\n","protected":false},"author":3,"featured_media":9912,"comment_status":"closed","ping_status":"closed","sticky":false,"template":"","format":"standard","meta":{"footnotes":""},"categories":[6],"tags":[],"_links":{"self":[{"href":"https:\/\/www.bienaldelchaco.org\/2022\/wp-json\/wp\/v2\/posts\/9911"}],"collection":[{"href":"https:\/\/www.bienaldelchaco.org\/2022\/wp-json\/wp\/v2\/posts"}],"about":[{"href":"https:\/\/www.bienaldelchaco.org\/2022\/wp-json\/wp\/v2\/types\/post"}],"author":[{"embeddable":true,"href":"https:\/\/www.bienaldelchaco.org\/2022\/wp-json\/wp\/v2\/users\/3"}],"replies":[{"embeddable":true,"href":"https:\/\/www.bienaldelchaco.org\/2022\/wp-json\/wp\/v2\/comments?post=9911"}],"version-history":[{"count":2,"href":"https:\/\/www.bienaldelchaco.org\/2022\/wp-json\/wp\/v2\/posts\/9911\/revisions"}],"predecessor-version":[{"id":9917,"href":"https:\/\/www.bienaldelchaco.org\/2022\/wp-json\/wp\/v2\/posts\/9911\/revisions\/9917"}],"wp:featuredmedia":[{"embeddable":true,"href":"https:\/\/www.bienaldelchaco.org\/2022\/wp-json\/wp\/v2\/media\/9912"}],"wp:attachment":[{"href":"https:\/\/www.bienaldelchaco.org\/2022\/wp-json\/wp\/v2\/media?parent=9911"}],"wp:term":[{"taxonomy":"category","embeddable":true,"href":"https:\/\/www.bienaldelchaco.org\/2022\/wp-json\/wp\/v2\/categories?post=9911"},{"taxonomy":"post_tag","embeddable":true,"href":"https:\/\/www.bienaldelchaco.org\/2022\/wp-json\/wp\/v2\/tags?post=9911"}],"curies":[{"name":"wp","href":"https:\/\/api.w.org\/{rel}","templated":true}]}}