{"id":9924,"date":"2022-07-13T12:26:27","date_gmt":"2022-07-13T15:26:27","guid":{"rendered":"https:\/\/www.bienaldelchaco.org\/2022\/?p=9924"},"modified":"2022-07-13T12:26:27","modified_gmt":"2022-07-13T15:26:27","slug":"fabiana-larrea-propone-una-trama-tejida-sobre-el-rio-negro-de-puente-a-puente-y-de-costa-a-costa","status":"publish","type":"post","link":"https:\/\/www.bienaldelchaco.org\/2022\/fabiana-larrea-propone-una-trama-tejida-sobre-el-rio-negro-de-puente-a-puente-y-de-costa-a-costa\/","title":{"rendered":"Fabiana Larrea propone una trama tejida sobre el r\u00edo Negro, de puente a puente y de costa a costa"},"content":{"rendered":"<p>La obra textil de gran formato est\u00e1 hecha completamente de pastico reciclado. \u201cEl Ciclo de las Cosas\u201d, se caracterizar\u00e1 por ser un espacio participativo y reflexivo sobre la vinculaci\u00f3n de las personas con el ambiente. Un espacio para disfrutar, sentir y aprender.<\/p>\n<div>\n<div id=\"carouselExampleControls\" class=\"carousel slide\" data-ride=\"carousel\">\n<div class=\"carousel-inner\">\n<div class=\"carousel-item active\"><\/div>\n<\/div>\n<\/div>\n<\/div>\n<p><!--more-->[vc_row css_animation=&#8221;&#8221; row_type=&#8221;row&#8221; use_row_as_full_screen_section=&#8221;no&#8221; type=&#8221;full_width&#8221; angled_section=&#8221;no&#8221; text_align=&#8221;left&#8221; background_image_as_pattern=&#8221;without_pattern&#8221;][vc_column][vc_column_text]Las propuestas de la Bienal 2022 (que se desarrollar\u00e1 desde el 16 hasta el 23 de julio en el Parque Intercultural 2 de Febrero) atraen por su originalidad, por su potencial belleza y por la oportunidad de atraer a las y los visitantes.<\/p>\n<p>Fabiana Larrea es una escultora de Puerto Tirol y es la primera vez que vivir\u00e1 \u201cdesde adentro\u201d una experiencia como esta. Su iniciativa, seguramente, convocar\u00e1 desde la particularidad de su obra y del encanto de lo desconocido. Se trata de confeccionar una trama tejida sobre el r\u00edo Negro, de puente a puente y de costa a costa. Es una obra blanda y textil de gran formato, que est\u00e1 hecha completamente de pl\u00e1stico reciclado por trabajadores de la econom\u00eda popular y producido en una empresa de Fontana de triple impacto.<\/p>\n<p>\u201cLa propuesta que hago es una invitaci\u00f3n a la gente a \u00b4hacer florecer el paisaje\u00b4, que es como una met\u00e1fora, porque la obra se llama \u00b4El Ciclo de las Cosas\u00b4. En este ciclo, que son materiales generalmente de descarte o de\u00a0packaging que generalmente van a parar a la orilla del rio, a las calles o a basurales de cielo abierto, nosotros tomamos esos materiales y los hacemos \u00b4florecer\u00b4 un instante, un suspiro en el paisaje y despu\u00e9s, eso se vuelve a reciclar\u201d, explica la escultora que trabaja desde hace varios d\u00edas en el predio del Parque.<\/p>\n<p>El disfrute de la obra comenzar\u00e1 con el recorrido por la planta recicladora. \u201cCuando las personas lleguen al predio, se encontrar\u00e1n con una planta gigante que recicla pl\u00e1sticos en vivo y que va produciendo un material, que es la tela que estoy usando para tejer y ah\u00ed sale toda la escultura\u201d, explica Fabiana. La obra se compone por \u201ctres flores gigantes\u201d, que se ubicar\u00e1n en cada extremo de los puentes y otra en el centro, suspendidas sobre el rio Negro. Al costado de este lugar, habr\u00e1 un grupo de escultores y estudiantes (de la Fundaci\u00f3n Urunday y de la Facultad de Artes de la UNNE) que invitar\u00e1, cada cierta cantidad de horas, a un grupo de personas a tejer. \u201cCada uno podr\u00e1 tejer sus flores, que quedar\u00e1n al costado del rio y que tambi\u00e9n volver\u00e1n a reciclarse\u201d, comenta la escultora.<\/p>\n<p>La propuesta es una obra tejida \u201ccomo la de las abuelas\u201d y empez\u00f3 desde hace bastante tiempo. \u201cLo que estamos haciendo ahora es terminar de armar las flores sobre el piso, para que el d\u00eda s\u00e1bado y domingo, podamos llevarlas al agua. Estoy viviendo en el Domo desde hace varios d\u00edas\u201d, cuenta Fabiana entre risas.<\/p>\n<p>\u201cTenemos un equipo grande de 20 personas que est\u00e1 armando la planta de reciclado, y somos otras diez personas tejiendo\u201d, dice sobre el equipo que la acompa\u00f1a.<\/p>\n<p>Si no sabes tejer, igual pod\u00e9s ser part\u00edcipe. Las y los estudiantes te facilitar\u00e1n el material para que puedas tocarlo y ver c\u00f3mo es un pl\u00e1stico reciclado, con similares caracter\u00edsticas a un pl\u00e1stico com\u00fan, con la posibilidad de poder manipularlo y tejer unos puntos.\u00a0La obra estar\u00e1 expuesta durante toda la edici\u00f3n de la Bienal e inclusive unos d\u00edas m\u00e1s. Luego ese material volver\u00e1 a reciclarse.<\/p>\n<p>&nbsp;<\/p>\n<p>&nbsp;<\/p>\n<p><img loading=\"lazy\" decoding=\"async\" class=\"size-full wp-image-9925 alignnone\" src=\"https:\/\/www.bienaldelchaco.org\/2022\/wp-content\/uploads\/2022\/07\/62cdebb51112c941261376-scaled.jpg\" alt=\"\" width=\"1440\" height=\"2560\" srcset=\"https:\/\/www.bienaldelchaco.org\/2022\/wp-content\/uploads\/2022\/07\/62cdebb51112c941261376-scaled.jpg 1440w, https:\/\/www.bienaldelchaco.org\/2022\/wp-content\/uploads\/2022\/07\/62cdebb51112c941261376-169x300.jpg 169w, https:\/\/www.bienaldelchaco.org\/2022\/wp-content\/uploads\/2022\/07\/62cdebb51112c941261376-576x1024.jpg 576w, https:\/\/www.bienaldelchaco.org\/2022\/wp-content\/uploads\/2022\/07\/62cdebb51112c941261376-768x1365.jpg 768w, https:\/\/www.bienaldelchaco.org\/2022\/wp-content\/uploads\/2022\/07\/62cdebb51112c941261376-864x1536.jpg 864w, https:\/\/www.bienaldelchaco.org\/2022\/wp-content\/uploads\/2022\/07\/62cdebb51112c941261376-1152x2048.jpg 1152w, https:\/\/www.bienaldelchaco.org\/2022\/wp-content\/uploads\/2022\/07\/62cdebb51112c941261376-700x1244.jpg 700w\" sizes=\"(max-width: 1440px) 100vw, 1440px\" \/><\/p>\n<h3><\/h3>\n<h3>Sobre sus expectativas e intereses art\u00edsticos<\/h3>\n<p>La obra tiene m\u00faltiples interpretaciones y lecturas. \u201cLa invitaci\u00f3n no es solamente el aprendizaje de ver c\u00f3mo se recicla el pl\u00e1stico, sino de poder ver entre todos, c\u00f3mo nos relacionamos con el paisaje, el rol de los recuperadores urbanos, el de los trabajadores o c\u00f3mo nos vinculamos con el agua. Me interesa activar el pensamiento y la conexi\u00f3n con la gente\u201d, relata.<\/p>\n<p>Las expectativas de Fabiana son muchas, ya que ser\u00e1 la primera vez que participa de un evento tan masivo. \u201cNunca estuve desde adentro con mis propuestas\u201d, y agrega que \u201cespero que a la gente le guste la propuesta, que puedan recibirla, ya que intenta poner en valor esta fuente de vida (haciendo referencia al r\u00edo), que la tenemos bastante descuidada\u201d, asegura.<\/p>\n<p>Las tem\u00e1ticas que la preocupan y ocupan, est\u00e1n vinculadas a las relaciones interpersonales y con el paisaje. \u201cSiempre digo que dise\u00f1amos el paisaje, pero de una manera inconsciente. Entonces la propuesta es dise\u00f1arlo de manera consiente\u201d, cuenta.<\/p>\n<p>Como experiencia previa, cuenta que hace algunos a\u00f1os trabaj\u00f3 con la comunidad de Puerto Tirol y su propuesta consisti\u00f3, durante un a\u00f1o, en juntar todos los envases pl\u00e1sticos y botellas junto a la comunidad. \u201cCon eso hicimos la primera intervenci\u00f3n en el paisaje. Eso se llam\u00f3 \u00b4El mensaje en la botella\u00b4 y lo que hac\u00edamos, era invitar a la gente a escribir sus deseos. Hicimos un manto con los deseos de la gente de Puerto Tirol y quedamos unidos por esos deseos\u201d, explica sobre esa vivencia.<\/p>\n<h3><\/h3>\n<h3>El equipo y su solidaridad<\/h3>\n<p>Obras de esta magnitud requieren del trabajo de muchas personas y la preparaci\u00f3n, con mucho tiempo de antelaci\u00f3n, de los materiales a utilizar. En este caso, acompa\u00f1an a Fabiana escultores que realizan colaboraciones con la Fundaci\u00f3n Urunday, ex alumnas, alumnos y estudiantes de la Facultad de Artes de la UNNE, que se sumaron a la propuesta.<\/p>\n<p>\u201cMe parec\u00eda interesante abrirles el juego para que ellos puedan vivir una experiencia de esta escala y vean desde adentro, la producci\u00f3n de este tipo de obras\u201d, cuenta sobre la posibilidad que les brinda a sus estudiantes.<\/p>\n<h3><\/h3>\n<h3>El acompa\u00f1amiento de su familia<\/h3>\n<p>\u201cMi hijo est\u00e1 haciendo un documental integral de todo lo que es este proceso, lo empez\u00f3 hace un tiempo y lo est\u00e1 registrando. Cuando son obras ef\u00edmeras, lo que queda es el registro documental para la historia del arte\u201d, cuenta Fabiana sobre el apoyo de su familia cuando emprende trabajos tan importantes como este.\u00a0 Y agrega:\u00a0\u201cMis otros hijos acompa\u00f1an todo. Entienden que cuando encaro este tipo de obras, mi vida y mi tiempo est\u00e1 en esto\u201d.<\/p>\n<p>Al ser consultada sobre cu\u00e1l es la sensaci\u00f3n que deja el \u201ctrabajo cumplido\u201d luego de cada intervenci\u00f3n, Fabiana dice que \u201cprimero descansa, por la demanda del cuerpo\u201d y que \u201csi bien esta es actividad relajada, cada p\u00e9talo pesa cerca de 40 o 50 kilos\u201d.\u00a0Cuando la adrenalina baja, viene el balance. \u201cCuando hacemos arte, aprendemos algo con cada pieza. Escribo mucho, me tomo mucho tiempo de silencio y de meditaci\u00f3n para poder asentar y empezar a pensar en nuevos proyectos o continuar los que tengo en camino. Esto es s\u00faper movilizante\u201d, cierra la escultora.<\/p>\n<h3><\/h3>\n<h3>M\u00e1s sobre Fabiana<\/h3>\n<p>Fabiana Larrea naci\u00f3 en 1972, en Puerto Tirol y es una artista visual de gran trayectoria.\u00a0Desde los 9 a\u00f1os, asisti\u00f3 a talleres de artes. Luego se form\u00f3 en la carrera de Artes de la Universidad Nacional del Nordeste. \u201cPrimero en todo lo relacionado a las artes gr\u00e1ficas como el grabado, una t\u00e9cnica muy tradicional\u201d, recuerda.<\/p>\n<p>\u201cEn el 2009 descubr\u00ed pr\u00e1cticamente que sab\u00eda tejer y a partir de ah\u00ed empec\u00e9 a probar con diferentes materiales y la mayor\u00eda de mis obras son textiles\u201d. Su taller (que se encuentra en su casa de Puerto Tirol), tambi\u00e9n podr\u00e1n disfrutarse durante la exposici\u00f3n.<\/p>\n<p>Organiz\u00f3 Encuentros Nacionales y Sudamericanos de Grabado en la Plaza 25 de Mayo de la ciudad de Resistencia y en la sede del Museo Provincial de Bellas Artes Ren\u00e9 Brusau. Fue co-fundadora de Grabar, asociaci\u00f3n destinada a la difusi\u00f3n del grabado que cont\u00f3 con el apoyo de Fundaci\u00f3n Antorchas. Integr\u00f3 el espacio de arte Noni Andresen en Resistencia, Chaco.<\/p>\n<p>Como docente, fue coordinadora del Proyecto de Intercambio Ling\u00fc\u00edstico Cultural Argentina-Francia (P.I.L.C.A.F.). Realiz\u00f3 intervenciones textiles en Casa de las Culturas (en el marco de SOY guarango sin glamour), Facultad de Arte, Dise\u00f1o y Ciencias de la Cultura dependiente de la Universidad Nacional del Nordeste, (en el marco de Proyecto Boomerang) y en el Teatro Oficial Juan de Vera de la ciudad de Corrientes (en el marco de La Gran Sombra).<\/p>\n<p>Particip\u00f3 en &#8220;Fr\u00e1gil&#8221;, exposici\u00f3n realizada en la Fundaci\u00f3n Federico Klem de la ciudad de Buenos Aires, con curadur\u00eda de Julio S\u00e1nchez y La Gran Sombra II con sede en el Museo Provincial de Bellas Artes Juan Ram\u00f3n Vidal de la ciudad de Corrientes, con curadur\u00eda de Matilde Mar\u00edn y Beatriz Moreiro. Integra &#8220;Una(s)+&#8221; desde 2018, exposici\u00f3n intinerante de artistas latinoamericanas con curadur\u00eda de Ileana Hoschman y Mar\u00eda Arlete Mendes Goncalves.<\/p>\n<p>Es presidenta de la Fundaci\u00f3n Trama organizaci\u00f3n destinada a realizar acciones que vinculan arte y naturaleza, y trabaja en el proyecto &#8220;Arte y Sostenibilidad&#8221; en Puerto Tirol y en &#8220;La \u00daltima Palabra de Amor&#8221;, proyecto de arte textil contempor\u00e1neo.[\/vc_column_text][vc_empty_space][vc_gallery interval=&#8221;3&#8243; images=&#8221;9927,9928&#8243; img_size=&#8221;full&#8221;][vc_empty_space][vc_column_text]Fuente:\u00a0 <a href=\"https:\/\/agenciafoco.com.ar\/detalle_noticia\/fabiana-larrea-propone-una-trama-tejida-sobre-el-rio-negro-de-puente-a-puente-y-de-costa-a-costa\" target=\"_blank\" rel=\"noopener\">https:\/\/agenciafoco.com.ar\/detalle_noticia\/fabiana-larrea-propone-una-trama-tejida-sobre-el-rio-negro-de-puente-a-puente-y-de-costa-a-costa<\/a>[\/vc_column_text][vc_empty_space][\/vc_column][\/vc_row]\n","protected":false},"excerpt":{"rendered":"<p>La obra textil de gran formato est\u00e1 hecha completamente de pastico reciclado. \u201cEl Ciclo de las Cosas\u201d, se caracterizar\u00e1 por ser un espacio participativo y reflexivo sobre la vinculaci\u00f3n de las personas con el ambiente. Un espacio para disfrutar, sentir y aprender.<\/p>\n","protected":false},"author":3,"featured_media":9926,"comment_status":"closed","ping_status":"closed","sticky":false,"template":"","format":"standard","meta":{"footnotes":""},"categories":[6],"tags":[],"_links":{"self":[{"href":"https:\/\/www.bienaldelchaco.org\/2022\/wp-json\/wp\/v2\/posts\/9924"}],"collection":[{"href":"https:\/\/www.bienaldelchaco.org\/2022\/wp-json\/wp\/v2\/posts"}],"about":[{"href":"https:\/\/www.bienaldelchaco.org\/2022\/wp-json\/wp\/v2\/types\/post"}],"author":[{"embeddable":true,"href":"https:\/\/www.bienaldelchaco.org\/2022\/wp-json\/wp\/v2\/users\/3"}],"replies":[{"embeddable":true,"href":"https:\/\/www.bienaldelchaco.org\/2022\/wp-json\/wp\/v2\/comments?post=9924"}],"version-history":[{"count":1,"href":"https:\/\/www.bienaldelchaco.org\/2022\/wp-json\/wp\/v2\/posts\/9924\/revisions"}],"predecessor-version":[{"id":9929,"href":"https:\/\/www.bienaldelchaco.org\/2022\/wp-json\/wp\/v2\/posts\/9924\/revisions\/9929"}],"wp:featuredmedia":[{"embeddable":true,"href":"https:\/\/www.bienaldelchaco.org\/2022\/wp-json\/wp\/v2\/media\/9926"}],"wp:attachment":[{"href":"https:\/\/www.bienaldelchaco.org\/2022\/wp-json\/wp\/v2\/media?parent=9924"}],"wp:term":[{"taxonomy":"category","embeddable":true,"href":"https:\/\/www.bienaldelchaco.org\/2022\/wp-json\/wp\/v2\/categories?post=9924"},{"taxonomy":"post_tag","embeddable":true,"href":"https:\/\/www.bienaldelchaco.org\/2022\/wp-json\/wp\/v2\/tags?post=9924"}],"curies":[{"name":"wp","href":"https:\/\/api.w.org\/{rel}","templated":true}]}}