{"id":9938,"date":"2022-07-14T11:29:22","date_gmt":"2022-07-14T14:29:22","guid":{"rendered":"https:\/\/www.bienaldelchaco.org\/2022\/?p=9938"},"modified":"2022-07-14T11:29:22","modified_gmt":"2022-07-14T14:29:22","slug":"impusieron-el-nombre-de-fabriciano-gomez-al-espacio-de-los-escultores-fue-un-mentor-extraordinario-y-un-icono-insustituible-de-nuestra-cultura","status":"publish","type":"post","link":"https:\/\/www.bienaldelchaco.org\/2022\/impusieron-el-nombre-de-fabriciano-gomez-al-espacio-de-los-escultores-fue-un-mentor-extraordinario-y-un-icono-insustituible-de-nuestra-cultura\/","title":{"rendered":"Impusieron el nombre de Fabriciano G\u00f3mez al Espacio de los Escultores: \u00abFue un mentor extraordinario y un \u00edcono insustituible de nuestra cultura\u00bb"},"content":{"rendered":"<p>As\u00ed lo expres\u00f3 el gobernador Jorge Capitanich durante el acto oficial previo al inicio de la XII Bienal Internacional de Escultura. El homenaje naci\u00f3 de una propuesta del mandatario, quien record\u00f3 al miembro fundador de la Fundaci\u00f3n Urunday. Este viernes a las 18:30 se realizar\u00e1 el acto oficial para dar la bienvenida a los concursantes de la competencia que comenzar\u00e1 este s\u00e1bado y tiene por slogan \u00abEl Legado\u00bb.<\/p>\n<div>\n<div id=\"carouselExampleControls\" class=\"carousel slide\" data-ride=\"carousel\">\n<div class=\"carousel-inner\">\n<div class=\"carousel-item active\"><\/div>\n<\/div>\n<\/div>\n<\/div>\n<p><!--more-->[vc_row css_animation=&#8221;&#8221; row_type=&#8221;row&#8221; use_row_as_full_screen_section=&#8221;no&#8221; type=&#8221;full_width&#8221; angled_section=&#8221;no&#8221; text_align=&#8221;left&#8221; background_image_as_pattern=&#8221;without_pattern&#8221;][vc_column][vc_column_text]Acompa\u00f1ado por el intendente de Resistencia, Gustavo Mart\u00ednez, y el presidente de la Fundaci\u00f3n Urunday, Josese Eidman, el mandatario descubri\u00f3 una placa que lleva por leyenda \u201cEspacio de los Escultores Fabriciano G\u00f3mez\u201d, en el lugar donde los diez participantes comenzar\u00e1n a producir sus piezas de arte en m\u00e1rmol travertino. En el sitio ya se encuentran los materiales con los que se dar\u00e1 inicio la competencia.<\/p>\n<p>\u201cEsta ser\u00e1 la primera Bienal sin \u00e9l, y va a ser dif\u00edcil no verlo con lo que significaba su presencia. Va a ser algo in\u00e9dito, pero nos anima espiritualmente y es el duende que est\u00e1 merodeando en este espacio\u201d, expres\u00f3 Capitanich, quien record\u00f3 que la iniciativa surgi\u00f3 en marzo de este a\u00f1o, durante el acto de lanzamiento de la Bienal.<\/p>\n<p><strong>Este viernes 15 a las 18:30 se realizar\u00e1 el acto oficial para dar la bienvenida a escultores y escultoras que participar\u00e1n de la Bienal Internacional de las Esculturas \u201cEl Legado\u201d, el cual ser\u00e1 transmitido en vivo y en directo por Chaco TV.<\/strong><br \/>\nEl presidente del Instituto de Cultura, Francisco Romero, record\u00f3 que \u201cel gobernador Capitanich cumpli\u00f3 el compromiso asumido en marzo, para que este predio lleve el nombre de Fabriciano G\u00f3mez. Aqu\u00ed ya est\u00e1n dispuestas las diez piezas de m\u00e1rmol travertino que hoy son solamente materia prima, pero que el 23 de julio ser\u00e1n obras de arte que estar\u00e1n en veredas y plazas en Resistencia\u201d.<\/p>\n<p>Por su parte, el intendente de Resistencia, Gustavo Mart\u00ednez, agradeci\u00f3 la posibilidad de acompa\u00f1ar la iniciativa del gobernador. \u201cLa Bienal ha representado para esta ciudad un hito importante desde 1988 ante el mundo. Ha sido obra de Fabriciano que nos destaquen como ciudad ante el planeta y que este espacio lleve su nombre es un acto de justicia y reconocimiento\u201d, sostuvo.<\/p>\n<p>Finalmente, el presidente de la Fundaci\u00f3n Urunday, Jos\u00e9 Eidman, expres\u00f3 su emoci\u00f3n de poder homenajear a Fabriciano con este descubrimiento, porque \u201c\u00e9l fue el encargado de alimentar con obras de grandes artistas de la escena contempor\u00e1nea mundial este museo de cielo abierto que es Resistencia. La carga simb\u00f3lica, m\u00e1gica y filos\u00f3fica de este momento, de esta materializaci\u00f3n me hace sentir muy fuerte y agradecido\u201d.<\/p>\n<p>&nbsp;<\/p>\n<p><strong>TRAYECTORIA<\/strong><br \/>\nFabriciano G\u00f3mez naci\u00f3 en Resistencia el 27 de junio de 1944. Fue profesor de dibujo, pintura, escultura y miembro fundador de la Fundaci\u00f3n Urunday desde donde impuls\u00f3 la organizaci\u00f3n de las Bienales Internacionales de Esculturas en la capital chaque\u00f1a, hasta la actualidad. Se desempe\u00f1\u00f3 tambi\u00e9n como miembro de la Academia Nacional de Bellas Artes y se transform\u00f3 en su representante m\u00e1s importante en el Chaco.<br \/>\nEn su extensa trayectoria, particip\u00f3 de m\u00faltiples exposiciones nacionales e internacionales y recibi\u00f3 numerosos reconocimientos, entre ellos el Gran Premio del Sal\u00f3n Nacional y la Medalla de Oro de los Juegos Ol\u00edmpicos de las Artes. Adem\u00e1s, fue reconocido Hijo Ilustre y Ciudadano Ejemplar en la provincia, recibi\u00f3 la menci\u00f3n de Honor Domingo Faustino Sarmiento otorgado por el Senado de la Naci\u00f3n y el t\u00edtulo Doctor Honoris Causa de la Universidad Nacional del Nordeste, en reconocimiento a su obra y compromiso social. Falleci\u00f3 el 8 de septiembre del 2021.[\/vc_column_text][vc_empty_space][vc_gallery interval=&#8221;3&#8243; images=&#8221;9943,9942,9941,9939&#8243; img_size=&#8221;full&#8221;][vc_empty_space][vc_column_text]Fuente:\u00a0 <a href=\"https:\/\/chacoenlineainforma.com\/impusieron-el-nombre-de-fabriciano-gomez-al-espacio-de-los-escultores-fue-un-mentor-extraordinario-y-un-icono-insustituible-de-nuestra-cultura\/\" target=\"_blank\" rel=\"noopener\">https:\/\/chacoenlineainforma.com\/impusieron-el-nombre-de-fabriciano-gomez-al-espacio-de-los-escultores-fue-un-mentor-extraordinario-y-un-icono-insustituible-de-nuestra-cultura\/<\/a>[\/vc_column_text][vc_empty_space][\/vc_column][\/vc_row]\n","protected":false},"excerpt":{"rendered":"<p>As\u00ed lo expres\u00f3 el gobernador Jorge Capitanich durante el acto oficial previo al inicio de la XII Bienal Internacional de Escultura. El homenaje naci\u00f3 de una propuesta del mandatario, quien record\u00f3 al miembro fundador de la Fundaci\u00f3n Urunday. Este viernes a las 18:30 se realizar\u00e1&#8230;<\/p>\n","protected":false},"author":3,"featured_media":9940,"comment_status":"closed","ping_status":"closed","sticky":false,"template":"","format":"standard","meta":{"footnotes":""},"categories":[6],"tags":[],"_links":{"self":[{"href":"https:\/\/www.bienaldelchaco.org\/2022\/wp-json\/wp\/v2\/posts\/9938"}],"collection":[{"href":"https:\/\/www.bienaldelchaco.org\/2022\/wp-json\/wp\/v2\/posts"}],"about":[{"href":"https:\/\/www.bienaldelchaco.org\/2022\/wp-json\/wp\/v2\/types\/post"}],"author":[{"embeddable":true,"href":"https:\/\/www.bienaldelchaco.org\/2022\/wp-json\/wp\/v2\/users\/3"}],"replies":[{"embeddable":true,"href":"https:\/\/www.bienaldelchaco.org\/2022\/wp-json\/wp\/v2\/comments?post=9938"}],"version-history":[{"count":1,"href":"https:\/\/www.bienaldelchaco.org\/2022\/wp-json\/wp\/v2\/posts\/9938\/revisions"}],"predecessor-version":[{"id":9944,"href":"https:\/\/www.bienaldelchaco.org\/2022\/wp-json\/wp\/v2\/posts\/9938\/revisions\/9944"}],"wp:featuredmedia":[{"embeddable":true,"href":"https:\/\/www.bienaldelchaco.org\/2022\/wp-json\/wp\/v2\/media\/9940"}],"wp:attachment":[{"href":"https:\/\/www.bienaldelchaco.org\/2022\/wp-json\/wp\/v2\/media?parent=9938"}],"wp:term":[{"taxonomy":"category","embeddable":true,"href":"https:\/\/www.bienaldelchaco.org\/2022\/wp-json\/wp\/v2\/categories?post=9938"},{"taxonomy":"post_tag","embeddable":true,"href":"https:\/\/www.bienaldelchaco.org\/2022\/wp-json\/wp\/v2\/tags?post=9938"}],"curies":[{"name":"wp","href":"https:\/\/api.w.org\/{rel}","templated":true}]}}