{"id":10012,"date":"2022-07-15T23:27:14","date_gmt":"2022-07-16T02:27:14","guid":{"rendered":"https:\/\/www.bienaldelchaco.org\/2024\/?p=10012"},"modified":"2022-07-19T17:29:13","modified_gmt":"2022-07-19T20:29:13","slug":"resistencia-presentaron-el-seminario-escultura-contemporanea-en-el-espacio-publico-que-se-brindara-en-el-marco-de-la-bienal","status":"publish","type":"post","link":"https:\/\/www.bienaldelchaco.org\/2024\/resistencia-presentaron-el-seminario-escultura-contemporanea-en-el-espacio-publico-que-se-brindara-en-el-marco-de-la-bienal\/","title":{"rendered":"Resistencia: Presentaron el Seminario Escultura contempor\u00e1nea en el espacio p\u00fablico que se brindar\u00e1 en el marco de la Bienal"},"content":{"rendered":"<p>Este viernes 15 de julio, por la ma\u00f1ana, en Casa de las Culturas, se present\u00f3 el Seminario Escultura contempor\u00e1nea en el espacio p\u00fablico: la ciudad y el espacio como soporte. Dimensi\u00f3n urbana y territorial. El mismo ser\u00e1 dictado por el Prof. Lic. Oscar de Bueno, en el marco de la Bienal Internacional de Esculturas 2022.<\/p>\n<div>\n<div id=\"carouselExampleControls\" class=\"carousel slide\" data-ride=\"carousel\">\n<div class=\"carousel-inner\">\n<div class=\"carousel-item active\"><\/div>\n<\/div>\n<\/div>\n<\/div>\n<p><!--more-->[vc_row css_animation=&#8221;&#8221; row_type=&#8221;row&#8221; use_row_as_full_screen_section=&#8221;no&#8221; type=&#8221;full_width&#8221; angled_section=&#8221;no&#8221; text_align=&#8221;left&#8221; background_image_as_pattern=&#8221;without_pattern&#8221;][vc_column][vc_column_text]\n<p dir=\"ltr\">La actividad es articulada por el MUBA \u2013 Museo de Bellas Artes Ren\u00e9 Brusau dependiente del ICCH y la Fundaci\u00f3n Urunday. En el anuncio estuvieron presentes el presidente de la cartera cultural provincial, Francisco Tete Romero; la directora General del MUBA, Andrea Geat; el director Art\u00edstico del MUBA, Jorge Tirner; y el representante de la Fundaci\u00f3n Urunday, Diego Tolosa.<\/p>\n<p dir=\"ltr\">El Seminario se realizar\u00e1 en el Auditorio de Casa de las Culturas (Marcelo T. de Alvear y Mitre) el lunes 18 y martes 19 de julio, de 9 a 12 y de 14 a 17, y el viernes 22 de julio, de 9 a 12. Estar\u00e1 destinado a docentes y estudiantes de arte.<\/p>\n<p dir=\"ltr\">Sus objetivos ser\u00e1n adquirir la capacidad de confrontar te\u00f3rica y emp\u00edricamente conceptos sobre escultura monumental, esculturas en las dimensiones urbana y territorial, \u201cescultura en el campo expandido\u201d y \u201csite specificity\u201d; discernir criterios de emplazamiento al aire libre o en un espacio interior; y la adopci\u00f3n de una actitud cr\u00edtico-reflexiva de estos temas frente a su futura pr\u00e1ctica docente y art\u00edstica.<\/p>\n<p dir=\"ltr\"><strong>Oscar de Bueno<\/strong><\/p>\n<p dir=\"ltr\">El Prof. Lic. Oscar de Bueno naci\u00f3 en\u00a0Buenos Aires en 1961.\u00a0Es escultor, y ha recibido el Gran Premio de Escultura Sal\u00f3n Manuel Belgrano.<\/p>\n<p dir=\"ltr\">Ha participado en m\u00e1s de doscientas muestras, simposios y eventos de escultura. Es docente investigador y profesor titular de la c\u00e1tedra de Escultura en la U.N.A. (Universidad Nacional de las Artes). Es profesor de Escultura en la Escuela Superior de Arte Manuel Belgrano.<\/p>\n<p dir=\"ltr\">Es Licenciado en Artes Visuales orientaci\u00f3n Escultura CUM LAUDE, IUNA; profesor de Arte en Artes Visuales, IUNA; profesor nacional de Escultura, Diploma de Honor,\u00a0 Escuela Nacional de Bellas Artes Prilidiano Pueyrred\u00f3n.<\/p>\n<p dir=\"ltr\">Ha integrado jurados en concursos oficiales y privados, entre ellos: Sal\u00f3n Nacional de Artes Visuales (2007 y 2010), Sal\u00f3n Municipal Manuel Belgrano (2006, 2008 y 2018).<\/p>\n<p dir=\"ltr\">Sus obras se encuentran en colecciones oficiales y privadas, tambi\u00e9n emplazadas en espacios p\u00fablicos de la Ciudad Aut\u00f3noma de Buenos Aires, Resistencia, Mar del Plata, San Mart\u00edn de los Andes, San Bernardo, Cipolletti, Concordia, Marcos Ju\u00e1rez, y Lan\u00fas.<\/p>\n<p dir=\"ltr\">Ha expuesto colectivamente en el Museo Nacional de Bellas Artes, Centro Cultural Recoleta, Galer\u00eda de Arte Universidad Cat\u00f3lica de Chile, Palais de Glace, Espase EDF Electra y Galerie Argantine, Fondo Nacional de las Artes, Museo Enrique Larreta, Centro Cultural Borges, Museo de Escultura Luis Perlotti, y C. C. Quinta Trabucco.<\/p>\n<p dir=\"ltr\"><strong>Contenidos del Seminario<\/strong><\/p>\n<p dir=\"ltr\">\u2013 La ciudad contempor\u00e1nea y el territorio como soportes para la creaci\u00f3n escult\u00f3rica:<\/p>\n<p dir=\"ltr\">Espacio urbano, poblaci\u00f3n y clima (la planta urbana, crecimiento demogr\u00e1fico y poblaci\u00f3n). Crisis de la ciudad moderna. Desvanecimiento del espacio p\u00fablico. La colisi\u00f3n: el parque vs. la grilla. Comunicaci\u00f3n y espacio p\u00fablico: la calle, la calle peatonal, la plaza, el parque y otros espacios verdes, la esquina y la vereda, la pared.<\/p>\n<p dir=\"ltr\">Del habitar del hombre m\u00edtico americano a las sociedades posmodernas (\u201cel patio de los objetos\u201d). Planes de acci\u00f3n para recuperar el espacio p\u00fablico en las ciudades: dise\u00f1o urbano co-participativo, planificaci\u00f3n vs. planeamiento.<\/p>\n<p dir=\"ltr\">\u2013 Monumentos, escultura y poder:<\/p>\n<p dir=\"ltr\">Los monumentos en la argentina de los siglos XIX, XX y XXI. Algunos casos paradigm\u00e1ticos: la Pir\u00e1mide de Mayo, el Obelisco, los monumentos a Sarmiento, a la Bandera (Rosario), al Gral. Roca, al Gral. Lavalle, a Evita, etc. Rodin, Bourdelle, Lola Mora, Yrurtia, Bigatti, Fioravanti, Prebisch, etc. Otras formas de conmemorar: Monumento al \u201cTirgu Jiu\u201d de C. Brancusi. Henry Moore.<\/p>\n<p dir=\"ltr\">\u2013 El giro a partir de los 60:<\/p>\n<p dir=\"ltr\">Proyectos de Arte p\u00fablico en el medio urbano de EE.UU.: Programa de Arte en la Arquitectura (1963) y Programa de arte en espacios p\u00fablicos (1967). La Escultura en el campo expandido. \u201cSite specificity\u201d. La p\u00e9rdida del pedestal. La disoluci\u00f3n de los l\u00edmites. Richard Serra, Christo, Noguchi, Moore, Chillida, Marta Pan, Derek, Robert Smithson<\/p>\n[\/vc_column_text][\/vc_column][\/vc_row][vc_row css_animation=&#8221;&#8221; row_type=&#8221;row&#8221; use_row_as_full_screen_section=&#8221;no&#8221; type=&#8221;full_width&#8221; angled_section=&#8221;no&#8221; text_align=&#8221;left&#8221; background_image_as_pattern=&#8221;without_pattern&#8221;][vc_column][vc_empty_space][vc_column_text]Fuente:\u00a0 <a href=\"https:\/\/chacoenlineainforma.com\/presentaron-el-seminario-escultura-contemporanea-en-el-espacio-publico-que-se-brindara-en-el-marco-de-la-bienal\/\" target=\"_blank\" rel=\"noopener\">https:\/\/chacoenlineainforma.com\/presentaron-el-seminario-escultura-contemporanea-en-el-espacio-publico-que-se-brindara-en-el-marco-de-la-bienal\/<\/a>[\/vc_column_text][vc_empty_space][\/vc_column][\/vc_row]\n","protected":false},"excerpt":{"rendered":"<p>Este viernes 15 de julio, por la ma\u00f1ana, en Casa de las Culturas, se present\u00f3 el Seminario Escultura contempor\u00e1nea en el espacio p\u00fablico: la ciudad y el espacio como soporte. Dimensi\u00f3n urbana y territorial. El mismo ser\u00e1 dictado por el Prof. Lic. Oscar de Bueno,&#8230;<\/p>\n","protected":false},"author":3,"featured_media":10013,"comment_status":"closed","ping_status":"closed","sticky":false,"template":"","format":"standard","meta":{"footnotes":""},"categories":[6],"tags":[],"class_list":["post-10012","post","type-post","status-publish","format-standard","has-post-thumbnail","hentry","category-novedades"],"_links":{"self":[{"href":"https:\/\/www.bienaldelchaco.org\/2024\/wp-json\/wp\/v2\/posts\/10012","targetHints":{"allow":["GET"]}}],"collection":[{"href":"https:\/\/www.bienaldelchaco.org\/2024\/wp-json\/wp\/v2\/posts"}],"about":[{"href":"https:\/\/www.bienaldelchaco.org\/2024\/wp-json\/wp\/v2\/types\/post"}],"author":[{"embeddable":true,"href":"https:\/\/www.bienaldelchaco.org\/2024\/wp-json\/wp\/v2\/users\/3"}],"replies":[{"embeddable":true,"href":"https:\/\/www.bienaldelchaco.org\/2024\/wp-json\/wp\/v2\/comments?post=10012"}],"version-history":[{"count":1,"href":"https:\/\/www.bienaldelchaco.org\/2024\/wp-json\/wp\/v2\/posts\/10012\/revisions"}],"predecessor-version":[{"id":10014,"href":"https:\/\/www.bienaldelchaco.org\/2024\/wp-json\/wp\/v2\/posts\/10012\/revisions\/10014"}],"wp:featuredmedia":[{"embeddable":true,"href":"https:\/\/www.bienaldelchaco.org\/2024\/wp-json\/wp\/v2\/media\/10013"}],"wp:attachment":[{"href":"https:\/\/www.bienaldelchaco.org\/2024\/wp-json\/wp\/v2\/media?parent=10012"}],"wp:term":[{"taxonomy":"category","embeddable":true,"href":"https:\/\/www.bienaldelchaco.org\/2024\/wp-json\/wp\/v2\/categories?post=10012"},{"taxonomy":"post_tag","embeddable":true,"href":"https:\/\/www.bienaldelchaco.org\/2024\/wp-json\/wp\/v2\/tags?post=10012"}],"curies":[{"name":"wp","href":"https:\/\/api.w.org\/{rel}","templated":true}]}}