{"id":10053,"date":"2022-07-18T09:40:29","date_gmt":"2022-07-18T12:40:29","guid":{"rendered":"https:\/\/www.bienaldelchaco.org\/2024\/?p=10053"},"modified":"2022-07-19T18:42:10","modified_gmt":"2022-07-19T21:42:10","slug":"zoe-gotusso-esta-noche-en-el-escenario-principal-de-la-bienal","status":"publish","type":"post","link":"https:\/\/www.bienaldelchaco.org\/2024\/zoe-gotusso-esta-noche-en-el-escenario-principal-de-la-bienal\/","title":{"rendered":"Zoe Gotusso esta noche en el escenario principal de la Bienal"},"content":{"rendered":"<p>Este lunes en el escenario principal a las 21,45 actuar\u00e1 la cantautora cordobesa Zoe Gotusso .<\/p>\n<div>\n<div id=\"carouselExampleControls\" class=\"carousel slide\" data-ride=\"carousel\">\n<div class=\"carousel-inner\">\n<div class=\"carousel-item active\"><\/div>\n<\/div>\n<\/div>\n<\/div>\n<p><!--more-->[vc_row css_animation=&#8221;&#8221; row_type=&#8221;row&#8221; use_row_as_full_screen_section=&#8221;no&#8221; type=&#8221;full_width&#8221; angled_section=&#8221;no&#8221; text_align=&#8221;left&#8221; background_image_as_pattern=&#8221;without_pattern&#8221;][vc_column][vc_column_text]Dentro de la experiencia inmersiva que implica la Bienal Internacional de Escultura 2022, hoy, (18 de julio) en el escenario principal, actuar\u00e0 la cantautora de origen cordob\u00e9s Zoe Gotusso.<\/p>\n<p>Salvapantallas fue el nombre de su primera banda, con un debut musical a muy corta edad, y luego Zoe se consagr\u00f3 como solista y logr\u00f3 establecerse en la escena musical argentina.<\/p>\n<p>Hace menos de dos meses, el pasado 22 de mayo, se present\u00f3 ante un Teatro Gran Rex repleto, en Buenos Aires y hoy la tenemos aqu\u00ed, en nuestra Bienal del Chaco. De voz intimista y liricas expresivas y sensibles, Zoe tiene un contacto muy cercano con sus seguidores y con sus colegas. Lejos de la frivolidad tan caracter\u00edstica de los m\u00fasicos de todos los siglos, Zoe se comunica y est\u00e1 al tanto de lo que sus seguidores y seguidoras piensan y de all\u00ed quiz\u00e1s su l\u00edrica, su cercana armon\u00eda.<\/p>\n<p>La entrada es libre, como todos los espect\u00e1culos que se realizan en el contexto de la Bienal.<\/p>\n<h3>Zoe Gotusso<\/h3>\n<p>Zoe Gotusso es una cantante y compositora de pop y bossa nacida en C\u00f3rdoba el 22 de Mayo de 1997 que con tan solo 24 a\u00f1os se ha consolidado como una de las artistas m\u00e1s resonantes con su cautivante voz.<\/p>\n<p>Junto a Santi Celli formaron el d\u00fao Salvapantallas con el que recorrieron casi toda la Argentina, Chile y Uruguay tanto en fechas propias como en los grandes festivales.<\/p>\n<p>Con casi 3 a\u00f1os de carrera, un disco editado en forma independiente llamado \u201cSMS\u201d, dos nominaciones a los Premios Gardel, recitales a sala llena y millones de reproducciones en Youtube y Spotify, se despidieron en el m\u00edtico Teatro \u00d3pera.<\/p>\n<p>En 2019 present\u00f3 sus primeras canciones de forma independiente, marcando su camino como solista.<\/p>\n<p>Las canciones lanzadas fueron: \u201cUna Bossa +\u201d, que supera los 6 millones de escuchas en Spotify, luego \u201cMonoambiente en Capital\u201d con m\u00e1s de 4 millones de reproducciones y luego \u201cCalef\u00f3n\u201d.<\/p>\n<p>En \u00a0principio de junio de 2020 lanz\u00f3 el documental \u201cRetrato en Movimiento\u201d, en el que vemos a Zoe durante la composici\u00f3n y grabaci\u00f3n de su pr\u00f3ximo disco. El 18 de junio de 2020, lanz\u00f3 \u201cGanas\u201d, primer single de su \u00e1lbum solista. El 30 de octubre, presenta \u00abCuarto Creciente\u00bb, segundo adelanto de su \u00e1lbum solista. Ese a\u00f1o lanza su disco \u00abMi Primer d\u00eda triste\u00bb.<\/p>\n<p>El 29 de abril del 2021 lanz\u00f3 el video de la canci\u00f3n \u00abMar\u00eda\u00bb.[\/vc_column_text][\/vc_column][\/vc_row][vc_row css_animation=&#8221;&#8221; row_type=&#8221;row&#8221; use_row_as_full_screen_section=&#8221;no&#8221; type=&#8221;full_width&#8221; angled_section=&#8221;no&#8221; text_align=&#8221;left&#8221; background_image_as_pattern=&#8221;without_pattern&#8221;][vc_column][vc_empty_space][vc_column_text]Fuente:\u00a0 <a href=\"https:\/\/chacoenlineainforma.com\/zoe-gotusso-esta-noche-en-el-escenario-principal-de-la-bienal\/\" target=\"_blank\" rel=\"noopener\">https:\/\/chacoenlineainforma.com\/zoe-gotusso-esta-noche-en-el-escenario-principal-de-la-bienal\/<\/a>[\/vc_column_text][vc_empty_space][\/vc_column][\/vc_row]\n","protected":false},"excerpt":{"rendered":"<p>Este lunes en el escenario principal a las 21,45 actuar\u00e1 la cantautora cordobesa Zoe Gotusso .<\/p>\n","protected":false},"author":3,"featured_media":10054,"comment_status":"closed","ping_status":"closed","sticky":false,"template":"","format":"standard","meta":{"footnotes":""},"categories":[6],"tags":[],"class_list":["post-10053","post","type-post","status-publish","format-standard","has-post-thumbnail","hentry","category-novedades"],"_links":{"self":[{"href":"https:\/\/www.bienaldelchaco.org\/2024\/wp-json\/wp\/v2\/posts\/10053","targetHints":{"allow":["GET"]}}],"collection":[{"href":"https:\/\/www.bienaldelchaco.org\/2024\/wp-json\/wp\/v2\/posts"}],"about":[{"href":"https:\/\/www.bienaldelchaco.org\/2024\/wp-json\/wp\/v2\/types\/post"}],"author":[{"embeddable":true,"href":"https:\/\/www.bienaldelchaco.org\/2024\/wp-json\/wp\/v2\/users\/3"}],"replies":[{"embeddable":true,"href":"https:\/\/www.bienaldelchaco.org\/2024\/wp-json\/wp\/v2\/comments?post=10053"}],"version-history":[{"count":1,"href":"https:\/\/www.bienaldelchaco.org\/2024\/wp-json\/wp\/v2\/posts\/10053\/revisions"}],"predecessor-version":[{"id":10055,"href":"https:\/\/www.bienaldelchaco.org\/2024\/wp-json\/wp\/v2\/posts\/10053\/revisions\/10055"}],"wp:featuredmedia":[{"embeddable":true,"href":"https:\/\/www.bienaldelchaco.org\/2024\/wp-json\/wp\/v2\/media\/10054"}],"wp:attachment":[{"href":"https:\/\/www.bienaldelchaco.org\/2024\/wp-json\/wp\/v2\/media?parent=10053"}],"wp:term":[{"taxonomy":"category","embeddable":true,"href":"https:\/\/www.bienaldelchaco.org\/2024\/wp-json\/wp\/v2\/categories?post=10053"},{"taxonomy":"post_tag","embeddable":true,"href":"https:\/\/www.bienaldelchaco.org\/2024\/wp-json\/wp\/v2\/tags?post=10053"}],"curies":[{"name":"wp","href":"https:\/\/api.w.org\/{rel}","templated":true}]}}