{"id":10109,"date":"2022-07-20T12:03:02","date_gmt":"2022-07-20T15:03:02","guid":{"rendered":"https:\/\/www.bienaldelchaco.org\/2024\/?p=10109"},"modified":"2022-07-20T19:04:59","modified_gmt":"2022-07-20T22:04:59","slug":"comenzo-el-premio-desafio-hierros-lider-voces-de-los-participantes","status":"publish","type":"post","link":"https:\/\/www.bienaldelchaco.org\/2024\/comenzo-el-premio-desafio-hierros-lider-voces-de-los-participantes\/","title":{"rendered":"Comenz\u00f3 el Premio Desaf\u00edo \u201cHierros L\u00edder\u201d: Voces de los participantes"},"content":{"rendered":"<p>En uni\u00f3n colectiva<\/p>\n<p>Sobre madera Urunday o Astronium balansae de la zona intertropical americana van a\u00a0esculpir los 14 grupos de estudiantes-artistas que competir\u00e1n en el Octavo Premio Desaf\u00edo de la Bienal del Chaco.<\/p>\n<p><!--more-->[vc_row css_animation=&#8221;&#8221; row_type=&#8221;row&#8221; use_row_as_full_screen_section=&#8221;no&#8221; type=&#8221;full_width&#8221; angled_section=&#8221;no&#8221; text_align=&#8221;left&#8221; background_image_as_pattern=&#8221;without_pattern&#8221;][vc_column][vc_column_text]El desaf\u00edo comenz\u00f3 ayer por la ma\u00f1ana y tendr\u00e1 su continuaci\u00f3n hasta el d\u00eda jueves 21 de julio. El Premio Desaf\u00edo \u201cHierros Lider\u201d naci\u00f3 como una idea conjunta de Fabriciano y del mecenas Jorge Cura (Hierros Lider) como impulsante inici\u00e1tico, en b\u00fasqueda de darle voz y aliento a las nuevas generaciones de artistas escultores del pa\u00eds. Ya que todo lo que se ve en la bienal y no solo en referencia a lo escult\u00f3rico es una construcci\u00f3n colectiva, en palabras de Jos\u00e9 Eidman.<\/p>\n<p>Como testimonios de esta nueva competencia, que se impone como un verdadero desaf\u00edo, pudimos conversar con algunos de sus concursantes de La Rioja y Salta en representaci\u00f3n de sus equipos de trabajo respectivamente.<\/p>\n<p>&nbsp;<\/p>\n<p><b>De Salta, Horacio Nazareno Guantay<\/b>:<\/p>\n<p>\u201cAntes que nada muchas gracias a la Fundaci\u00f3n Urunday por habernos invitado, nosotros queremos plasmar una escultura que tenga que ver con nuestras vivencias personales; lo bueno, lo malo, las cosas que vivimos, la pasada pandemia, cosas que nosotros queremos establecer en un concepto art\u00edstico y\u00a0 trasladarlo a la escultura. El nombre de la obra es \u201cEspacio \u2013 Tiempo\u201d, la idea es expresar el tiempo que pas\u00f3 desde que comenzamos nuestro camino de aprendizaje en la Universidad de Bellas Artes hasta hoy. Para mi es un orgullo estar ac\u00e1 hoy y poder representar a la provincia de Salta en la Bienal de Escultura. Fabriciano era un escultor conocido en todo el mundo y un ejemplo a seguir para todos nosotros y volver a encontrarnos luego de una pandemia es muy emocionante y nos llena de orgullo estar hoy ac\u00e1 como participantes\u201d.<\/p>\n<p>&nbsp;<\/p>\n<p><b>Marcela Mascareno de La Rioja:\u00a0<\/b><\/p>\n<p>Marcela es la primera vez que participa del Premio Desaf\u00edo. Estudiante de tecnicatura en escultura junto a sus compa\u00f1eros, que est\u00e1n cursando el\u00a0 profesorado, vienen de La Rioja y tienen muchas expectativas de cumplir con la entrega de una buena obra.<\/p>\n<p>Su obra aborda un concepto espec\u00edfico y su nombre es Warmi, que en Quechua quiere decir mujer. Con ilusiones de adquirir experiencia de forma colectiva gracias a la presencialidad, Marcela nos comenta que est\u00e1 agradecida de poder asistir a la Bienal del Chaco.[\/vc_column_text][\/vc_column][\/vc_row][vc_row css_animation=&#8221;&#8221; row_type=&#8221;row&#8221; use_row_as_full_screen_section=&#8221;no&#8221; type=&#8221;full_width&#8221; angled_section=&#8221;no&#8221; text_align=&#8221;left&#8221; background_image_as_pattern=&#8221;without_pattern&#8221;][vc_column][vc_empty_space][\/vc_column][\/vc_row]\n","protected":false},"excerpt":{"rendered":"<p>En uni\u00f3n colectiva Sobre madera Urunday o Astronium balansae de la zona intertropical americana van a\u00a0esculpir los 14 grupos de estudiantes-artistas que competir\u00e1n en el Octavo Premio Desaf\u00edo de la Bienal del Chaco.<\/p>\n","protected":false},"author":3,"featured_media":10110,"comment_status":"closed","ping_status":"closed","sticky":false,"template":"","format":"standard","meta":{"footnotes":""},"categories":[6],"tags":[],"class_list":["post-10109","post","type-post","status-publish","format-standard","has-post-thumbnail","hentry","category-novedades"],"_links":{"self":[{"href":"https:\/\/www.bienaldelchaco.org\/2024\/wp-json\/wp\/v2\/posts\/10109","targetHints":{"allow":["GET"]}}],"collection":[{"href":"https:\/\/www.bienaldelchaco.org\/2024\/wp-json\/wp\/v2\/posts"}],"about":[{"href":"https:\/\/www.bienaldelchaco.org\/2024\/wp-json\/wp\/v2\/types\/post"}],"author":[{"embeddable":true,"href":"https:\/\/www.bienaldelchaco.org\/2024\/wp-json\/wp\/v2\/users\/3"}],"replies":[{"embeddable":true,"href":"https:\/\/www.bienaldelchaco.org\/2024\/wp-json\/wp\/v2\/comments?post=10109"}],"version-history":[{"count":2,"href":"https:\/\/www.bienaldelchaco.org\/2024\/wp-json\/wp\/v2\/posts\/10109\/revisions"}],"predecessor-version":[{"id":10112,"href":"https:\/\/www.bienaldelchaco.org\/2024\/wp-json\/wp\/v2\/posts\/10109\/revisions\/10112"}],"wp:featuredmedia":[{"embeddable":true,"href":"https:\/\/www.bienaldelchaco.org\/2024\/wp-json\/wp\/v2\/media\/10110"}],"wp:attachment":[{"href":"https:\/\/www.bienaldelchaco.org\/2024\/wp-json\/wp\/v2\/media?parent=10109"}],"wp:term":[{"taxonomy":"category","embeddable":true,"href":"https:\/\/www.bienaldelchaco.org\/2024\/wp-json\/wp\/v2\/categories?post=10109"},{"taxonomy":"post_tag","embeddable":true,"href":"https:\/\/www.bienaldelchaco.org\/2024\/wp-json\/wp\/v2\/tags?post=10109"}],"curies":[{"name":"wp","href":"https:\/\/api.w.org\/{rel}","templated":true}]}}