{"id":10190,"date":"2022-07-23T15:56:59","date_gmt":"2022-07-23T18:56:59","guid":{"rendered":"https:\/\/www.bienaldelchaco.org\/2024\/?p=10190"},"modified":"2022-07-25T16:17:30","modified_gmt":"2022-07-25T19:17:30","slug":"bienal-de-esculturas-del-chaco-claves-y-secretos-de-un-modelo-de-arte-publico-exitoso","status":"publish","type":"post","link":"https:\/\/www.bienaldelchaco.org\/2024\/bienal-de-esculturas-del-chaco-claves-y-secretos-de-un-modelo-de-arte-publico-exitoso\/","title":{"rendered":"Bienal de esculturas del Chaco: claves y secretos de un modelo de arte p\u00fablico exitoso"},"content":{"rendered":"<p>Se calcula que medio mill\u00f3n de personas ya visitaron el predio donde se desarrolla un certamen internacional de talla en m\u00e1rmol, a la par de un sinf\u00edn de actividades art\u00edsticas, culturales, acad\u00e9micas y recreativas<\/p>\n<div class=\"col-md-12 col-xs-12\">\n<div class=\"bajada\">\n<div class=\"byline\"><\/div>\n<\/div>\n<\/div>\n<p><!--more-->[vc_row css_animation=&#8221;&#8221; row_type=&#8221;row&#8221; use_row_as_full_screen_section=&#8221;no&#8221; type=&#8221;full_width&#8221; angled_section=&#8221;no&#8221; text_align=&#8221;left&#8221; background_image_as_pattern=&#8221;without_pattern&#8221;][vc_column][vc_column_text]\n<p class=\"paragraph\">(<i>Desde Resistencia.-<\/i>) \u201cEn Resistencia<b>\u00a0las estatuas no est\u00e1n enrejadas, ni valladas, no es necesario ir a un museo para verlas,\u00a0<\/b>forman parte de la cotidianeidad de la gente, est\u00e1n en parterres, esquinas, en la vereda del vecino; la comunidad abraz\u00f3 r\u00e1pidamente esta iniciativa\u201d, dice\u00a0<b>Jos\u00e9 Eidman, presidente de la Fundaci\u00f3n Urunday<\/b>, organizadora de la\u00a0<b>Bienal Internacional de Esculturas de Chaco, al exponer la historia de esta experiencia que ha ido creciendo hasta convertirse en un acontecimiento que proyecta a la provincia a la escena cultural mundial.<\/b><\/p>\n<p class=\"paragraph\">M\u00e1s de doscientos escultores de 70 pa\u00edses se inscribieron para participar de este certamen para el cual quedaron seleccionados s\u00f3lo diez que\u00a0<b>desde el s\u00e1bado 16 hasta hoy est\u00e1n esculpiendo sus obras a cielo abierto,<\/b>\u00a0en un predio junto al R\u00edo Negro, a poco m\u00e1s de kil\u00f3metro y medio del centro de la ciudad.<\/p>\n<div class=\"visual__image\"><img loading=\"lazy\" decoding=\"async\" class=\"size-full wp-image-10191 alignnone\" src=\"https:\/\/www.bienaldelchaco.org\/2024\/wp-content\/uploads\/2022\/07\/Sin-titulo-1-2.jpg\" alt=\"\" width=\"983\" height=\"553\" srcset=\"https:\/\/www.bienaldelchaco.org\/2024\/wp-content\/uploads\/2022\/07\/Sin-titulo-1-2.jpg 983w, https:\/\/www.bienaldelchaco.org\/2024\/wp-content\/uploads\/2022\/07\/Sin-titulo-1-2-300x169.jpg 300w, https:\/\/www.bienaldelchaco.org\/2024\/wp-content\/uploads\/2022\/07\/Sin-titulo-1-2-768x432.jpg 768w, https:\/\/www.bienaldelchaco.org\/2024\/wp-content\/uploads\/2022\/07\/Sin-titulo-1-2-700x394.jpg 700w, https:\/\/www.bienaldelchaco.org\/2024\/wp-content\/uploads\/2022\/07\/Sin-titulo-1-2-539x303.jpg 539w\" sizes=\"auto, (max-width: 983px) 100vw, 983px\" \/>En los primeros d\u00edas del certamen, el polvillo del m\u00e1rmol esculpido llena el aire del predio de la Fundaci\u00f3n Urunday<\/div>\n<p class=\"paragraph\">Compiten en\u00a0<b>esta Bienal, cuyo ganador ser\u00e1 anunciado por la noche<\/b>\u00a0en la gala de cierre, Genti Tavanxhiu, de Albania; Verena Mayer-Tasch, de Alemania; Juan Pablo Marturano, de Argentina; Sondong Choe, de Corea del Sur; Arijel Strukelj, de Eslovenia; Jhon Gogaberishvili, de Georgia; David Mart\u00ednez Bucio, de M\u00e9xico; Petre Mogosanu, de Rumania; Ebru Akinci, de Turqu\u00eda; y Ihor Tkachivskyi, de Ucrania.\u00a0<b>\u201cEllos son los proveedores de obras de arte para el patrimonio de la provincia\u201d,<\/b>\u00a0se\u00f1ala Eidman, en relaci\u00f3n al hecho de que las esculturas realizadas durante la Bienal permanecen en Resistencia y son ubicadas en el espacio p\u00fablico.<\/p>\n<div class=\"visual__image\"><img loading=\"lazy\" decoding=\"async\" class=\"size-full wp-image-10202 alignnone\" src=\"https:\/\/www.bienaldelchaco.org\/2024\/wp-content\/uploads\/2022\/07\/XUG6Y634ZVBRJMYMAGUDMRYHFA.jpg\" alt=\"\" width=\"992\" height=\"1488\" srcset=\"https:\/\/www.bienaldelchaco.org\/2024\/wp-content\/uploads\/2022\/07\/XUG6Y634ZVBRJMYMAGUDMRYHFA.jpg 992w, https:\/\/www.bienaldelchaco.org\/2024\/wp-content\/uploads\/2022\/07\/XUG6Y634ZVBRJMYMAGUDMRYHFA-200x300.jpg 200w, https:\/\/www.bienaldelchaco.org\/2024\/wp-content\/uploads\/2022\/07\/XUG6Y634ZVBRJMYMAGUDMRYHFA-683x1024.jpg 683w, https:\/\/www.bienaldelchaco.org\/2024\/wp-content\/uploads\/2022\/07\/XUG6Y634ZVBRJMYMAGUDMRYHFA-768x1152.jpg 768w, https:\/\/www.bienaldelchaco.org\/2024\/wp-content\/uploads\/2022\/07\/XUG6Y634ZVBRJMYMAGUDMRYHFA-700x1050.jpg 700w\" sizes=\"auto, (max-width: 992px) 100vw, 992px\" \/>Una de las obras de anteriores bienales que ya es parte del patrimonio escult\u00f3rico provincial (&#8220;Angel mensajero&#8221;, de Alexander Eremin, de Rusia, Bienal Internacional de Escultura 2008)<\/div>\n<p class=\"paragraph\">A ellos se suman\u00a0<b>cuatro escultores argentinos invitados\u00a0<\/b>que exponen obras: Alejandro Arce y Norma Siguelboim, de Buenos Aires; Fabiana Larrea de Chaco y M\u00f3nica Souza, de Mendoza.<\/p>\n<p class=\"paragraph\">Adem\u00e1s del premio del jurado, hay otros, en particular\u00a0<b>el premio del p\u00fablico y el premio de los ni\u00f1os.<\/b>\u00a0Estos dos \u00faltimos, aseguran los organizadores, coinciden cada vez m\u00e1s con el voto del jurado, indicio de que el p\u00fablico se va familiarizando con este arte y con sus criterios est\u00e9ticos.<\/p>\n<div class=\"visual__image\"><img loading=\"lazy\" decoding=\"async\" class=\"size-full wp-image-10192 alignnone\" src=\"https:\/\/www.bienaldelchaco.org\/2024\/wp-content\/uploads\/2022\/07\/A5OPLPZLKFGHJEXIWV73FCGBQU.jpg\" alt=\"\" width=\"992\" height=\"558\" srcset=\"https:\/\/www.bienaldelchaco.org\/2024\/wp-content\/uploads\/2022\/07\/A5OPLPZLKFGHJEXIWV73FCGBQU.jpg 992w, https:\/\/www.bienaldelchaco.org\/2024\/wp-content\/uploads\/2022\/07\/A5OPLPZLKFGHJEXIWV73FCGBQU-300x169.jpg 300w, https:\/\/www.bienaldelchaco.org\/2024\/wp-content\/uploads\/2022\/07\/A5OPLPZLKFGHJEXIWV73FCGBQU-768x432.jpg 768w, https:\/\/www.bienaldelchaco.org\/2024\/wp-content\/uploads\/2022\/07\/A5OPLPZLKFGHJEXIWV73FCGBQU-700x394.jpg 700w, https:\/\/www.bienaldelchaco.org\/2024\/wp-content\/uploads\/2022\/07\/A5OPLPZLKFGHJEXIWV73FCGBQU-539x303.jpg 539w\" sizes=\"auto, (max-width: 992px) 100vw, 992px\" \/>Un concursante en plena tarea<\/div>\n<p class=\"paragraph\">\u201cEsta es la historia de\u00a0<b>un concurso de escultura nacional que en 30 a\u00f1os se convirti\u00f3 en el certamen m\u00e1s grande del mundo\u201d,<\/b>\u00a0explica Eidman. En el a\u00f1o 1988, por iniciativa del escultor Fabriciano G\u00f3mez, se hizo el primer concurso.<\/p>\n<p class=\"paragraph\">\u201cTreinta dos escultores de todo el pa\u00eds compitieron en la plaza central de Resistencia -sigue contando el presidente de la Fundaci\u00f3n Urunday-.\u00a0<b>La gente se entusiasm\u00f3 much\u00edsimo y los vecinos oficiaban de asistentes, les tra\u00edan y hasta fabricaban las herramientas ad hoc<\/b>\u00a0que necesitaban los artistas para completar sus obras\u201d.<\/p>\n<div class=\"visual__image\"><img loading=\"lazy\" decoding=\"async\" class=\"size-full wp-image-10199 alignnone\" src=\"https:\/\/www.bienaldelchaco.org\/2024\/wp-content\/uploads\/2022\/07\/O3FAEZFP2ZEK3G55HKAOW7LNVQ.jpg\" alt=\"\" width=\"992\" height=\"558\" srcset=\"https:\/\/www.bienaldelchaco.org\/2024\/wp-content\/uploads\/2022\/07\/O3FAEZFP2ZEK3G55HKAOW7LNVQ.jpg 992w, https:\/\/www.bienaldelchaco.org\/2024\/wp-content\/uploads\/2022\/07\/O3FAEZFP2ZEK3G55HKAOW7LNVQ-300x169.jpg 300w, https:\/\/www.bienaldelchaco.org\/2024\/wp-content\/uploads\/2022\/07\/O3FAEZFP2ZEK3G55HKAOW7LNVQ-768x432.jpg 768w, https:\/\/www.bienaldelchaco.org\/2024\/wp-content\/uploads\/2022\/07\/O3FAEZFP2ZEK3G55HKAOW7LNVQ-700x394.jpg 700w, https:\/\/www.bienaldelchaco.org\/2024\/wp-content\/uploads\/2022\/07\/O3FAEZFP2ZEK3G55HKAOW7LNVQ-539x303.jpg 539w\" sizes=\"auto, (max-width: 992px) 100vw, 992px\" \/>Una de las obras en miniatura de la muestra &#8220;Esculturas del mundo&#8221;, de Arijel Strukelj, de Eslovenia: &#8220;Tensiones digitales&#8221;<\/div>\n<p class=\"paragraph\">Fabriciano G\u00f3mez tuvo que convencer a los reticentes que<b>\u00a0cre\u00edan que no era posible un concurso en espacio publico por temor al vandalismo,<\/b>\u00a0cuenta\u00a0<b>Francisco Romero, presidente del Instituto de Cultura del Chaco<\/b>. Pero la experiencia fue tan exitosa -doscientas mil personas se acercaron durante esa semana a visitar el certamen y a debatir con los escultores- que se volvi\u00f3 tradici\u00f3n y m\u00e1s tarde tom\u00f3 dimensi\u00f3n mundial.<\/p>\n<div class=\"visual__image\"><img loading=\"lazy\" decoding=\"async\" class=\"size-full wp-image-10196 alignnone\" src=\"https:\/\/www.bienaldelchaco.org\/2024\/wp-content\/uploads\/2022\/07\/KIKSUCOQKVAJ3NE353SPGSU2AY.jpg\" alt=\"\" width=\"992\" height=\"558\" srcset=\"https:\/\/www.bienaldelchaco.org\/2024\/wp-content\/uploads\/2022\/07\/KIKSUCOQKVAJ3NE353SPGSU2AY.jpg 992w, https:\/\/www.bienaldelchaco.org\/2024\/wp-content\/uploads\/2022\/07\/KIKSUCOQKVAJ3NE353SPGSU2AY-300x169.jpg 300w, https:\/\/www.bienaldelchaco.org\/2024\/wp-content\/uploads\/2022\/07\/KIKSUCOQKVAJ3NE353SPGSU2AY-768x432.jpg 768w, https:\/\/www.bienaldelchaco.org\/2024\/wp-content\/uploads\/2022\/07\/KIKSUCOQKVAJ3NE353SPGSU2AY-700x394.jpg 700w, https:\/\/www.bienaldelchaco.org\/2024\/wp-content\/uploads\/2022\/07\/KIKSUCOQKVAJ3NE353SPGSU2AY-539x303.jpg 539w\" sizes=\"auto, (max-width: 992px) 100vw, 992px\" \/>El escultor Fabriciano G\u00f3mez, fundador de la Bienal del Chaco, fallecido en 2021<\/div>\n<p class=\"paragraph\">Cuando la plaza central de Resistencia qued\u00f3 chica, en 2006, el gobierno cedi\u00f3 un predio a la Fundaci\u00f3n Urunday junto al R\u00edo Negro. Este a\u00f1o\u00a0<b>el espacio que ocupa la Bienal es de 14 hect\u00e1reas, el doble que en 2018<\/b>\u00a0(en el 2020 no se realiz\u00f3 por las restricciones que impuso al pandemia).<\/p>\n<p class=\"paragraph\">Es que\u00a0<b>el certamen de escultura se ha ido rodeando progresivamente de muchas otras actividades culturales y recreativas,<\/b>\u00a0de una gran diversidad, y todas de acceso gratuito. \u201cEn un mismo d\u00eda, convergen el concurso Rapeale (hip hop) y la Orquesta Sinf\u00f3nica del Chaco presentando la 9a Sinfon\u00eda de Beethoven\u201d, ejemplifica Romero.<\/p>\n<p class=\"paragraph\"><img loading=\"lazy\" decoding=\"async\" class=\"size-full wp-image-10193 alignnone\" src=\"https:\/\/www.bienaldelchaco.org\/2024\/wp-content\/uploads\/2022\/07\/BIHT6P5NNZFOZE3L3BL5MRLRIY.jpg\" alt=\"\" width=\"992\" height=\"992\" srcset=\"https:\/\/www.bienaldelchaco.org\/2024\/wp-content\/uploads\/2022\/07\/BIHT6P5NNZFOZE3L3BL5MRLRIY.jpg 992w, https:\/\/www.bienaldelchaco.org\/2024\/wp-content\/uploads\/2022\/07\/BIHT6P5NNZFOZE3L3BL5MRLRIY-300x300.jpg 300w, https:\/\/www.bienaldelchaco.org\/2024\/wp-content\/uploads\/2022\/07\/BIHT6P5NNZFOZE3L3BL5MRLRIY-150x150.jpg 150w, https:\/\/www.bienaldelchaco.org\/2024\/wp-content\/uploads\/2022\/07\/BIHT6P5NNZFOZE3L3BL5MRLRIY-768x768.jpg 768w, https:\/\/www.bienaldelchaco.org\/2024\/wp-content\/uploads\/2022\/07\/BIHT6P5NNZFOZE3L3BL5MRLRIY-570x570.jpg 570w, https:\/\/www.bienaldelchaco.org\/2024\/wp-content\/uploads\/2022\/07\/BIHT6P5NNZFOZE3L3BL5MRLRIY-500x500.jpg 500w, https:\/\/www.bienaldelchaco.org\/2024\/wp-content\/uploads\/2022\/07\/BIHT6P5NNZFOZE3L3BL5MRLRIY-700x700.jpg 700w\" sizes=\"auto, (max-width: 992px) 100vw, 992px\" \/>Otro atractivo de la Bienal es el\u00a0<b>Premio Desaf\u00edo, un certamen destinado a estudiantes de arte de todo el pa\u00eds<\/b>, que en 48 horas deben realizar una obra en madera, en un espacio adyacente al que ocupan los escultores del concurso principal. \u201cPermite a los estudiantes vincularse con artistas consagrados, pispear sus t\u00e9cnicas, es una experiencia muy enriquecedora\u201d, afirma Eidman.<\/p>\n<p class=\"paragraph\">El Premio Desaf\u00edo fue entregado en la tarde del viernes; los ganadores fueron los estudiantes chaque\u00f1os del\u00a0<b>Instituto Superior del Profesorado de Ense\u00f1anza Art\u00edstica Alfredo P\u00e9rtile (Benito Luciano Binder, Ricardo Jos\u00e9 Ruiz y Ernesto Antonio Sosa)\u00a0<\/b>con una obra que homenajea al creador de la Bienal, Fabriciano G\u00f3mez.<\/p>\n<p class=\"paragraph\">Otras cuatro muestras se desarrollan en paralelo con el certamen. Una de esculturas del mundo, en la que se exhiben obras en miniatura realizadas por los artistas que compiten; otra de escultores del Norte Grande; una de escultores chaque\u00f1os y en el Instituto de Bellas Artes se exhibe la colecci\u00f3n del Museo La C\u00e1rcova.<\/p>\n<div class=\"visual__image\"><img loading=\"lazy\" decoding=\"async\" class=\"size-full wp-image-10195 alignnone\" src=\"https:\/\/www.bienaldelchaco.org\/2024\/wp-content\/uploads\/2022\/07\/K6OLI2DEMFHS7K6ZN3N3UCCIRY.jpg\" alt=\"\" width=\"992\" height=\"1764\" srcset=\"https:\/\/www.bienaldelchaco.org\/2024\/wp-content\/uploads\/2022\/07\/K6OLI2DEMFHS7K6ZN3N3UCCIRY.jpg 992w, https:\/\/www.bienaldelchaco.org\/2024\/wp-content\/uploads\/2022\/07\/K6OLI2DEMFHS7K6ZN3N3UCCIRY-169x300.jpg 169w, https:\/\/www.bienaldelchaco.org\/2024\/wp-content\/uploads\/2022\/07\/K6OLI2DEMFHS7K6ZN3N3UCCIRY-576x1024.jpg 576w, https:\/\/www.bienaldelchaco.org\/2024\/wp-content\/uploads\/2022\/07\/K6OLI2DEMFHS7K6ZN3N3UCCIRY-768x1366.jpg 768w, https:\/\/www.bienaldelchaco.org\/2024\/wp-content\/uploads\/2022\/07\/K6OLI2DEMFHS7K6ZN3N3UCCIRY-864x1536.jpg 864w, https:\/\/www.bienaldelchaco.org\/2024\/wp-content\/uploads\/2022\/07\/K6OLI2DEMFHS7K6ZN3N3UCCIRY-700x1245.jpg 700w\" sizes=\"auto, (max-width: 992px) 100vw, 992px\" \/>Escultores del Norte Grande. &#8220;Coca manta&#8221;, de Guillermo Rodr\u00edguez, de Tucum\u00e1n. Madera del Norte ensamblada (2022)<\/div>\n<p class=\"paragraph\">La oferta cultural se completa con espect\u00e1culos musicales y teatrales y una feria de maestros artesanos, entre otros.<\/p>\n<p class=\"paragraph\">Una de las grandes ventajas con que ha contado la Fundaci\u00f3n Urunday para su tarea, explica Jos\u00e9 Eidman, es una muy buena<b>\u00a0Ley de Mecenazgo provincial<\/b>, que permite a las empresas redireccionar parte de los impuestos hacia la actividad cultural. Tambi\u00e9n han contado con respaldo del CFI y del municipio. \u201cEsto es un patrimonio que ya no es de un gobierno en particular sino del Estado, de las instituciones, de la comunidad\u201d, afirma.<\/p>\n<p class=\"paragraph\">Esa Ley, dice por su parte Francisco Romero, fue fruto de la decisi\u00f3n pol\u00edtica de definir \u201ca las artes y a la cultura como razones de Estado\u201d.<\/p>\n<div class=\"visual__image\"><img loading=\"lazy\" decoding=\"async\" class=\"size-full wp-image-10203 alignnone\" src=\"https:\/\/www.bienaldelchaco.org\/2024\/wp-content\/uploads\/2022\/07\/Z667MXIGM5BUFG3X6CNVNQTZYE.jpg\" alt=\"\" width=\"992\" height=\"1323\" srcset=\"https:\/\/www.bienaldelchaco.org\/2024\/wp-content\/uploads\/2022\/07\/Z667MXIGM5BUFG3X6CNVNQTZYE.jpg 992w, https:\/\/www.bienaldelchaco.org\/2024\/wp-content\/uploads\/2022\/07\/Z667MXIGM5BUFG3X6CNVNQTZYE-225x300.jpg 225w, https:\/\/www.bienaldelchaco.org\/2024\/wp-content\/uploads\/2022\/07\/Z667MXIGM5BUFG3X6CNVNQTZYE-768x1024.jpg 768w, https:\/\/www.bienaldelchaco.org\/2024\/wp-content\/uploads\/2022\/07\/Z667MXIGM5BUFG3X6CNVNQTZYE-300x400.jpg 300w, https:\/\/www.bienaldelchaco.org\/2024\/wp-content\/uploads\/2022\/07\/Z667MXIGM5BUFG3X6CNVNQTZYE-600x800.jpg 600w, https:\/\/www.bienaldelchaco.org\/2024\/wp-content\/uploads\/2022\/07\/Z667MXIGM5BUFG3X6CNVNQTZYE-700x934.jpg 700w\" sizes=\"auto, (max-width: 992px) 100vw, 992px\" \/>Otro gran atractivo de la Bienal es la escultura ef\u00edmera, en arena<\/div>\n<p class=\"paragraph\">\u201cLa Bienal tiene tambi\u00e9n la certificaci\u00f3n IRAM ya que cumple con las normas ISO 9000?, dice\u00a0<b>Gaspar Garc\u00eda Damonte, un cordob\u00e9s que hace unos a\u00f1os asisti\u00f3 a una Bienal y qued\u00f3 tan deslumbrado que se convirti\u00f3 en asesor de la Fundaci\u00f3n<\/b>. \u201cEste es el museo al aire libre m\u00e1s grande del mundo y queremos posicionarlo en el mapa del turismo cultural. Es el arte como agente de transformaci\u00f3n econ\u00f3mica, como factor de desarrollo\u201d, agrega. Y cuenta que para esta edici\u00f3n de la Bienal se trabaj\u00f3 en conjunto con la Red de Accesibilidad Cutlural, para permitir que las personas con discapacidades puedan disfrutar de toda la oferta cultural.<\/p>\n<div class=\"visual__image\"><img loading=\"lazy\" decoding=\"async\" class=\"size-full wp-image-10197 alignnone\" src=\"https:\/\/www.bienaldelchaco.org\/2024\/wp-content\/uploads\/2022\/07\/KU3W4IF5YFEMXOXSYZ5XW7YLSE.jpg\" alt=\"\" width=\"992\" height=\"558\" srcset=\"https:\/\/www.bienaldelchaco.org\/2024\/wp-content\/uploads\/2022\/07\/KU3W4IF5YFEMXOXSYZ5XW7YLSE.jpg 992w, https:\/\/www.bienaldelchaco.org\/2024\/wp-content\/uploads\/2022\/07\/KU3W4IF5YFEMXOXSYZ5XW7YLSE-300x169.jpg 300w, https:\/\/www.bienaldelchaco.org\/2024\/wp-content\/uploads\/2022\/07\/KU3W4IF5YFEMXOXSYZ5XW7YLSE-768x432.jpg 768w, https:\/\/www.bienaldelchaco.org\/2024\/wp-content\/uploads\/2022\/07\/KU3W4IF5YFEMXOXSYZ5XW7YLSE-700x394.jpg 700w, https:\/\/www.bienaldelchaco.org\/2024\/wp-content\/uploads\/2022\/07\/KU3W4IF5YFEMXOXSYZ5XW7YLSE-539x303.jpg 539w\" sizes=\"auto, (max-width: 992px) 100vw, 992px\" \/>Gaspar Garc\u00eda Daponte y Jos\u00e9 Eidman, respectivamente asesor y presidente de la Fudnaci\u00f3n Urunday, organizadora del Bienal del Chaco<\/div>\n<p class=\"paragraph\">La Fundaci\u00f3n Urunday tiene un\u00a0<b>Departamento de Mantenimiento y Restauraci\u00f3n.\u00a0<\/b>En los a\u00f1os en que no hay bienal -los impares- la actividad se concentra en las tareas de conservaci\u00f3n del patrimonio escult\u00f3rico diseminado en toda la ciudad.<\/p>\n<p class=\"paragraph\">El destino de las obras esculpidas es<b>\u00a0el predio de la Fundaci\u00f3n, un bulevar que lo conecta con la ciudad o la vereda del vecino<\/b>. Para ello, hay postulaciones y consultas populares. Una ordenanza municipal reciente establece que la Fundaci\u00f3n Urunday y un comit\u00e9 multidisciplinario (universidad, especialistas, etc) intervienen en esas decisiones.<\/p>\n<div class=\"visual__image\"><img loading=\"lazy\" decoding=\"async\" class=\"size-full wp-image-10198 alignnone\" src=\"https:\/\/www.bienaldelchaco.org\/2024\/wp-content\/uploads\/2022\/07\/M6C3PY354ZGGVIIAOX4VCR7ZQ4.jpg\" alt=\"\" width=\"992\" height=\"992\" srcset=\"https:\/\/www.bienaldelchaco.org\/2024\/wp-content\/uploads\/2022\/07\/M6C3PY354ZGGVIIAOX4VCR7ZQ4.jpg 992w, https:\/\/www.bienaldelchaco.org\/2024\/wp-content\/uploads\/2022\/07\/M6C3PY354ZGGVIIAOX4VCR7ZQ4-300x300.jpg 300w, https:\/\/www.bienaldelchaco.org\/2024\/wp-content\/uploads\/2022\/07\/M6C3PY354ZGGVIIAOX4VCR7ZQ4-150x150.jpg 150w, https:\/\/www.bienaldelchaco.org\/2024\/wp-content\/uploads\/2022\/07\/M6C3PY354ZGGVIIAOX4VCR7ZQ4-768x768.jpg 768w, https:\/\/www.bienaldelchaco.org\/2024\/wp-content\/uploads\/2022\/07\/M6C3PY354ZGGVIIAOX4VCR7ZQ4-570x570.jpg 570w, https:\/\/www.bienaldelchaco.org\/2024\/wp-content\/uploads\/2022\/07\/M6C3PY354ZGGVIIAOX4VCR7ZQ4-500x500.jpg 500w, https:\/\/www.bienaldelchaco.org\/2024\/wp-content\/uploads\/2022\/07\/M6C3PY354ZGGVIIAOX4VCR7ZQ4-700x700.jpg 700w\" sizes=\"auto, (max-width: 992px) 100vw, 992px\" \/>Una de las esculturas del Premio Desaf\u00edo<\/div>\n<p class=\"paragraph\">La Bienal 2022 fue esperada con ansias, por ser la primera despu\u00e9s de 4 a\u00f1os. En palabras de Mimo Eidman, miembro de la Fundaci\u00f3n Urunday y sobre todo compa\u00f1era de ruta de Fabriciano G\u00f3mez -fallecido en 2021- en la aventura que ha sido esta experiencia cultural,\u00a0<b>\u201cesta es la primera Bienal sin Fabriciano, pero es la Bienal\u00a0<\/b><i><b>de<\/b><\/i><b>\u00a0Fabriciano\u201d.<\/b><\/p>\n<p class=\"paragraph\">Para el Instituto de Cultura, es tambi\u00e9n\u00a0<b>la edici\u00f3n de mayor impacto econ\u00f3mico en toda la cadena de valor de las industrias culturales y tur\u00edsticas<\/b>, con resultados que superaron las expectivas de sus organizadores: las plazas hoteleras de Resistencia est\u00e1n colmadas, lo mismo sucede con la vecina ciudad de Corrientes.<\/p>\n<div class=\"visual__image\"><img loading=\"lazy\" decoding=\"async\" class=\"size-full wp-image-10194 alignnone\" src=\"https:\/\/www.bienaldelchaco.org\/2024\/wp-content\/uploads\/2022\/07\/H7VHIDT5NRCBTMLCOHUGVEILNU.jpg\" alt=\"\" width=\"992\" height=\"558\" srcset=\"https:\/\/www.bienaldelchaco.org\/2024\/wp-content\/uploads\/2022\/07\/H7VHIDT5NRCBTMLCOHUGVEILNU.jpg 992w, https:\/\/www.bienaldelchaco.org\/2024\/wp-content\/uploads\/2022\/07\/H7VHIDT5NRCBTMLCOHUGVEILNU-300x169.jpg 300w, https:\/\/www.bienaldelchaco.org\/2024\/wp-content\/uploads\/2022\/07\/H7VHIDT5NRCBTMLCOHUGVEILNU-768x432.jpg 768w, https:\/\/www.bienaldelchaco.org\/2024\/wp-content\/uploads\/2022\/07\/H7VHIDT5NRCBTMLCOHUGVEILNU-700x394.jpg 700w, https:\/\/www.bienaldelchaco.org\/2024\/wp-content\/uploads\/2022\/07\/H7VHIDT5NRCBTMLCOHUGVEILNU-539x303.jpg 539w\" sizes=\"auto, (max-width: 992px) 100vw, 992px\" \/>En la Bienal tambi\u00e9n hubo un sector destinado a la gastronom\u00eda regional<\/div>\n<p class=\"paragraph\">En palabras de Romero, \u201cChaco, a trav\u00e9s de una propuesta art\u00edstica, es un atractivo tur\u00edstico que impacta en el consumo interno v\u00eda \u2018Compre Chaco\u2019 de propios y visitantes,\u00a0<b>es un acontecimiento educativo<\/b>\u00a0porque aprendemos a trav\u00e9s del arte a ser mejores anfitriones y los visitantes aprenden qu\u00e9 es un Museo a Cielo Abierto, y es\u00a0<b>un acontecimiento acad\u00e9mico<\/b>\u00a0por la participaci\u00f3n de 14 escuelas de Bellas Artes en el Premio Desaf\u00edo, la realizaci\u00f3n del Congreso Internacional de las Artes, un Congreso de Derecho de las Artes y un Seminario de Escultura Contempor\u00e1nea en el Espacio P\u00fablico\u201d.<\/p>\n<div class=\"visual__image\"><img loading=\"lazy\" decoding=\"async\" class=\"size-full wp-image-10201 alignnone\" src=\"https:\/\/www.bienaldelchaco.org\/2024\/wp-content\/uploads\/2022\/07\/WWW5LHBTEJG4TI2UGJOFCKE34Y.jpg\" alt=\"\" width=\"992\" height=\"558\" srcset=\"https:\/\/www.bienaldelchaco.org\/2024\/wp-content\/uploads\/2022\/07\/WWW5LHBTEJG4TI2UGJOFCKE34Y.jpg 992w, https:\/\/www.bienaldelchaco.org\/2024\/wp-content\/uploads\/2022\/07\/WWW5LHBTEJG4TI2UGJOFCKE34Y-300x169.jpg 300w, https:\/\/www.bienaldelchaco.org\/2024\/wp-content\/uploads\/2022\/07\/WWW5LHBTEJG4TI2UGJOFCKE34Y-768x432.jpg 768w, https:\/\/www.bienaldelchaco.org\/2024\/wp-content\/uploads\/2022\/07\/WWW5LHBTEJG4TI2UGJOFCKE34Y-700x394.jpg 700w, https:\/\/www.bienaldelchaco.org\/2024\/wp-content\/uploads\/2022\/07\/WWW5LHBTEJG4TI2UGJOFCKE34Y-539x303.jpg 539w\" sizes=\"auto, (max-width: 992px) 100vw, 992px\" \/>Vista de la explanada donde trabajan los escultores<\/div>\n<p class=\"paragraph\">Este a\u00f1o, a trav\u00e9s de sondeos en el p\u00fablico asistente,<b>\u00a0los organizadores concluyen que el 80% de los turistas asistentes vinieron expresamente a ver la Bienal, que hubo un 5% de visitantes extranjeros y un 15% extra zona,\u00a0<\/b>es decir, que no vienen de provincias de la regi\u00f3n. Datos que permiten medir el impacto y la dimensi\u00f3n que progresivamente va adquiriendo esta Bienal.<\/p>\n<div class=\"visual__image\"><img loading=\"lazy\" decoding=\"async\" class=\"size-full wp-image-10200 alignnone\" src=\"https:\/\/www.bienaldelchaco.org\/2024\/wp-content\/uploads\/2022\/07\/S3SM6REAVFCC3LI5NZ45ILWEW4.jpg\" alt=\"\" width=\"992\" height=\"558\" srcset=\"https:\/\/www.bienaldelchaco.org\/2024\/wp-content\/uploads\/2022\/07\/S3SM6REAVFCC3LI5NZ45ILWEW4.jpg 992w, https:\/\/www.bienaldelchaco.org\/2024\/wp-content\/uploads\/2022\/07\/S3SM6REAVFCC3LI5NZ45ILWEW4-300x169.jpg 300w, https:\/\/www.bienaldelchaco.org\/2024\/wp-content\/uploads\/2022\/07\/S3SM6REAVFCC3LI5NZ45ILWEW4-768x432.jpg 768w, https:\/\/www.bienaldelchaco.org\/2024\/wp-content\/uploads\/2022\/07\/S3SM6REAVFCC3LI5NZ45ILWEW4-700x394.jpg 700w, https:\/\/www.bienaldelchaco.org\/2024\/wp-content\/uploads\/2022\/07\/S3SM6REAVFCC3LI5NZ45ILWEW4-539x303.jpg 539w\" sizes=\"auto, (max-width: 992px) 100vw, 992px\" \/>&#8220;Sube y baja con dos perros&#8221;, hecho en resina, Pablo Smidt, Argentina, artista invitado de la Primera Bienal Internacional de Escultura (1998)<\/div>\n[\/vc_column_text][\/vc_column][\/vc_row][vc_row css_animation=&#8221;&#8221; row_type=&#8221;row&#8221; use_row_as_full_screen_section=&#8221;no&#8221; type=&#8221;full_width&#8221; angled_section=&#8221;no&#8221; text_align=&#8221;left&#8221; background_image_as_pattern=&#8221;without_pattern&#8221;][vc_column][vc_empty_space][vc_column_text]<iframe loading=\"lazy\" src=\"\/\/content.jwplatform.com\/players\/6rIP1fZb-a9NdgpIU.html\" width=\"640\" height=\"360\" frameborder=\"0\" scrolling=\"auto\"><\/iframe>[\/vc_column_text][vc_empty_space][vc_column_text]Fuente:\u00a0 <a href=\"https:\/\/www.infobae.com\/cultura\/2022\/07\/23\/bienal-de-esculturas-del-chaco-claves-y-secretos-de-un-modelo-de-arte-publico-exitoso\/\" target=\"_blank\" rel=\"noopener\">https:\/\/www.infobae.com\/cultura\/2022\/07\/23\/bienal-de-esculturas-del-chaco-claves-y-secretos-de-un-modelo-de-arte-publico-exitoso\/<\/a>[\/vc_column_text][vc_empty_space][\/vc_column][\/vc_row]\n","protected":false},"excerpt":{"rendered":"<p>Se calcula que medio mill\u00f3n de personas ya visitaron el predio donde se desarrolla un certamen internacional de talla en m\u00e1rmol, a la par de un sinf\u00edn de actividades art\u00edsticas, culturales, acad\u00e9micas y recreativas<\/p>\n","protected":false},"author":3,"featured_media":10192,"comment_status":"closed","ping_status":"closed","sticky":false,"template":"","format":"standard","meta":{"footnotes":""},"categories":[6],"tags":[],"class_list":["post-10190","post","type-post","status-publish","format-standard","has-post-thumbnail","hentry","category-novedades"],"_links":{"self":[{"href":"https:\/\/www.bienaldelchaco.org\/2024\/wp-json\/wp\/v2\/posts\/10190","targetHints":{"allow":["GET"]}}],"collection":[{"href":"https:\/\/www.bienaldelchaco.org\/2024\/wp-json\/wp\/v2\/posts"}],"about":[{"href":"https:\/\/www.bienaldelchaco.org\/2024\/wp-json\/wp\/v2\/types\/post"}],"author":[{"embeddable":true,"href":"https:\/\/www.bienaldelchaco.org\/2024\/wp-json\/wp\/v2\/users\/3"}],"replies":[{"embeddable":true,"href":"https:\/\/www.bienaldelchaco.org\/2024\/wp-json\/wp\/v2\/comments?post=10190"}],"version-history":[{"count":2,"href":"https:\/\/www.bienaldelchaco.org\/2024\/wp-json\/wp\/v2\/posts\/10190\/revisions"}],"predecessor-version":[{"id":10205,"href":"https:\/\/www.bienaldelchaco.org\/2024\/wp-json\/wp\/v2\/posts\/10190\/revisions\/10205"}],"wp:featuredmedia":[{"embeddable":true,"href":"https:\/\/www.bienaldelchaco.org\/2024\/wp-json\/wp\/v2\/media\/10192"}],"wp:attachment":[{"href":"https:\/\/www.bienaldelchaco.org\/2024\/wp-json\/wp\/v2\/media?parent=10190"}],"wp:term":[{"taxonomy":"category","embeddable":true,"href":"https:\/\/www.bienaldelchaco.org\/2024\/wp-json\/wp\/v2\/categories?post=10190"},{"taxonomy":"post_tag","embeddable":true,"href":"https:\/\/www.bienaldelchaco.org\/2024\/wp-json\/wp\/v2\/tags?post=10190"}],"curies":[{"name":"wp","href":"https:\/\/api.w.org\/{rel}","templated":true}]}}