{"id":10303,"date":"2022-07-25T15:27:08","date_gmt":"2022-07-25T18:27:08","guid":{"rendered":"https:\/\/www.bienaldelchaco.org\/2024\/?p=10303"},"modified":"2022-07-26T15:35:05","modified_gmt":"2022-07-26T18:35:05","slug":"la-bienal-de-chaco-un-acontecimiento-cultural-modelo-en-el-mundo","status":"publish","type":"post","link":"https:\/\/www.bienaldelchaco.org\/2024\/la-bienal-de-chaco-un-acontecimiento-cultural-modelo-en-el-mundo\/","title":{"rendered":"La Bienal de Chaco, un acontecimiento cultural modelo en el mundo"},"content":{"rendered":"<div class=\"entry-title col-lg-6 col-md-12 col-sm-12 col-xs-12\">\n<div class=\"bajada\">\n<div class=\"entry-title col-lg-6 col-md-12 col-sm-12 col-xs-12\">\n<div class=\"bajada\">\n<div class=\"wrapper-header\">\n<div class=\"container-xl\">\n<div class=\"row\">\n<div class=\"col-12\">\n<div class=\"head-content mb-4\">\n<div class=\"subtitle\">\n<header class=\"entry-header\">\n<div class=\"bajada\">\n<p>Cada dos a\u00f1os, la provincia del Nea recibe al mayor acontecimiento mundial en su modalidad. Diez escultores de prestigio trabajaron a cielo abierto durante una semana para realizar una obra desde cero que, luego, pasar\u00e1 a engrosar el espacio p\u00fablico de Resistencia, la ciudad de las esculturas, que cuenta hasta hoy con m\u00e1s de 650 obras en sus calles.<\/p>\n<div class=\"row\"><\/div>\n<\/div>\n<\/header>\n<\/div>\n<div class=\"d-flex justify-content-between align-items-end mt-3\"><\/div>\n<\/div>\n<\/div>\n<\/div>\n<\/div>\n<\/div>\n<\/div>\n<\/div>\n<\/div>\n<\/div>\n<p><!--more-->[vc_row css_animation=&#8221;&#8221; row_type=&#8221;row&#8221; use_row_as_full_screen_section=&#8221;no&#8221; type=&#8221;full_width&#8221; angled_section=&#8221;no&#8221; text_align=&#8221;left&#8221; background_image_as_pattern=&#8221;without_pattern&#8221;][vc_column][vc_column_text]Despu\u00e9s de una intensa semana de trabajo, culmin\u00f3 este s\u00e1bado 23 de julio la <a href=\"https:\/\/www.bienaldelchaco.org\/2024\/\" target=\"_blank\" rel=\"noopener noreferrer\">Bienal Internacional de Esculturas de Chaco<\/a>, la m\u00e1s importante a cielo abierto en su tipo. Durante siete d\u00edas, diez escultores del mundo trabajaron en bloques de m\u00e1rmol travertino extra\u00eddo de las canteras de la provincia de San Juan.<\/p>\n<p><img loading=\"lazy\" decoding=\"async\" class=\"size-full wp-image-10304 alignnone\" src=\"https:\/\/www.bienaldelchaco.org\/2024\/wp-content\/uploads\/2022\/07\/whatsapp_image_2022-07-25_at_3.49.14_pm.jpeg\" alt=\"\" width=\"1280\" height=\"853\" srcset=\"https:\/\/www.bienaldelchaco.org\/2024\/wp-content\/uploads\/2022\/07\/whatsapp_image_2022-07-25_at_3.49.14_pm.jpeg 1280w, https:\/\/www.bienaldelchaco.org\/2024\/wp-content\/uploads\/2022\/07\/whatsapp_image_2022-07-25_at_3.49.14_pm-300x200.jpeg 300w, https:\/\/www.bienaldelchaco.org\/2024\/wp-content\/uploads\/2022\/07\/whatsapp_image_2022-07-25_at_3.49.14_pm-1024x682.jpeg 1024w, https:\/\/www.bienaldelchaco.org\/2024\/wp-content\/uploads\/2022\/07\/whatsapp_image_2022-07-25_at_3.49.14_pm-768x512.jpeg 768w, https:\/\/www.bienaldelchaco.org\/2024\/wp-content\/uploads\/2022\/07\/whatsapp_image_2022-07-25_at_3.49.14_pm-391x260.jpeg 391w, https:\/\/www.bienaldelchaco.org\/2024\/wp-content\/uploads\/2022\/07\/whatsapp_image_2022-07-25_at_3.49.14_pm-700x466.jpeg 700w\" sizes=\"auto, (max-width: 1280px) 100vw, 1280px\" \/><br \/>\n<em>El ganador de la Bienal de Chaco 2022 fue Petre Virgiliu Mogosanu, de Rumania, con la obra Tensi\u00f3n en la Naturaleza.<\/em><\/p>\n<p>Bajo la lluvia y el fr\u00edo al inicio del certamen pero con una temperatura que promedi\u00f3 los treinta grados en la recta final, los artistas de\u00a0<strong>Albania<\/strong>,\u00a0<em>Genti Tavanxhiu<\/em>; de\u00a0<strong>Alemania<\/strong>,\u00a0<em>Verena Mayer-Tasch<\/em>; de\u00a0<strong>Argentina<\/strong>,\u00a0<em>Juan Pablo Marturano<\/em>; de\u00a0<strong>M\u00e9xico<\/strong>,\u00a0<em>David Bucio<\/em>; de\u00a0<strong>Corea del Sur<\/strong>,\u00a0<em>Sodong Choe<\/em>; de\u00a0<strong>Eslovenia<\/strong>,\u00a0<em>Arijel Strukelj<\/em>; de\u00a0<strong>Georgia<\/strong>,\u00a0<em>Jhon Gogaberishvili<\/em>; de\u00a0<strong>Rumania<\/strong>,\u00a0<em>Petre Virgiliu Mogosanu<\/em>; de\u00a0<strong>Turqu\u00eda<\/strong>,\u00a0<em>Ebru Akinci<\/em>\u00a0y de\u00a0<strong>Ucrania<\/strong>,\u00a0<em>Ihor Tkachivskyi<\/em>, trabajaron sin descanso para dar forma a sus obras ante la mirada del p\u00fablico que, seg\u00fan datos oficiales, alcanz\u00f3 los 800 mil visitantes en siete d\u00edas.<\/p>\n<p>El\u00a0<strong>jurado<\/strong>\u00a0de esta edici\u00f3n estuvo integrado por:\u00a0<strong>Le\u00f3n Saavedra Geuer<\/strong>; de Bolivia;\u00a0<strong>Francisco Gazitua<\/strong>, de Chile y\u00a0<strong>Todor Todorov<\/strong>, de Bulgaria.<\/p>\n<p>Tambi\u00e9n fue la\u00a0<strong>primera bienal post pandemia<\/strong>\u00a0(la de 2020 no se realiz\u00f3 por la emergencia sanitaria) y la\u00a0<strong>primera sin Fabriciano G\u00f3mez<\/strong>, escultor, mentor y\u00a0<strong>coraz\u00f3n de este acontecimiento cultural sin precedentes<\/strong>\u00a0que sucede en el invierno chaque\u00f1o cada dos a\u00f1os.<\/p>\n<p><img loading=\"lazy\" decoding=\"async\" class=\"size-full wp-image-10305 alignnone\" src=\"https:\/\/www.bienaldelchaco.org\/2024\/wp-content\/uploads\/2022\/07\/whatsapp_image_2022-07-25_at_3.51.10_pm.jpeg\" alt=\"\" width=\"851\" height=\"1080\" srcset=\"https:\/\/www.bienaldelchaco.org\/2024\/wp-content\/uploads\/2022\/07\/whatsapp_image_2022-07-25_at_3.51.10_pm.jpeg 851w, https:\/\/www.bienaldelchaco.org\/2024\/wp-content\/uploads\/2022\/07\/whatsapp_image_2022-07-25_at_3.51.10_pm-236x300.jpeg 236w, https:\/\/www.bienaldelchaco.org\/2024\/wp-content\/uploads\/2022\/07\/whatsapp_image_2022-07-25_at_3.51.10_pm-807x1024.jpeg 807w, https:\/\/www.bienaldelchaco.org\/2024\/wp-content\/uploads\/2022\/07\/whatsapp_image_2022-07-25_at_3.51.10_pm-768x975.jpeg 768w, https:\/\/www.bienaldelchaco.org\/2024\/wp-content\/uploads\/2022\/07\/whatsapp_image_2022-07-25_at_3.51.10_pm-700x888.jpeg 700w\" sizes=\"auto, (max-width: 851px) 100vw, 851px\" \/><br \/>\n<em>Imagen de la Bienal de Chaco 2022.<\/em><\/p>\n<p>En\u00a0<strong>paralelo al concurso internacional de escultura<\/strong>, ocurrieron\u00a0<strong>otras actividades y acciones culturales<\/strong>\u00a0que abarcaron las catorce hect\u00e1reas que conforman el Parque 2 de Febrero, el MUSEUM y el Domo del Centenario, lugar f\u00edsico de la Bienal desde los \u00faltimos a\u00f1os. Adem\u00e1s, de la XII Bienal Internacional de Escultura, tuvo lugar el\u00a0<strong>VIII Encuentro de Escultores Invitados, el VIII Concurso de Escultura para Estudiantes de Artes, el III Congreso Internacional de Artes, el II Seminario de Arte, Derecho, Patrimonio y Urbanismo, el I Congreso Internacional de Derecho del Arte, el IV Festival Filarm\u00f3nico Juvenil, el V Encuentro de Maestros Artesanos Argentinos y el VII Encuentro de Artesanos de Pueblos Originarios<\/strong>.<\/p>\n<p>Tambi\u00e9n, se dieron otras actividades y expresiones plurales del arte y la cultura: Artes Esc\u00e9nicas, Artes Combinadas, Cursos, Talleres y Conferencias Magistrales, Muestras Individuales y Colectivas, Feria de Artesan\u00eda y Dise\u00f1o y Gastronom\u00eda Regional.<\/p>\n<p><img loading=\"lazy\" decoding=\"async\" class=\"size-full wp-image-10306 alignnone\" src=\"https:\/\/www.bienaldelchaco.org\/2024\/wp-content\/uploads\/2022\/07\/whatsapp_image_2022-07-25_at_4.14.25_pm.jpeg\" alt=\"\" width=\"1280\" height=\"847\" srcset=\"https:\/\/www.bienaldelchaco.org\/2024\/wp-content\/uploads\/2022\/07\/whatsapp_image_2022-07-25_at_4.14.25_pm.jpeg 1280w, https:\/\/www.bienaldelchaco.org\/2024\/wp-content\/uploads\/2022\/07\/whatsapp_image_2022-07-25_at_4.14.25_pm-300x199.jpeg 300w, https:\/\/www.bienaldelchaco.org\/2024\/wp-content\/uploads\/2022\/07\/whatsapp_image_2022-07-25_at_4.14.25_pm-1024x678.jpeg 1024w, https:\/\/www.bienaldelchaco.org\/2024\/wp-content\/uploads\/2022\/07\/whatsapp_image_2022-07-25_at_4.14.25_pm-768x508.jpeg 768w, https:\/\/www.bienaldelchaco.org\/2024\/wp-content\/uploads\/2022\/07\/whatsapp_image_2022-07-25_at_4.14.25_pm-391x260.jpeg 391w, https:\/\/www.bienaldelchaco.org\/2024\/wp-content\/uploads\/2022\/07\/whatsapp_image_2022-07-25_at_4.14.25_pm-700x463.jpeg 700w\" sizes=\"auto, (max-width: 1280px) 100vw, 1280px\" \/><br \/>\n<em>Las infancias tambi\u00e9n tuvieron su espacio en la Bienal del Chaco 2022.<\/em><\/p>\n<h5>Marina Aranda: \u201cLa Bienal es un orgullo para nosotros los chaque\u00f1os\u201d<\/h5>\n<p>La directora nacional de Acci\u00f3n Federal, Marina Aranda, presente en esta edici\u00f3n, se refiri\u00f3 a la misma: \u201cLa Bienal se fue forjando al calor del pueblo, con un pueblo presente que a\u00f1o tras a\u00f1o la espera con ans\u00edas, por eso es generalizado el sentimiento de orgullo hacia la Bienal. Creo que es un orgullo para nosotros todos los chaque\u00f1os recibir a tantas personas de otras provincias y pa\u00edses. Nos pone muy felices haber construido un acontecimiento de tama\u00f1a envergadura y que es conocido internacionalmente\u201d. \u201cPasan las ediciones y la Bienal crece, es una experiencia diferente con muchas actividades en paralelo, como ser ferias, talleres, encuentros, conferencias, todo dirigido a un p\u00fablico amplio y diverso porque esta Bienal tiene la particularidad de reunir a los artistas con el pueblo. La Bienal es cultura, la Bienal es comunidad, es arte y ese arte es un bien de todos\u201d, resalt\u00f3.<\/p>\n<p><img loading=\"lazy\" decoding=\"async\" class=\"size-full wp-image-10307 alignnone\" src=\"https:\/\/www.bienaldelchaco.org\/2024\/wp-content\/uploads\/2022\/07\/whatsapp_image_2022-07-25_at_3.07.33_pm.jpeg\" alt=\"\" width=\"1280\" height=\"996\" srcset=\"https:\/\/www.bienaldelchaco.org\/2024\/wp-content\/uploads\/2022\/07\/whatsapp_image_2022-07-25_at_3.07.33_pm.jpeg 1280w, https:\/\/www.bienaldelchaco.org\/2024\/wp-content\/uploads\/2022\/07\/whatsapp_image_2022-07-25_at_3.07.33_pm-300x233.jpeg 300w, https:\/\/www.bienaldelchaco.org\/2024\/wp-content\/uploads\/2022\/07\/whatsapp_image_2022-07-25_at_3.07.33_pm-1024x797.jpeg 1024w, https:\/\/www.bienaldelchaco.org\/2024\/wp-content\/uploads\/2022\/07\/whatsapp_image_2022-07-25_at_3.07.33_pm-768x598.jpeg 768w, https:\/\/www.bienaldelchaco.org\/2024\/wp-content\/uploads\/2022\/07\/whatsapp_image_2022-07-25_at_3.07.33_pm-700x545.jpeg 700w\" sizes=\"auto, (max-width: 1280px) 100vw, 1280px\" \/><br \/>\n<em>Marina Aranda y Jos\u00e9 Eidman recorriendo la Bienal del Chaco.<\/em><\/p>\n<h5>Francisco Romero: \u201cEs el espejo donde elegimos mirarnos y ser mirados\u201d<\/h5>\n<p>\u201cLa Bienal siempre fue masiva, pero hoy es la Bienal de nuestra ciudadan\u00eda. Es el punto de encuentro y di\u00e1logo de todas las expresiones y diversidades instalando el concepto de cultura como un derecho. La Bienal como punto de di\u00e1logo y encuentro de un Chaco plural y diverso, es el espejo deseado donde elegimos mirarnos y ser mirados de esa manera, porque concebimos a la cultura como un derecho, pero tambi\u00e9n el derecho a la belleza, y ambos derechos convierten a la Bienal en una experiencia donde el arte y lo popular tienen un mismo sentido\u201d, expres\u00f3 el presidente del Instituto de Cultura del Chaco, Francisco Romero.<\/p>\n<p><img loading=\"lazy\" decoding=\"async\" class=\"size-full wp-image-10308 alignnone\" src=\"https:\/\/www.bienaldelchaco.org\/2024\/wp-content\/uploads\/2022\/07\/whatsapp_image_2022-07-25_at_4.14.48_pm.jpeg\" alt=\"\" width=\"1280\" height=\"853\" srcset=\"https:\/\/www.bienaldelchaco.org\/2024\/wp-content\/uploads\/2022\/07\/whatsapp_image_2022-07-25_at_4.14.48_pm.jpeg 1280w, https:\/\/www.bienaldelchaco.org\/2024\/wp-content\/uploads\/2022\/07\/whatsapp_image_2022-07-25_at_4.14.48_pm-300x200.jpeg 300w, https:\/\/www.bienaldelchaco.org\/2024\/wp-content\/uploads\/2022\/07\/whatsapp_image_2022-07-25_at_4.14.48_pm-1024x682.jpeg 1024w, https:\/\/www.bienaldelchaco.org\/2024\/wp-content\/uploads\/2022\/07\/whatsapp_image_2022-07-25_at_4.14.48_pm-768x512.jpeg 768w, https:\/\/www.bienaldelchaco.org\/2024\/wp-content\/uploads\/2022\/07\/whatsapp_image_2022-07-25_at_4.14.48_pm-391x260.jpeg 391w, https:\/\/www.bienaldelchaco.org\/2024\/wp-content\/uploads\/2022\/07\/whatsapp_image_2022-07-25_at_4.14.48_pm-700x466.jpeg 700w\" sizes=\"auto, (max-width: 1280px) 100vw, 1280px\" \/><br \/>\n<em>Francisco Romero entregando un reconocimiento al escultor de Eslovenia, Arijel Strukelj.<\/em><\/p>\n<h5>Jos\u00e9 Eidman: &#8220;Un certamen internacional \u00fanico en el mundo&#8221;<\/h5>\n<p>&#8220;Esto es lo que hace que nosotros seamos esta Bienal y no otra, o un festival. Es la cuesti\u00f3n identitaria de poder decir &#8216;somos un certamen internacional \u00fanico en el mundo por la calidad de la organizaci\u00f3n, pero fundamentalmente, porque la gente se ha apropiado y es un actor protag\u00f3nico&#8217;, porque la obra que se produce va a parar al espacio p\u00fablico. Eso hoy nos define como un modelo\u201d, afirm\u00f3 Jos\u00e9 Eidman, presidente de la Fundaci\u00f3n Urunday, organizadora de la Bienal del Chaco.<\/p>\n<p><img loading=\"lazy\" decoding=\"async\" class=\"size-full wp-image-10309 alignnone\" src=\"https:\/\/www.bienaldelchaco.org\/2024\/wp-content\/uploads\/2022\/07\/whatsapp_image_2022-07-25_at_3.50.24_pm.jpeg\" alt=\"\" width=\"1280\" height=\"720\" srcset=\"https:\/\/www.bienaldelchaco.org\/2024\/wp-content\/uploads\/2022\/07\/whatsapp_image_2022-07-25_at_3.50.24_pm.jpeg 1280w, https:\/\/www.bienaldelchaco.org\/2024\/wp-content\/uploads\/2022\/07\/whatsapp_image_2022-07-25_at_3.50.24_pm-300x169.jpeg 300w, https:\/\/www.bienaldelchaco.org\/2024\/wp-content\/uploads\/2022\/07\/whatsapp_image_2022-07-25_at_3.50.24_pm-1024x576.jpeg 1024w, https:\/\/www.bienaldelchaco.org\/2024\/wp-content\/uploads\/2022\/07\/whatsapp_image_2022-07-25_at_3.50.24_pm-768x432.jpeg 768w, https:\/\/www.bienaldelchaco.org\/2024\/wp-content\/uploads\/2022\/07\/whatsapp_image_2022-07-25_at_3.50.24_pm-700x394.jpeg 700w, https:\/\/www.bienaldelchaco.org\/2024\/wp-content\/uploads\/2022\/07\/whatsapp_image_2022-07-25_at_3.50.24_pm-539x303.jpeg 539w\" sizes=\"auto, (max-width: 1280px) 100vw, 1280px\" \/><br \/>\n<em>El imponente predio de 14 hect\u00e1reas donde se realiz\u00f3 la Bienal del Chaco.<\/em><\/p>\n<h5>Todos los ganadores<\/h5>\n<p><strong>Primer Premio<\/strong>: Petre Virgiliu Mogosanu, de Rumania, con la obra Tensi\u00f3n en la Naturaleza.<br \/>\n<strong>Segundo premio<\/strong>: para el surcoreano Choe Sodong, con la obra Permanencia 2050.<br \/>\n<strong>Tercer premio<\/strong>: la alemana Verena Mayer-Tashc con la obra Vestido.<br \/>\n<strong>Premio de los Ni\u00f1os Reinaldo Mart\u00ednez<\/strong>: Petre Virgiliu Mogosanu, de Rumania, con la obra Tensi\u00f3n en la Naturaleza.<br \/>\n<strong>Premio del P\u00fablico Juan Alberto Garc\u00eda<\/strong>: Juan Pablo Marturano, con la obra M\u00e1s All\u00e1 de las Nubes.<br \/>\n<strong>Premio de los Escultores<\/strong>: Choe Sodong, con la obra Permanencia 2050.<br \/>\n<strong>Premio F.E.G.H.R.A<\/strong>: Juan Pablo Marturano, con la obra M\u00e1s All\u00e1 de las Nubes.<br \/>\n<strong>Premio Palacios Hermanos<\/strong>: Arijel Strukelj Tensi\u00f3n en Vida.<br \/>\n<strong>Premio Poder Legislativo de la Provincia del Chaco<\/strong>: el ucraniano Ihor Tkachivskyi con la obra Nueva Energ\u00eda.<br \/>\n<strong>Premio Aeropuertos Argentina 2000<\/strong>: Gentile Tavanxhiu con la obra Se\u00f1orita.<br \/>\n<strong>Premio FemeChaco<\/strong>: Jhon Gogaberishvili de Georgia, con la obra transformaci\u00f3n Emocional.<\/p>\n<p><img loading=\"lazy\" decoding=\"async\" class=\"size-full wp-image-10310 alignnone\" src=\"https:\/\/www.bienaldelchaco.org\/2024\/wp-content\/uploads\/2022\/07\/whatsapp_image_2022-07-25_at_3.49.31_pm.jpeg\" alt=\"\" width=\"1280\" height=\"853\" srcset=\"https:\/\/www.bienaldelchaco.org\/2024\/wp-content\/uploads\/2022\/07\/whatsapp_image_2022-07-25_at_3.49.31_pm.jpeg 1280w, https:\/\/www.bienaldelchaco.org\/2024\/wp-content\/uploads\/2022\/07\/whatsapp_image_2022-07-25_at_3.49.31_pm-300x200.jpeg 300w, https:\/\/www.bienaldelchaco.org\/2024\/wp-content\/uploads\/2022\/07\/whatsapp_image_2022-07-25_at_3.49.31_pm-1024x682.jpeg 1024w, https:\/\/www.bienaldelchaco.org\/2024\/wp-content\/uploads\/2022\/07\/whatsapp_image_2022-07-25_at_3.49.31_pm-768x512.jpeg 768w, https:\/\/www.bienaldelchaco.org\/2024\/wp-content\/uploads\/2022\/07\/whatsapp_image_2022-07-25_at_3.49.31_pm-391x260.jpeg 391w, https:\/\/www.bienaldelchaco.org\/2024\/wp-content\/uploads\/2022\/07\/whatsapp_image_2022-07-25_at_3.49.31_pm-700x466.jpeg 700w\" sizes=\"auto, (max-width: 1280px) 100vw, 1280px\" \/><br \/>\n<em>Los tres primeros puestos fueron para Alemania, Corea del Sur y Rumania.<\/em><\/p>\n<p><em>Fotos: Gentileza Bienal del Chaco e Instituto de Cultura del Chaco.<\/em>[\/vc_column_text][\/vc_column][\/vc_row][vc_row css_animation=&#8221;&#8221; row_type=&#8221;row&#8221; use_row_as_full_screen_section=&#8221;no&#8221; type=&#8221;full_width&#8221; angled_section=&#8221;no&#8221; text_align=&#8221;left&#8221; background_image_as_pattern=&#8221;without_pattern&#8221;][vc_column][vc_empty_space][vc_column_text]Fuente:\u00a0 <a href=\"https:\/\/www.argentina.gob.ar\/noticias\/la-bienal-de-chaco-un-acontecimiento-cultural-modelo-en-el-mundo\" target=\"_blank\" rel=\"noopener\">https:\/\/www.argentina.gob.ar\/noticias\/la-bienal-de-chaco-un-acontecimiento-cultural-modelo-en-el-mundo<\/a>[\/vc_column_text][vc_empty_space][\/vc_column][\/vc_row][vc_row css_animation=&#8221;&#8221; row_type=&#8221;row&#8221; use_row_as_full_screen_section=&#8221;no&#8221; type=&#8221;full_width&#8221; angled_section=&#8221;no&#8221; text_align=&#8221;left&#8221; background_image_as_pattern=&#8221;without_pattern&#8221;][vc_column][vc_column_text]\n[\/vc_column_text][\/vc_column][\/vc_row]\n","protected":false},"excerpt":{"rendered":"<p>Cada dos a\u00f1os, la provincia del Nea recibe al mayor acontecimiento mundial en su modalidad. Diez escultores de prestigio trabajaron a cielo abierto durante una semana para realizar una obra desde cero que, luego, pasar\u00e1 a engrosar el espacio p\u00fablico de Resistencia, la ciudad de&#8230;<\/p>\n","protected":false},"author":3,"featured_media":10305,"comment_status":"closed","ping_status":"closed","sticky":false,"template":"","format":"standard","meta":{"footnotes":""},"categories":[6],"tags":[],"class_list":["post-10303","post","type-post","status-publish","format-standard","has-post-thumbnail","hentry","category-novedades"],"_links":{"self":[{"href":"https:\/\/www.bienaldelchaco.org\/2024\/wp-json\/wp\/v2\/posts\/10303","targetHints":{"allow":["GET"]}}],"collection":[{"href":"https:\/\/www.bienaldelchaco.org\/2024\/wp-json\/wp\/v2\/posts"}],"about":[{"href":"https:\/\/www.bienaldelchaco.org\/2024\/wp-json\/wp\/v2\/types\/post"}],"author":[{"embeddable":true,"href":"https:\/\/www.bienaldelchaco.org\/2024\/wp-json\/wp\/v2\/users\/3"}],"replies":[{"embeddable":true,"href":"https:\/\/www.bienaldelchaco.org\/2024\/wp-json\/wp\/v2\/comments?post=10303"}],"version-history":[{"count":1,"href":"https:\/\/www.bienaldelchaco.org\/2024\/wp-json\/wp\/v2\/posts\/10303\/revisions"}],"predecessor-version":[{"id":10311,"href":"https:\/\/www.bienaldelchaco.org\/2024\/wp-json\/wp\/v2\/posts\/10303\/revisions\/10311"}],"wp:featuredmedia":[{"embeddable":true,"href":"https:\/\/www.bienaldelchaco.org\/2024\/wp-json\/wp\/v2\/media\/10305"}],"wp:attachment":[{"href":"https:\/\/www.bienaldelchaco.org\/2024\/wp-json\/wp\/v2\/media?parent=10303"}],"wp:term":[{"taxonomy":"category","embeddable":true,"href":"https:\/\/www.bienaldelchaco.org\/2024\/wp-json\/wp\/v2\/categories?post=10303"},{"taxonomy":"post_tag","embeddable":true,"href":"https:\/\/www.bienaldelchaco.org\/2024\/wp-json\/wp\/v2\/tags?post=10303"}],"curies":[{"name":"wp","href":"https:\/\/api.w.org\/{rel}","templated":true}]}}