{"id":10362,"date":"2022-07-26T14:11:14","date_gmt":"2022-07-26T17:11:14","guid":{"rendered":"https:\/\/www.bienaldelchaco.org\/2024\/?p=10362"},"modified":"2022-07-29T14:13:35","modified_gmt":"2022-07-29T17:13:35","slug":"muy-buen-balance-para-la-promocion-de-alimentos-chaquenos-en-la-bienal-2022","status":"publish","type":"post","link":"https:\/\/www.bienaldelchaco.org\/2024\/muy-buen-balance-para-la-promocion-de-alimentos-chaquenos-en-la-bienal-2022\/","title":{"rendered":"Muy buen balance para la promoci\u00f3n de alimentos chaque\u00f1os en la Bienal 2022"},"content":{"rendered":"<div class=\"col-md-12 col-xs-12\">\n<div class=\"bajada\">\n<p class=\"principal\">El stand del Ministerio de Producci\u00f3n, Industria y Empleo cont\u00f3 con la presencia de cuatro empresas: Alfajores La Tana, Mieles Copap, Dulces Isla del Cerrito y snacks Ramito\u2019s Crocantes; en tanto que tambi\u00e9n hubo exposici\u00f3n permanente de art\u00edculos desarrollados por otras 20 pymes.<\/p>\n<\/div>\n<\/div>\n<div class=\"col-md-12 col-xs-12\">\n<div class=\"bajada\">\n<div class=\"byline\"><\/div>\n<\/div>\n<\/div>\n<p><!--more-->[vc_row css_animation=&#8221;&#8221; row_type=&#8221;row&#8221; use_row_as_full_screen_section=&#8221;no&#8221; type=&#8221;full_width&#8221; angled_section=&#8221;no&#8221; text_align=&#8221;left&#8221; background_image_as_pattern=&#8221;without_pattern&#8221;][vc_column][vc_column_text]El Ministerio de Producci\u00f3n, Industria y Empleo complet\u00f3 una muy positiva participaci\u00f3n en la \u00faltima edici\u00f3n de la Bienal de Escultura, evento en el que se llev\u00f3 adelante la promoci\u00f3n del programa provincial Alimentos Chaque\u00f1os.<\/p>\n<p>El stand de la cartera productiva cont\u00f3 con la presencia de cuatro empresas: Alfajores La Tana, Mieles Copap, Dulces Isla del Cerrito y snacks Ramito\u2019s Crocantes; en tanto que tambi\u00e9n hubo exposici\u00f3n permanente de art\u00edculos desarrollados por otras 20 pymes.<\/p>\n<p>\u201cA lo largo de la semana en que se extendi\u00f3 la Bienal pudimos promocionar masivamente ante el p\u00fablico marcas y productos de primera calidad que se fabrican en nuestra provincia\u201d, asegur\u00f3 la subsecretaria de Comercio Exterior y Defensa de la Competencia, Ludmila Voloj.<\/p>\n<p>Las personas que pasaron por el stand pudieron tanto hacer degustaci\u00f3n de los productos como adquirirlos directamente de manos de los encargados de las empresas.<\/p>\n<p>\u201cLa interacci\u00f3n con el p\u00fablico fue muy buena y se produjo un ida y vuelta muy interesante; incluso hemos tenido muchos interesados en hacer compras mayoristas para comercializarlos en otros puntos del Chaco o directamente en otras provincias\u201d, agreg\u00f3.<\/p>\n<p>Por otra parte, se aprovech\u00f3 la presencia en la Bienal para promocionar el cat\u00e1logo de Alimentos Chaque\u00f1os, una gu\u00eda con los m\u00e1s de 500 productos de producci\u00f3n local que ya cuentan con inserci\u00f3n comercial.<\/p>\n<p>\u201cFue importante participar para generar una mayor llegada al p\u00fablico, mostrando la calidad y la importancia de consumir lo que producimos en la provincia\u201d, apunt\u00f3 la funcionaria.<\/p>\n<p>Tanto la Red de Proveedores Locales como Alimentos Chaque\u00f1os han posibilitado la inserci\u00f3n de una gran cantidad de art\u00edculos de manufactura provincial en supermercados, mayoristas, autoservicios y otras bocas de venta a lo largo y ancho del territorio provincial.<\/p>\n<p>Alimentos Chaque\u00f1os, ideado y ejecutado por Producci\u00f3n desde el inicio de la actual gesti\u00f3n, ya permiti\u00f3 la inserci\u00f3n comercial de unos 501 productos a nivel provincial, en conjunto con la Red de Proveedores Locales, otro esquema destinado al desarrollo y fortalecimiento de empresas.<\/p>\n<p>Este programa fue creado por el Ministerio como una herramienta para acompa\u00f1ar a las empresas del sector y apuntar a que ganen mercados y participaci\u00f3n en la canasta de las familias de la provincia.<\/p>\n<p>El objetivo es fortalecer e incrementar la capacidad de fabricaci\u00f3n de productos alimenticios de origen local, tender al autoabastecimiento y mejorar la creaci\u00f3n de puestos de trabajo.[\/vc_column_text][\/vc_column][\/vc_row][vc_row css_animation=&#8221;&#8221; row_type=&#8221;row&#8221; use_row_as_full_screen_section=&#8221;no&#8221; type=&#8221;full_width&#8221; angled_section=&#8221;no&#8221; text_align=&#8221;left&#8221; background_image_as_pattern=&#8221;without_pattern&#8221;][vc_column][vc_empty_space][vc_column_text]Fuente:\u00a0 <a href=\"https:\/\/comunicacion.chaco.gov.ar\/ministerio-de-produccion-industria-y-empleo\/noticia\/69223\/muy-buen-balance-para-la-promocion-de-alimentos-chaquenos-en-la-bienal-2022\" target=\"_blank\" rel=\"noopener\">https:\/\/comunicacion.chaco.gov.ar\/ministerio-de-produccion-industria-y-empleo\/noticia\/69223\/muy-buen-balance-para-la-promocion-de-alimentos-chaquenos-en-la-bienal-2022<\/a>[\/vc_column_text][vc_empty_space][\/vc_column][\/vc_row]\n","protected":false},"excerpt":{"rendered":"<p>El stand del Ministerio de Producci\u00f3n, Industria y Empleo cont\u00f3 con la presencia de cuatro empresas: Alfajores La Tana, Mieles Copap, Dulces Isla del Cerrito y snacks Ramito\u2019s Crocantes; en tanto que tambi\u00e9n hubo exposici\u00f3n permanente de art\u00edculos desarrollados por otras 20 pymes.<\/p>\n","protected":false},"author":3,"featured_media":10363,"comment_status":"closed","ping_status":"closed","sticky":false,"template":"","format":"standard","meta":{"footnotes":""},"categories":[6],"tags":[],"class_list":["post-10362","post","type-post","status-publish","format-standard","has-post-thumbnail","hentry","category-novedades"],"_links":{"self":[{"href":"https:\/\/www.bienaldelchaco.org\/2024\/wp-json\/wp\/v2\/posts\/10362","targetHints":{"allow":["GET"]}}],"collection":[{"href":"https:\/\/www.bienaldelchaco.org\/2024\/wp-json\/wp\/v2\/posts"}],"about":[{"href":"https:\/\/www.bienaldelchaco.org\/2024\/wp-json\/wp\/v2\/types\/post"}],"author":[{"embeddable":true,"href":"https:\/\/www.bienaldelchaco.org\/2024\/wp-json\/wp\/v2\/users\/3"}],"replies":[{"embeddable":true,"href":"https:\/\/www.bienaldelchaco.org\/2024\/wp-json\/wp\/v2\/comments?post=10362"}],"version-history":[{"count":1,"href":"https:\/\/www.bienaldelchaco.org\/2024\/wp-json\/wp\/v2\/posts\/10362\/revisions"}],"predecessor-version":[{"id":10364,"href":"https:\/\/www.bienaldelchaco.org\/2024\/wp-json\/wp\/v2\/posts\/10362\/revisions\/10364"}],"wp:featuredmedia":[{"embeddable":true,"href":"https:\/\/www.bienaldelchaco.org\/2024\/wp-json\/wp\/v2\/media\/10363"}],"wp:attachment":[{"href":"https:\/\/www.bienaldelchaco.org\/2024\/wp-json\/wp\/v2\/media?parent=10362"}],"wp:term":[{"taxonomy":"category","embeddable":true,"href":"https:\/\/www.bienaldelchaco.org\/2024\/wp-json\/wp\/v2\/categories?post=10362"},{"taxonomy":"post_tag","embeddable":true,"href":"https:\/\/www.bienaldelchaco.org\/2024\/wp-json\/wp\/v2\/tags?post=10362"}],"curies":[{"name":"wp","href":"https:\/\/api.w.org\/{rel}","templated":true}]}}