{"id":10488,"date":"2022-08-01T16:35:14","date_gmt":"2022-08-01T19:35:14","guid":{"rendered":"https:\/\/www.bienaldelchaco.org\/2024\/?p=10488"},"modified":"2022-08-02T16:35:29","modified_gmt":"2022-08-02T19:35:29","slug":"finalizo-con-masiva-participacion-el-encuentro-internacional-de-escultores-en-el-impenetrable","status":"publish","type":"post","link":"https:\/\/www.bienaldelchaco.org\/2024\/finalizo-con-masiva-participacion-el-encuentro-internacional-de-escultores-en-el-impenetrable\/","title":{"rendered":"Finaliz\u00f3 con masiva participaci\u00f3n el Encuentro Internacional de Escultores en El Impenetrable"},"content":{"rendered":"<p>Tras seis d\u00edas de actividades y un rotundo \u00e9xito, finaliz\u00f3 la VIII Edici\u00f3n del encuentro de &#8216;Escultores en el Impenetrable&#8221; con un Show musical de artistas locales.<\/p>\n<div class=\"col-md-12 col-xs-12\">\n<div class=\"bajada\">\n<div class=\"byline\"><\/div>\n<\/div>\n<\/div>\n<p><!--more-->[vc_row css_animation=&#8221;&#8221; row_type=&#8221;row&#8221; use_row_as_full_screen_section=&#8221;no&#8221; type=&#8221;full_width&#8221; angled_section=&#8221;no&#8221; text_align=&#8221;left&#8221; background_image_as_pattern=&#8221;without_pattern&#8221;][vc_column][vc_column_text]De esta forma Castelli vivi\u00f3 la \u00faltima jornada del evento cultural m\u00e1s importante de la regi\u00f3n, en donde participaron escultores internacionales y argentinos.<\/p>\n<p>Durante el d\u00eda se realizaron actividades organizadas por la secretar\u00eda de Cultura y Turismo de la Municipalidad de Juan Jos\u00e9 Castelli como la feria de Artesanos, manualistas y emprendedores gastron\u00f3micos.<\/p>\n<p>Autoridades provinciales y locales junto a miembros de la Fundaci\u00f3n Amigos del Arte y fundaci\u00f3n Urunday\u00a0<strong>hicieron entrega de certificados y presentes a los escultores que participaron del encuentro.\u00a0<\/strong><\/p>\n<div class=\"center large m_image\"><\/div>\n<p><img loading=\"lazy\" decoding=\"async\" class=\"size-full wp-image-10489 alignnone\" src=\"https:\/\/www.bienaldelchaco.org\/2024\/wp-content\/uploads\/2022\/08\/226157w790h356c.jpg.jpg\" alt=\"\" width=\"790\" height=\"356\" srcset=\"https:\/\/www.bienaldelchaco.org\/2024\/wp-content\/uploads\/2022\/08\/226157w790h356c.jpg.jpg 790w, https:\/\/www.bienaldelchaco.org\/2024\/wp-content\/uploads\/2022\/08\/226157w790h356c.jpg-300x135.jpg 300w, https:\/\/www.bienaldelchaco.org\/2024\/wp-content\/uploads\/2022\/08\/226157w790h356c.jpg-768x346.jpg 768w, https:\/\/www.bienaldelchaco.org\/2024\/wp-content\/uploads\/2022\/08\/226157w790h356c.jpg-700x315.jpg 700w\" sizes=\"auto, (max-width: 790px) 100vw, 790px\" \/><\/p>\n<p>&nbsp;<\/p>\n<p>El intendente Pio Sander valor\u00f3 esta importante muestra cultural y se\u00f1al\u00f3: &#8220;Este encuentro nos dej\u00f3 resultados m\u00e1s que satisfactorios ya que promueve la actividad econ\u00f3mica local&#8221;. Y asegur\u00f3:\u00a0<strong>&#8220;A partir de este lunes nos pondremos a trabajar desde el gobierno municipal y provincial, junto a los Amigos del Arte y la fundaci\u00f3n Urunday en lo que va a ser el 2023 bajo el lema \u00b4Saquemos a la luz lo que late en el Impenetrable\u00b4&#8221;<\/strong>. Y agreg\u00f3: &#8220;Estamos m\u00e1s que conformes con lo generan estos encuentros, las obras que nos est\u00e1n dejando, la verdad qu\u00e9 es un patrimonio invalorable&#8221;.<\/p>\n<div class=\"center large m_image\"><\/div>\n<p><img loading=\"lazy\" decoding=\"async\" class=\"size-full wp-image-10491 alignnone\" src=\"https:\/\/www.bienaldelchaco.org\/2024\/wp-content\/uploads\/2022\/08\/226159w790h445c.jpg.jpg\" alt=\"\" width=\"790\" height=\"445\" srcset=\"https:\/\/www.bienaldelchaco.org\/2024\/wp-content\/uploads\/2022\/08\/226159w790h445c.jpg.jpg 790w, https:\/\/www.bienaldelchaco.org\/2024\/wp-content\/uploads\/2022\/08\/226159w790h445c.jpg-300x169.jpg 300w, https:\/\/www.bienaldelchaco.org\/2024\/wp-content\/uploads\/2022\/08\/226159w790h445c.jpg-768x433.jpg 768w, https:\/\/www.bienaldelchaco.org\/2024\/wp-content\/uploads\/2022\/08\/226159w790h445c.jpg-700x394.jpg 700w, https:\/\/www.bienaldelchaco.org\/2024\/wp-content\/uploads\/2022\/08\/226159w790h445c.jpg-539x303.jpg 539w\" sizes=\"auto, (max-width: 790px) 100vw, 790px\" \/><\/p>\n<p>&nbsp;<\/p>\n<p>Participaron de la entrega de presentes la Vicegobernadora Anal\u00eda Rach Quiroga, el presidente del Instituto de la Cultura Francisco Tete Romero, el presidente del Instituto de Turismo Ariel Ybarra, el Intendente Pio Sander, la Diputada Andrea Charole, la Diputada Dorys Lilian Arkwright, la presidenta del Concejo Deliberante Soledad Rach, el Secretario de Gobierno Ismael Pablo Barnes, miembros de la Fundaci\u00f3n Amigos del Arte y escultores que participaron del encuentro.<\/p>\n<p>Para finalizar un<strong>\u00a0cierre musical a todo ritmo con grupo Miscel\u00e1nea y los Nietos de Lavalle.<\/strong>[\/vc_column_text][\/vc_column][\/vc_row][vc_row css_animation=&#8221;&#8221; row_type=&#8221;row&#8221; use_row_as_full_screen_section=&#8221;no&#8221; type=&#8221;full_width&#8221; angled_section=&#8221;no&#8221; text_align=&#8221;left&#8221; background_image_as_pattern=&#8221;without_pattern&#8221;][vc_column][vc_empty_space][vc_column_text]Fuente:\u00a0 <a href=\"https:\/\/www.diariotag.com\/142047-finalizo-con-masiva-participacion-el-encuentro-internacional-de-escultores-en-el-impenetrable\" target=\"_blank\" rel=\"noopener\">https:\/\/www.diariotag.com\/142047-finalizo-con-masiva-participacion-el-encuentro-internacional-de-escultores-en-el-impenetrable<\/a>[\/vc_column_text][vc_empty_space][\/vc_column][\/vc_row]\n","protected":false},"excerpt":{"rendered":"<p>Tras seis d\u00edas de actividades y un rotundo \u00e9xito, finaliz\u00f3 la VIII Edici\u00f3n del encuentro de &#8216;Escultores en el Impenetrable&#8221; con un Show musical de artistas locales.<\/p>\n","protected":false},"author":3,"featured_media":10490,"comment_status":"closed","ping_status":"closed","sticky":false,"template":"","format":"standard","meta":{"footnotes":""},"categories":[6],"tags":[],"class_list":["post-10488","post","type-post","status-publish","format-standard","has-post-thumbnail","hentry","category-novedades"],"_links":{"self":[{"href":"https:\/\/www.bienaldelchaco.org\/2024\/wp-json\/wp\/v2\/posts\/10488","targetHints":{"allow":["GET"]}}],"collection":[{"href":"https:\/\/www.bienaldelchaco.org\/2024\/wp-json\/wp\/v2\/posts"}],"about":[{"href":"https:\/\/www.bienaldelchaco.org\/2024\/wp-json\/wp\/v2\/types\/post"}],"author":[{"embeddable":true,"href":"https:\/\/www.bienaldelchaco.org\/2024\/wp-json\/wp\/v2\/users\/3"}],"replies":[{"embeddable":true,"href":"https:\/\/www.bienaldelchaco.org\/2024\/wp-json\/wp\/v2\/comments?post=10488"}],"version-history":[{"count":1,"href":"https:\/\/www.bienaldelchaco.org\/2024\/wp-json\/wp\/v2\/posts\/10488\/revisions"}],"predecessor-version":[{"id":10492,"href":"https:\/\/www.bienaldelchaco.org\/2024\/wp-json\/wp\/v2\/posts\/10488\/revisions\/10492"}],"wp:featuredmedia":[{"embeddable":true,"href":"https:\/\/www.bienaldelchaco.org\/2024\/wp-json\/wp\/v2\/media\/10490"}],"wp:attachment":[{"href":"https:\/\/www.bienaldelchaco.org\/2024\/wp-json\/wp\/v2\/media?parent=10488"}],"wp:term":[{"taxonomy":"category","embeddable":true,"href":"https:\/\/www.bienaldelchaco.org\/2024\/wp-json\/wp\/v2\/categories?post=10488"},{"taxonomy":"post_tag","embeddable":true,"href":"https:\/\/www.bienaldelchaco.org\/2024\/wp-json\/wp\/v2\/tags?post=10488"}],"curies":[{"name":"wp","href":"https:\/\/api.w.org\/{rel}","templated":true}]}}