{"id":10508,"date":"2022-08-01T16:52:33","date_gmt":"2022-08-01T19:52:33","guid":{"rendered":"https:\/\/www.bienaldelchaco.org\/2024\/?p=10508"},"modified":"2022-08-02T16:54:52","modified_gmt":"2022-08-02T19:54:52","slug":"jujuy-estuvo-presente-en-la-bienal-del-chaco-2022","status":"publish","type":"post","link":"https:\/\/www.bienaldelchaco.org\/2024\/jujuy-estuvo-presente-en-la-bienal-del-chaco-2022\/","title":{"rendered":"Jujuy estuvo presente en la Bienal del Chaco 2022"},"content":{"rendered":"<p>Diez escultores del Norte Grande mostraron sus obras en el encuentro internacional. Fernando Cerezo represent\u00f3 a la provincia, invitado para llevar una de sus propuestas<\/p>\n<div class=\"center large m_image\">\n<figure><picture><source srcset=\"https:\/\/www.diariochaco.com\/content\/bucket\/2\/546082w790h528c.jpg.webp\" media=\"(min-width: 640px)\" \/><source srcset=\"https:\/\/www.diariochaco.com\/content\/bucket\/2\/546082w440h294c.jpg.webp\" media=\"(min-width: 300px)\" \/><\/picture><\/figure>\n<\/div>\n<div class=\"col-md-12 col-xs-12\">\n<div class=\"bajada\">\n<div class=\"byline\"><\/div>\n<\/div>\n<\/div>\n<p><!--more-->[vc_row css_animation=&#8221;&#8221; row_type=&#8221;row&#8221; use_row_as_full_screen_section=&#8221;no&#8221; type=&#8221;full_width&#8221; angled_section=&#8221;no&#8221; text_align=&#8221;left&#8221; background_image_as_pattern=&#8221;without_pattern&#8221;][vc_column][vc_column_text]\n<div class=\"center large m_image\">\n<p>Cada dos a\u00f1os, la provincia de Chaco realiza la Bienal de Escultura, un encuentro internacional de reconocimiento pleno en la escena escult\u00f3rica mundial. Grandes escultores del mundo estuvieron en escena y en acci\u00f3n, trabajando a cielo abierto y en p\u00fablico, esculpiendo piezas del 16 al 23 de julio pasado.<\/p>\n<p>En el mismo tambi\u00e9n hubo eventos musicales, cursos y una exposici\u00f3n de las obras de los escultores que vienen a competir a nivel internacional. Este a\u00f1o se sum\u00f3 la exposici\u00f3n de escultores del Norte Grande, conformada por diez provincias del NOA y NEA (Misiones, Corrientes, Formosa, Chaco, Santiago del Estero, Salta, Jujuy, Catamarca, La Rioja y Tucum\u00e1n).<\/p>\n<p>El artista Fernando Cerezo, rosarino de nacimiento pero radicado en Jujuy hace m\u00e1s de 30 a\u00f1os, represent\u00f3 a la provincia al ser elegido por un prestigioso jurado con su obra \u201cUn pedazo de m\u00ed\u201d, una pieza que tiene m\u00e1s de 20 a\u00f1os.<\/p>\n<p>\u201cFue una sorpresa porque yo nunca envi\u00e9 nada. Simplemente se contactaron conmigo para preguntarme si quer\u00eda participar con una de mis obras\u201d, coment\u00f3 a\u00a0<strong>El Tribuno de Jujuy<\/strong>\u00a0el tambi\u00e9n profesor y licenciado en Artes Visuales -con especialidad en Escultura-. Respecto a la obra que present\u00f3 en la Bienal de Chaco, Cerezo mencion\u00f3 que \u201ces como la representaci\u00f3n escult\u00f3rica del momento en el que me di cuenta de que nos proyectamos al espacio, tanto social como tridimensional, en pedazos. Y esos pedazos se encuentran con los pedazos de otros y esos van cambiando el rumbo de cada uno.<\/p>\n<p>Y a la vez, esos pedazos tambi\u00e9n est\u00e1n buscando de nuevo la unidad en nuestra vida\u201d. \u201cPara m\u00ed fue una sorpresa porque por otro lado, la verdad que vengo bastante de perfil bajo, sin exponer y bastante metido para adentro. Y viene esto as\u00ed como un \u2018pech\u00f3n\u2019. Fue un incentivo muy grande porque adem\u00e1s ni siquiera lo busqu\u00e9, me vino a encontrar a m\u00ed y en lo personal es como que reafirma esa decisi\u00f3n de volver a salir de la cueva\u201d, agreg\u00f3 el artista. Cerezo adem\u00e1s de hacer obras de arte, realiza un trabajo social a trav\u00e9s de ellas, con un compromiso hacia la comunidad. \u201cPorque para m\u00ed una preocupaci\u00f3n era esta cuesti\u00f3n de que el arte es solo para ser mirado y apreciado.<\/p>\n<p>A m\u00ed nunca me cerr\u00f3 esto\u201d, opin\u00f3 el docente y agreg\u00f3 que desde su perspectiva, \u201cel arte nuestro siempre fue utilitario, siempre cumpli\u00f3 una funci\u00f3n. Entonces mi preocupaci\u00f3n fue devolver esa funci\u00f3n y en ese camino labur\u00e9 con las comunidades de la Puna o con los barrios, por ejemplo\u201d.<\/p>\n<p><img loading=\"lazy\" decoding=\"async\" class=\"size-full wp-image-10509 alignnone\" src=\"https:\/\/www.bienaldelchaco.org\/2024\/wp-content\/uploads\/2022\/08\/1659450323595.jpg\" alt=\"\" width=\"960\" height=\"1240\" srcset=\"https:\/\/www.bienaldelchaco.org\/2024\/wp-content\/uploads\/2022\/08\/1659450323595.jpg 960w, https:\/\/www.bienaldelchaco.org\/2024\/wp-content\/uploads\/2022\/08\/1659450323595-232x300.jpg 232w, https:\/\/www.bienaldelchaco.org\/2024\/wp-content\/uploads\/2022\/08\/1659450323595-793x1024.jpg 793w, https:\/\/www.bienaldelchaco.org\/2024\/wp-content\/uploads\/2022\/08\/1659450323595-768x992.jpg 768w, https:\/\/www.bienaldelchaco.org\/2024\/wp-content\/uploads\/2022\/08\/1659450323595-700x904.jpg 700w\" sizes=\"auto, (max-width: 960px) 100vw, 960px\" \/><\/p>\n<p><span class=\"epigrafe_mustang note-detail\">\u201cAPRENDIENDO A VOLAR\u201d | FIGURA DE 5 CM, CON FUNDICI\u00d3N DE BRONCE O PLATA.<\/span><\/p>\n<p>En el a\u00f1o 2000, Cerezo junto a otros escultores conformaron \u201cTinta Mayo\u201d, un grupo con el que trabajaron desde el lado art\u00edstico junto a las comunidades. Sin embargo, luego decidi\u00f3 tomar una pausa por cuestiones personales. Una pausa art\u00edstica que lo alej\u00f3 de las salas durante 10 a\u00f1os. \u201cMe guard\u00e9 totalmente y no volv\u00ed a participar de nada hasta ahora. Pero nunca dej\u00e9 de dibujar ni hacer esculturas, fui mutando hacia otros lugares\u201d, dijo. \u201cIgualmente para m\u00ed la cuesti\u00f3n de ser artista y ser escultor siempre tuvo que ver con una necesidad interna de que no puedo hacer otra cosa, o sea, para m\u00ed la \u00fanica profesi\u00f3n que me permite insertarme socialmente y a la vez seguir siendo humano es el arte\u201d, agreg\u00f3 Cerezo.<\/p>\n<p><strong>Sus proyectos<\/strong><\/p>\n<p>Como en todo proceso de cambio que vivimos, Cerezo coment\u00f3 que antes sus obras eran \u201ctotalmente abstractas y ahora soy totalmente realista, con otra mirada, por supuesto pasada sobre mi filtro interno\u201d. Estos nuevos trabajos se tratan de figuras de cinco cent\u00edmetros en fundici\u00f3n de bronce o plata que representan a la figura humana. Y sin dejar de lado su compromiso social, dijo: \u201cTambi\u00e9n esas esculturas peque\u00f1itas est\u00e1n pensadas para ser series que yo pueda llevar y armar intercambios con las comunidades alejadas. Mostrar y acercar el arte a esos lugares\u201d. Por lo pronto, el artista indic\u00f3 que tambi\u00e9n proyecta volver a armar su taller de trabajo y abrirlo \u201cpara que sea un espacio de aprendizaje pero tambi\u00e9n de experimentaci\u00f3n, para que pueda venir la gente joven y hacer intercambios con gente de m\u00e1s experiencia\u201d, mencion\u00f3. \u201cQuiero pasar todo lo que a la gente joven le interese y ser yo, mi lugar, mis obras, y todo lo que haga un lugar donde los j\u00f3venes puedan desarrollarse y encontrarse con ese conocimiento\u201d, agreg\u00f3.<\/p>\n<p><strong>La beta musical<\/strong><\/p>\n<p>\u201cMe describo como un artista y todo lo que tenga que ver con lo creativo, desde la resoluci\u00f3n de un problema, lo hago como artista\u201d, expres\u00f3 Cerezo tras comentar que tambi\u00e9n tiene una beta musical en su vida. \u201cDe chico quer\u00eda ser m\u00fasico y mi viejo no conceb\u00eda eso. Fue como una frustraci\u00f3n que me estoy permitiendo dejar salir ahora\u201d, cuenta. \u201cSiempre fue una gran frustraci\u00f3n porque yo nunca me sent\u00ed m\u00fasico porque no hab\u00eda podido y en un momento, por los 40 a\u00f1os, cuando estaba en el taller, me encontr\u00e9 silbando y cantando pedacitos de tango\u00e0\u201d, recuerda. Junto a Javier Sim\u00f3n, m\u00fasico y dibujante, Cerezo se encuentra incursionando por el ritmo del 2&#215;4. \u201cLa verdad que los dos tenemos la necesidad de volver a hacer m\u00fasica. Y yo en este momento quiero permitirme todo\u201d, sentenci\u00f3 finalmente el artista.<\/p>\n<\/div>\n[\/vc_column_text][\/vc_column][\/vc_row][vc_row css_animation=&#8221;&#8221; row_type=&#8221;row&#8221; use_row_as_full_screen_section=&#8221;no&#8221; type=&#8221;full_width&#8221; angled_section=&#8221;no&#8221; text_align=&#8221;left&#8221; background_image_as_pattern=&#8221;without_pattern&#8221;][vc_column][vc_empty_space][vc_column_text]Fuente:\u00a0 <a href=\"https:\/\/www.eltribuno.com\/jujuy\/nota\/2022-8-1-1-0-0-jujuy-estuvo-presente-en-la-bienal-del-chaco-2022\" target=\"_blank\" rel=\"noopener\">https:\/\/www.eltribuno.com\/jujuy\/nota\/2022-8-1-1-0-0-jujuy-estuvo-presente-en-la-bienal-del-chaco-2022<\/a>[\/vc_column_text][vc_empty_space][\/vc_column][\/vc_row]\n","protected":false},"excerpt":{"rendered":"<p>Diez escultores del Norte Grande mostraron sus obras en el encuentro internacional. Fernando Cerezo represent\u00f3 a la provincia, invitado para llevar una de sus propuestas<\/p>\n","protected":false},"author":3,"featured_media":10510,"comment_status":"closed","ping_status":"closed","sticky":false,"template":"","format":"standard","meta":{"footnotes":""},"categories":[6],"tags":[],"class_list":["post-10508","post","type-post","status-publish","format-standard","has-post-thumbnail","hentry","category-novedades"],"_links":{"self":[{"href":"https:\/\/www.bienaldelchaco.org\/2024\/wp-json\/wp\/v2\/posts\/10508","targetHints":{"allow":["GET"]}}],"collection":[{"href":"https:\/\/www.bienaldelchaco.org\/2024\/wp-json\/wp\/v2\/posts"}],"about":[{"href":"https:\/\/www.bienaldelchaco.org\/2024\/wp-json\/wp\/v2\/types\/post"}],"author":[{"embeddable":true,"href":"https:\/\/www.bienaldelchaco.org\/2024\/wp-json\/wp\/v2\/users\/3"}],"replies":[{"embeddable":true,"href":"https:\/\/www.bienaldelchaco.org\/2024\/wp-json\/wp\/v2\/comments?post=10508"}],"version-history":[{"count":1,"href":"https:\/\/www.bienaldelchaco.org\/2024\/wp-json\/wp\/v2\/posts\/10508\/revisions"}],"predecessor-version":[{"id":10511,"href":"https:\/\/www.bienaldelchaco.org\/2024\/wp-json\/wp\/v2\/posts\/10508\/revisions\/10511"}],"wp:featuredmedia":[{"embeddable":true,"href":"https:\/\/www.bienaldelchaco.org\/2024\/wp-json\/wp\/v2\/media\/10510"}],"wp:attachment":[{"href":"https:\/\/www.bienaldelchaco.org\/2024\/wp-json\/wp\/v2\/media?parent=10508"}],"wp:term":[{"taxonomy":"category","embeddable":true,"href":"https:\/\/www.bienaldelchaco.org\/2024\/wp-json\/wp\/v2\/categories?post=10508"},{"taxonomy":"post_tag","embeddable":true,"href":"https:\/\/www.bienaldelchaco.org\/2024\/wp-json\/wp\/v2\/tags?post=10508"}],"curies":[{"name":"wp","href":"https:\/\/api.w.org\/{rel}","templated":true}]}}