{"id":10562,"date":"2022-09-08T11:46:18","date_gmt":"2022-09-08T14:46:18","guid":{"rendered":"https:\/\/www.bienaldelchaco.org\/2024\/?p=10562"},"modified":"2022-09-12T11:48:26","modified_gmt":"2022-09-12T14:48:26","slug":"un-ano-sin-fabriciano-gomez-escultor-y-recordado-referente-cultural-de-la-provincia","status":"publish","type":"post","link":"https:\/\/www.bienaldelchaco.org\/2024\/un-ano-sin-fabriciano-gomez-escultor-y-recordado-referente-cultural-de-la-provincia\/","title":{"rendered":"Un a\u00f1o sin Fabriciano G\u00f3mez, escultor y recordado referente cultural de la provincia"},"content":{"rendered":"<p>Hace un a\u00f1o, en la madrugada del 8 de septiembre,<strong>\u00a0Fabriciano G\u00f3mez falleci\u00f3<\/strong>\u00a0producto de un problema card\u00edaco que lo mantuvo internado en un sanatorio de Resistencia.<\/p>\n<div><\/div>\n<p><!--more-->[vc_row css_animation=&#8221;&#8221; row_type=&#8221;row&#8221; use_row_as_full_screen_section=&#8221;no&#8221; type=&#8221;full_width&#8221; angled_section=&#8221;no&#8221; text_align=&#8221;left&#8221; background_image_as_pattern=&#8221;without_pattern&#8221;][vc_column][vc_column_text]<strong>Fabriciano era artista y fundador de la Fundaci\u00f3n Urunday<\/strong>, que impulsa y organiza las\u00a0<strong>Bienales Internacionales de Esculturas<\/strong>\u00a0en la provincia, y este 2022 se llev\u00f3 adelante la primera sin su presencia f\u00edsica. Sin embargo,\u00a0<strong>el referente fue profundamente recordado y homenajeado<\/strong>.<\/p>\n<p>Hoy se cumple un a\u00f1o de su fallecimiento, y desde las redes sociales de<strong>\u00a0Bienal del Chaco<\/strong>\u00a0se llama a<strong>\u00a0rendirle homenaje con una flor<\/strong> en las esculturas que llevan su nombre, en las calles de la ciudad, o en su casa museo en Julio A. Roca 1741.<\/p>\n<p>El mensaje compartido fue acompa\u00f1ado por unas palabras: &#8220;Una flor para un amigo una flor para un vecino. Una flor para el artista que nos contagi\u00f3 sus sue\u00f1os. Una flor para Fabriciano. Una flor para evocarlo a un a\u00f1o de su partida.<strong>\u00a0Flor que lo saluda, que le agradece, que ratifica un pacto de amor de Fabri con el pueblo: Continuar la huella. Poner alas a los sue\u00f1os. Belleza y arte a nuestra ciudad.<\/strong>\u00a0Una flor de tributo. Una flor que nos recuerde que quienes amamos permanecen con nosotros\u2026&#8221;<\/p>\n<p>&nbsp;<\/p>\n<p><strong>Qui\u00e9n era Fabriciano\u00a0<\/strong><\/p>\n<p><strong>Fabriciano naci\u00f3 el 27 de junio 1944<\/strong>\u00a0y en su larga trayectoria gan\u00f3 un<strong>\u00a0Premio Konex<\/strong>\u00a0en\u00a0<strong>1992<\/strong>. Fue profesor de Dibujo, Pintura y Escultura en la Academia de Bellas Artes del Chaco. Miembro de la\u00a0<strong>Academia Nacional de Bellas Arte<\/strong>s. Fue uno de los fundadores de la\u00a0<strong>Fundaci\u00f3n Urunday<\/strong>, organizadora de las Bienales Internacionales de Esculturas.<\/p>\n<p>Particip\u00f3 de numerosas exposiciones nacionales e internacionales.\u00a0<strong>Represent\u00f3 al pa\u00eds en la Bienal de Venecia<\/strong>. Gran Premio del Sal\u00f3n Nacional. Gran Premio Sal\u00f3n Municipal Manuel Belgrano. Primer Premio Sal\u00f3n Nacional de Santa Fe. Medalla de Oro de los Juegos Ol\u00edmpicos de las Artes. Gran Premio de Honor escultura en nieve Saporo (Jap\u00f3n). Menci\u00f3n de Honor Domingo Faustino Sarmiento otorgado por el Senado de la Naci\u00f3n. Doctor Honoris Causa de la Universidad Nacional del Nordeste, en reconocimiento a su obra y compromiso social. La escuela para adultos N\u00ba37 lleva su nombre. Hijo Ilustre y Ciudadano Ejemplar de la Provincia del Chaco.[\/vc_column_text][\/vc_column][\/vc_row][vc_row css_animation=&#8221;&#8221; row_type=&#8221;row&#8221; use_row_as_full_screen_section=&#8221;no&#8221; type=&#8221;full_width&#8221; angled_section=&#8221;no&#8221; text_align=&#8221;left&#8221; background_image_as_pattern=&#8221;without_pattern&#8221;][vc_column][vc_empty_space][vc_column_text]Fuente:\u00a0 <a href=\"https:\/\/www.diariotag.com\/143905-un-ano-sin-fabriciano-gomez-escultor-y-recordado-referente-cultural-de-la-provincia\" target=\"_blank\" rel=\"noopener\">https:\/\/www.diariotag.com\/143905-un-ano-sin-fabriciano-gomez-escultor-y-recordado-referente-cultural-de-la-provincia<\/a>[\/vc_column_text][vc_empty_space][\/vc_column][\/vc_row]\n","protected":false},"excerpt":{"rendered":"<p>Hace un a\u00f1o, en la madrugada del 8 de septiembre,\u00a0Fabriciano G\u00f3mez falleci\u00f3\u00a0producto de un problema card\u00edaco que lo mantuvo internado en un sanatorio de Resistencia.<\/p>\n","protected":false},"author":3,"featured_media":10563,"comment_status":"closed","ping_status":"closed","sticky":false,"template":"","format":"standard","meta":{"footnotes":""},"categories":[6],"tags":[],"class_list":["post-10562","post","type-post","status-publish","format-standard","has-post-thumbnail","hentry","category-novedades"],"_links":{"self":[{"href":"https:\/\/www.bienaldelchaco.org\/2024\/wp-json\/wp\/v2\/posts\/10562","targetHints":{"allow":["GET"]}}],"collection":[{"href":"https:\/\/www.bienaldelchaco.org\/2024\/wp-json\/wp\/v2\/posts"}],"about":[{"href":"https:\/\/www.bienaldelchaco.org\/2024\/wp-json\/wp\/v2\/types\/post"}],"author":[{"embeddable":true,"href":"https:\/\/www.bienaldelchaco.org\/2024\/wp-json\/wp\/v2\/users\/3"}],"replies":[{"embeddable":true,"href":"https:\/\/www.bienaldelchaco.org\/2024\/wp-json\/wp\/v2\/comments?post=10562"}],"version-history":[{"count":1,"href":"https:\/\/www.bienaldelchaco.org\/2024\/wp-json\/wp\/v2\/posts\/10562\/revisions"}],"predecessor-version":[{"id":10564,"href":"https:\/\/www.bienaldelchaco.org\/2024\/wp-json\/wp\/v2\/posts\/10562\/revisions\/10564"}],"wp:featuredmedia":[{"embeddable":true,"href":"https:\/\/www.bienaldelchaco.org\/2024\/wp-json\/wp\/v2\/media\/10563"}],"wp:attachment":[{"href":"https:\/\/www.bienaldelchaco.org\/2024\/wp-json\/wp\/v2\/media?parent=10562"}],"wp:term":[{"taxonomy":"category","embeddable":true,"href":"https:\/\/www.bienaldelchaco.org\/2024\/wp-json\/wp\/v2\/categories?post=10562"},{"taxonomy":"post_tag","embeddable":true,"href":"https:\/\/www.bienaldelchaco.org\/2024\/wp-json\/wp\/v2\/tags?post=10562"}],"curies":[{"name":"wp","href":"https:\/\/api.w.org\/{rel}","templated":true}]}}