{"id":10733,"date":"2022-12-14T15:51:31","date_gmt":"2022-12-14T18:51:31","guid":{"rendered":"https:\/\/www.bienaldelchaco.org\/2024\/?p=10733"},"modified":"2022-12-14T15:51:31","modified_gmt":"2022-12-14T18:51:31","slug":"luego-de-un-periodo-de-restauracion-la-obra-mediodia-volvio-a-encabezar-la-avenida-alberdi","status":"publish","type":"post","link":"https:\/\/www.bienaldelchaco.org\/2024\/luego-de-un-periodo-de-restauracion-la-obra-mediodia-volvio-a-encabezar-la-avenida-alberdi\/","title":{"rendered":"Luego de un periodo de restauraci\u00f3n, la obra Mediod\u00eda volvi\u00f3 a encabezar la avenida Alberdi"},"content":{"rendered":"<p class=\"td-post-sub-title\">La cr\u00f3nica de aquel lamentable d\u00eda comentaba: \u201cDomingo de madrugada en Resistencia. Una camioneta da vueltas a gran velocidad alrededor de la plaza 25 de Mayo. Su conductor en alg\u00fan momento pierde el control, yendo a chocar la escultura \u201cMediod\u00eda\u201d de Nicol\u00e1s San Luis que qued\u00f3 yacente\u201d.<\/p>\n<p><!--more-->[vc_row css_animation=&#8221;&#8221; row_type=&#8221;row&#8221; use_row_as_full_screen_section=&#8221;no&#8221; type=&#8221;full_width&#8221; angled_section=&#8221;no&#8221; text_align=&#8221;left&#8221; background_image_as_pattern=&#8221;without_pattern&#8221;][vc_column][vc_column_text]Siguiendo la cr\u00f3nica, a minutos del suceso lastimoso sobre una escultura valorada por la comunidad, la Polic\u00eda dio aviso a la Fundaci\u00f3n Urunday, quien a trav\u00e9s del Departamento de Mantenimiento y Restauraci\u00f3n de las Esculturas (DMRE), la traslad\u00f3. Las fotograf\u00edas que mostraban la escultura tirada en el suelo aunque no aparentara da\u00f1os de gravedad, pero causaba una profunda pena\u2026<\/p>\n<p>Es que \u2018Mediod\u00eda\u2019 ten\u00eda y tiene un sitial preponderante en el inconsciente colectivo\u2026Esa aguerrida amazona de orgullosos pechos (cuya desparpajada desnudez causaba resquemor en sus primeros d\u00edas); erguida, soberana, altiva, empoderada, contin\u00faa \u2013 a sus 62 a\u00f1os \u2013 aferrada al paisaje urbano.<\/p>\n<p>Precisamente, la emblem\u00e1tica obra, mujer \u2013 estatua de escala humana -, es una creaci\u00f3n del escultor Nicol\u00e1s de San Luis, que fue promovida a pedestal p\u00fablico por el Fog\u00f3n de los Arrieros en el a\u00f1o 1961.<\/p>\n<p><strong>Los auxilios<\/strong><\/p>\n<p>Ceferino Ferreyra, a cargo del DMRE detall\u00f3: \u201cEl procedimiento del trabajo que se hizo consisti\u00f3 en una inspecci\u00f3n general de la obra, por suerte, ning\u00fan da\u00f1o sufri\u00f3 la estructura a pesar de la ca\u00edda traum\u00e1tica\u201d.<\/p>\n<p>\u201cSe procedi\u00f3 a hacer un tratamiento en seco a trav\u00e9s de un trabajo mec\u00e1nico con elementos que no da\u00f1an la obra para terminar de extraer todos los agentes bi\u00f3ticos o abi\u00f3ticos, que hubieran quedado. Despu\u00e9s aplicamos una protecci\u00f3n y a la hora de plantarla nuevamente sobre su pedestal, se la reforz\u00f3 con m\u00e1s seguridad a la base\u201d, agreg\u00f3.<\/p>\n<p>Felizmente, en la ma\u00f1ana del pasado s\u00e1bado 10 de diciembre, \u2018Mediod\u00eda\u2019 volv\u00eda a su sitial. Ya est\u00e1, otra vez, entre nosotros.<\/p>\n<p><strong>El autor<\/strong><\/p>\n<p>Nicol\u00e1s Antonio de San Luis, un barcelon\u00e9s nacido en 1895 lleg\u00f3 a San Luis a los 6 a\u00f1os. La provincia puntana lo bec\u00f3 para que se perfeccionase en Europa. En 3 a\u00f1os de estad\u00eda, expuso en Francia, Espa\u00f1a e Italia.<\/p>\n<p>Ejerci\u00f3 la docencia. Concurri\u00f3 al Sal\u00f3n de Oto\u00f1o de Madrid en 1924, al Sal\u00f3n Internacional de Nueva York y de San Francisco (California), al Museo Riverside de Nueva York y al Museo de Bellas Artes de Virginia.<\/p>\n<p>En la Argentina, particip\u00f3 del Sal\u00f3n Nacional desde 1920 en pintura y en escultura. Obtuvo el Primer Premio de Pintura en el Sal\u00f3n Nacional de Artes Decorativas en 1922, el Segundo Premio en el Sal\u00f3n Nacional en 1929, el Primer Premio en el Sal\u00f3n Anual de Bellas Artes de Santa Fe en 1933, el Premio Adquisici\u00f3n en la Exposici\u00f3n IV Centenario de Buenos Aires en 1935.<\/p>\n<p>Entre sus obras en espacios p\u00fablicos dignas de admirar, cabe mencionar el Monumento al General Las Heras en Rosario o el Monumento a Sarmiento en Mendoza.<\/p>\n<p>Y tambi\u00e9n ac\u00e1, en Resistencia, una obra excepcional de San Luis, en la naciente avenida Alberdi, \u201cMediod\u00eda\u201d que obtuviera el Primer Premio Escultura del Sal\u00f3n Nacional de Buenos Aires de 1938.[\/vc_column_text][\/vc_column][\/vc_row][vc_row css_animation=&#8221;&#8221; row_type=&#8221;row&#8221; use_row_as_full_screen_section=&#8221;no&#8221; type=&#8221;full_width&#8221; angled_section=&#8221;no&#8221; text_align=&#8221;left&#8221; background_image_as_pattern=&#8221;without_pattern&#8221;][vc_column][vc_empty_space][vc_column_text]Fuente: <a href=\"https:\/\/www.chacodiapordia.com\/2022\/12\/12\/mediodia-vuelve-a-su-sitial-preponderante-de-av-alberdi-y-julio-a-roca\/\" target=\"_blank\" rel=\"noopener\">https:\/\/www.chacodiapordia.com\/2022\/12\/12\/mediodia-vuelve-a-su-sitial-preponderante-de-av-alberdi-y-julio-a-roca\/<\/a><\/p>\n<p><a href=\"https:\/\/www.libertaddigital.com.ar\/Notas\/Nota\/1693108089-luego-de-un-periodo-de-restauracion-la-obra-mediodia-volvio-a-encabezar-la-avenida-alberdi\" target=\"_blank\" rel=\"noopener\">https:\/\/www.libertaddigital.com.ar\/Notas\/Nota\/1693108089-luego-de-un-periodo-de-restauracion-la-obra-mediodia-volvio-a-encabezar-la-avenida-alberdi<\/a>[\/vc_column_text][vc_empty_space][\/vc_column][\/vc_row]\n","protected":false},"excerpt":{"rendered":"<p>La cr\u00f3nica de aquel lamentable d\u00eda comentaba: \u201cDomingo de madrugada en Resistencia. Una camioneta da vueltas a gran velocidad alrededor de la plaza 25 de Mayo. Su conductor en alg\u00fan momento pierde el control, yendo a chocar la escultura \u201cMediod\u00eda\u201d de Nicol\u00e1s San Luis que&#8230;<\/p>\n","protected":false},"author":3,"featured_media":10734,"comment_status":"closed","ping_status":"closed","sticky":false,"template":"","format":"standard","meta":{"footnotes":""},"categories":[6],"tags":[],"class_list":["post-10733","post","type-post","status-publish","format-standard","has-post-thumbnail","hentry","category-novedades"],"_links":{"self":[{"href":"https:\/\/www.bienaldelchaco.org\/2024\/wp-json\/wp\/v2\/posts\/10733","targetHints":{"allow":["GET"]}}],"collection":[{"href":"https:\/\/www.bienaldelchaco.org\/2024\/wp-json\/wp\/v2\/posts"}],"about":[{"href":"https:\/\/www.bienaldelchaco.org\/2024\/wp-json\/wp\/v2\/types\/post"}],"author":[{"embeddable":true,"href":"https:\/\/www.bienaldelchaco.org\/2024\/wp-json\/wp\/v2\/users\/3"}],"replies":[{"embeddable":true,"href":"https:\/\/www.bienaldelchaco.org\/2024\/wp-json\/wp\/v2\/comments?post=10733"}],"version-history":[{"count":1,"href":"https:\/\/www.bienaldelchaco.org\/2024\/wp-json\/wp\/v2\/posts\/10733\/revisions"}],"predecessor-version":[{"id":10735,"href":"https:\/\/www.bienaldelchaco.org\/2024\/wp-json\/wp\/v2\/posts\/10733\/revisions\/10735"}],"wp:featuredmedia":[{"embeddable":true,"href":"https:\/\/www.bienaldelchaco.org\/2024\/wp-json\/wp\/v2\/media\/10734"}],"wp:attachment":[{"href":"https:\/\/www.bienaldelchaco.org\/2024\/wp-json\/wp\/v2\/media?parent=10733"}],"wp:term":[{"taxonomy":"category","embeddable":true,"href":"https:\/\/www.bienaldelchaco.org\/2024\/wp-json\/wp\/v2\/categories?post=10733"},{"taxonomy":"post_tag","embeddable":true,"href":"https:\/\/www.bienaldelchaco.org\/2024\/wp-json\/wp\/v2\/tags?post=10733"}],"curies":[{"name":"wp","href":"https:\/\/api.w.org\/{rel}","templated":true}]}}