{"id":10899,"date":"2023-03-09T11:38:33","date_gmt":"2023-03-09T14:38:33","guid":{"rendered":"https:\/\/www.bienaldelchaco.org\/2024\/?p=10899"},"modified":"2023-03-10T11:55:19","modified_gmt":"2023-03-10T14:55:19","slug":"el-david-de-miguel-angel-en-chaco-poder-disfrutar-de-esta-obra-en-resistencia-y-sumarla-al-patrimonio-es-un-privilegio","status":"publish","type":"post","link":"https:\/\/www.bienaldelchaco.org\/2024\/el-david-de-miguel-angel-en-chaco-poder-disfrutar-de-esta-obra-en-resistencia-y-sumarla-al-patrimonio-es-un-privilegio\/","title":{"rendered":"El David, de Miguel \u00c1ngel en Chaco: \u201cPoder disfrutar de esta obra en Resistencia y sumarla al patrimonio es un privilegio\u201d"},"content":{"rendered":"<div class=\"col-md-12 col-xs-12\">\n<div class=\"bajada\">\n<p class=\"td-post-sub-title\">Presentaron este lunes el proyecto \u201cEl David\u201d de Miguel \u00c1ngel en Chaco, una reproducci\u00f3n 3D de la emblem\u00e1tica obra que se sumar\u00e1 a la Ciudad de las Esculturas. \u201cEsta obra monumental tiene la particularidad de meternos a los resistencianos a la vanguardia mundial del uso de nuevas tecnolog\u00edas aplicadas al arte\u201d, resalt\u00f3 el titular de la Fundaci\u00f3n Urunday, Josese Eidman.<\/p>\n<\/div>\n<\/div>\n<div class=\"td-module-meta-info\"><\/div>\n<p><!--more-->[vc_row css_animation=&#8221;&#8221; row_type=&#8221;row&#8221; use_row_as_full_screen_section=&#8221;no&#8221; type=&#8221;full_width&#8221; angled_section=&#8221;no&#8221; text_align=&#8221;left&#8221; background_image_as_pattern=&#8221;without_pattern&#8221;][vc_column][vc_column_text]El proyecto \u201cEl David\u201d de Miguel \u00c1ngel en Chaco fue presentado este lunes por la Fundaci\u00f3n Urunday en una conferencia de prensa que acompa\u00f1aron tambi\u00e9n autoridades del Instituto de Cultura de Chaco. Se trata de la reproducci\u00f3n 3D de la emblem\u00e1tica obra que se sumar\u00e1 a la Ciudad de las Esculturas.<\/p>\n<p>El anuncio fue encabezado por el presidente de la Fundaci\u00f3n Urunday, Josese Eidman. Tambi\u00e9n participaron el director del Museo de la C\u00e1rcova (UNA), Rub\u00e9n Betbeder; la rectora de la Universidad Nacional de las Artes (UNA), Sandra Torlucci; el intendente de Resistencia, Gustavo Mart\u00ednez, y p\u00fablico en general.<\/p>\n<p>En declaraciones para<strong>\u00a0CIUDAD TV<\/strong>, Eidman se\u00f1al\u00f3 que la presentaci\u00f3n de la iniciativa se da en el D\u00eda del Escultor y remarc\u00f3 que se trata de un anhelo de Fabriciano G\u00f3mez: \u201cSiempre fantaseaba con la idea de traer una obra de Miguel \u00c1ngel, que era su maestro admirado, y ahora finalmente se va a concretar\u201d.<\/p>\n<p>\u201cEsta es la obra m\u00e1s famosa del mundo, pero adem\u00e1s es una de las esculturas m\u00e1s importantes de la historia del arte, un \u00edcono del Renacimiento italiano.\u00a0Poder disfrutar de esta obra en Resistencia y sumarla al patrimonio es un privilegio\u201d, sostuvo.<\/p>\n<p>Eidman destac\u00f3 que el proyecto \u201ctiene otra dimensi\u00f3n fascinante, que tiene que ver con c\u00f3mo se logra la reproducci\u00f3n de este calco: vamos a utilizar nuevas tecnolog\u00edas para hacer un escaneo de alta resoluci\u00f3n, generar un gemelo digital y ese gemelo digital va a permitir hacer la impresi\u00f3n del molde, y finalmente el vaciado en materiales para tener la obra f\u00edsica de 5,17 metros que ser\u00e1 trasladada y emplazada de manera definitiva en el predio del Domo del Centenario\u201d.<\/p>\n<p>\u201cEsta obra monumental tiene la particularidad de meternos a los resistencianos a la vanguardia a nivel mundial del uso de nuevas tecnolog\u00edas aplicadas al arte\u201d, resalt\u00f3.<\/p>\n<p>El titular de la fundaci\u00f3n Urunday adelant\u00f3 que \u201ca fines de mayo la obra estar\u00e1 terminada\u201d y se espera poder inaugurarla \u201cpara el 26 de junio, que es el cumplea\u00f1os de Fabriciano; y tenemos otra fecha estimativa que es el 8 de septiembre, cuando se cumplen dos a\u00f1os de su fallecimiento\u201d.<\/p>\n<p>Record\u00f3 que las gestiones para tener una r\u00e9plica de El David en la ciudad las inici\u00f3 Fabriciano en 2021, \u201cestuvieron marcadas por la dificultad, pero cuando se logr\u00f3 la autorizaci\u00f3n apareci\u00f3 la consigna de buscar alguna t\u00e9cnica tecnol\u00f3gica no invasiva y llegamos a esto que es una innovaci\u00f3n de car\u00e1cter global que nos pone en el centro de la escena en t\u00e9rminos de uso de tecnolog\u00eda nueva para la reproducci\u00f3n de obras de arte a gran escala\u201d, celebr\u00f3.<\/p>\n<p>&nbsp;<\/p>\n<p><strong>David, un \u00edcono de la escultura<\/strong><\/p>\n<p>El David es una de las obras maestras del Renacimiento y una de las esculturas m\u00e1s famosas del mundo. Fue realizada por Miguel \u00c1ngel Buonarroti, entre 1501 y 1504, en m\u00e1rmol blanco extra\u00eddo de la cantera de Fantiscritti (Carrara).<\/p>\n<p>Actualmente se encuentra expuesta en la Galer\u00eda de la Academia, ubicada en la capital toscana, aunque hasta 1873 estuvo ubicada en la plaza de la Se\u00f1or\u00eda donde se erige una copia tambi\u00e9n realizada en m\u00e1rmol blanco.[\/vc_column_text][\/vc_column][\/vc_row][vc_row css_animation=&#8221;&#8221; row_type=&#8221;row&#8221; use_row_as_full_screen_section=&#8221;no&#8221; type=&#8221;full_width&#8221; angled_section=&#8221;no&#8221; text_align=&#8221;left&#8221; background_image_as_pattern=&#8221;without_pattern&#8221;][vc_column][vc_empty_space][vc_column_text]Fuente:\u00a0 <a href=\"https:\/\/www.chacodiapordia.com\/2023\/03\/06\/el-david-de-miguel-angel-en-chaco-poder-disfrutar-de-esta-obra-en-resistencia-y-sumarla-al-patrimonio-es-un-privilegio\/\" target=\"_blank\" rel=\"noopener\">https:\/\/www.chacodiapordia.com\/2023\/03\/06\/el-david-de-miguel-angel-en-chaco-poder-disfrutar-de-esta-obra-en-resistencia-y-sumarla-al-patrimonio-es-un-privilegio\/<\/a><\/p>\n<p><a href=\"https:\/\/news.eseuro.com\/local\/1422633.html\" target=\"_blank\" rel=\"noopener\">https:\/\/news.eseuro.com\/local\/1422633.html<\/a>[\/vc_column_text][vc_empty_space][\/vc_column][\/vc_row]\n","protected":false},"excerpt":{"rendered":"<p>Presentaron este lunes el proyecto \u201cEl David\u201d de Miguel \u00c1ngel en Chaco, una reproducci\u00f3n 3D de la emblem\u00e1tica obra que se sumar\u00e1 a la Ciudad de las Esculturas. \u201cEsta obra monumental tiene la particularidad de meternos a los resistencianos a la vanguardia mundial del uso&#8230;<\/p>\n","protected":false},"author":3,"featured_media":10900,"comment_status":"closed","ping_status":"closed","sticky":false,"template":"","format":"standard","meta":{"footnotes":""},"categories":[6],"tags":[],"class_list":["post-10899","post","type-post","status-publish","format-standard","has-post-thumbnail","hentry","category-novedades"],"_links":{"self":[{"href":"https:\/\/www.bienaldelchaco.org\/2024\/wp-json\/wp\/v2\/posts\/10899","targetHints":{"allow":["GET"]}}],"collection":[{"href":"https:\/\/www.bienaldelchaco.org\/2024\/wp-json\/wp\/v2\/posts"}],"about":[{"href":"https:\/\/www.bienaldelchaco.org\/2024\/wp-json\/wp\/v2\/types\/post"}],"author":[{"embeddable":true,"href":"https:\/\/www.bienaldelchaco.org\/2024\/wp-json\/wp\/v2\/users\/3"}],"replies":[{"embeddable":true,"href":"https:\/\/www.bienaldelchaco.org\/2024\/wp-json\/wp\/v2\/comments?post=10899"}],"version-history":[{"count":3,"href":"https:\/\/www.bienaldelchaco.org\/2024\/wp-json\/wp\/v2\/posts\/10899\/revisions"}],"predecessor-version":[{"id":10915,"href":"https:\/\/www.bienaldelchaco.org\/2024\/wp-json\/wp\/v2\/posts\/10899\/revisions\/10915"}],"wp:featuredmedia":[{"embeddable":true,"href":"https:\/\/www.bienaldelchaco.org\/2024\/wp-json\/wp\/v2\/media\/10900"}],"wp:attachment":[{"href":"https:\/\/www.bienaldelchaco.org\/2024\/wp-json\/wp\/v2\/media?parent=10899"}],"wp:term":[{"taxonomy":"category","embeddable":true,"href":"https:\/\/www.bienaldelchaco.org\/2024\/wp-json\/wp\/v2\/categories?post=10899"},{"taxonomy":"post_tag","embeddable":true,"href":"https:\/\/www.bienaldelchaco.org\/2024\/wp-json\/wp\/v2\/tags?post=10899"}],"curies":[{"name":"wp","href":"https:\/\/api.w.org\/{rel}","templated":true}]}}