{"id":10905,"date":"2023-03-06T11:45:34","date_gmt":"2023-03-06T14:45:34","guid":{"rendered":"https:\/\/www.bienaldelchaco.org\/2024\/?p=10905"},"modified":"2023-03-10T11:49:10","modified_gmt":"2023-03-10T14:49:10","slug":"emplazaran-una-replica-de-el-david-de-miguel-angel-en-resistencia","status":"publish","type":"post","link":"https:\/\/www.bienaldelchaco.org\/2024\/emplazaran-una-replica-de-el-david-de-miguel-angel-en-resistencia\/","title":{"rendered":"Emplazar\u00e1n una r\u00e9plica de El David de Miguel \u00c1ngel en Resistencia"},"content":{"rendered":"<div class=\"col-md-12 col-xs-12\">\n<div class=\"bajada\">\n<div>\n<p>Brindaron detalles del proyecto m\u00e1s ambicioso de Fabriciano G\u00f3mez.<\/p>\n<\/div>\n<\/div>\n<\/div>\n<div class=\"td-module-meta-info\"><\/div>\n<p><!--more-->[vc_row css_animation=&#8221;&#8221; row_type=&#8221;row&#8221; use_row_as_full_screen_section=&#8221;no&#8221; type=&#8221;full_width&#8221; angled_section=&#8221;no&#8221; text_align=&#8221;left&#8221; background_image_as_pattern=&#8221;without_pattern&#8221;][vc_column][vc_column_text]\u2018El David era la escultura que m\u00e1s admiraba Fabriciano G\u00f3mez. Las gestiones para que hoy anunciemos este emplazamiento la empez\u00f3 \u00e9l en plena pandemia del 2020\u2018, estas fueron las palabras de Josese Eidman, quien profundiz\u00f3 algunos aspectos de esta acci\u00f3n trascendental de las artes de la provincia.<\/p>\n<div class=\"center medium m_image\">\n<figure><picture><source srcset=\"https:\/\/www.diarionorte.com\/content\/bucket\/6\/315066w380h475c.jpg.webp\" type=\"image\/webp\" media=\"(min-width: 640px)\" \/><source srcset=\"https:\/\/www.diarionorte.com\/content\/bucket\/6\/315066w440h550c.jpg.webp\" type=\"image\/webp\" media=\"(min-width: 300px)\" \/><source srcset=\"https:\/\/www.diarionorte.com\/content\/bucket\/6\/315066w380h475c.jpg\" media=\"(min-width: 300px)\" \/><\/picture><\/figure>\n<p>En conferencia de prensa estuvieron presentes el presidente de la Fundaci\u00f3n Urunday, el Gobierno del Chaco, el Municipio de Resistencia y la Universidad Nacional del Nordeste. Tambi\u00e9n acompa\u00f1aron y expresaran sus palabras autoridades del Museo de la C\u00e1rcova y Universidad Nacional de las Artes, como tambi\u00e9n de la Universidad Nacional del Nordeste.<\/p>\n<p>Cada 6 de marzo se recuerda el nacimiento de Miguel \u00c1ngel Buonarroti, arquitecto, pintor, escultor y poeta. Fue el creador de David, entre otras obras emblem\u00e1ticas del arte. \u2018En el D\u00eda Internacional del Escultor concretamos un sue\u00f1o. Anunciamos el emplazamiento en Resistencia de la r\u00e9plica en 3D de la gran obra de Miguel \u00c1ngel. Esta acci\u00f3n viene a coronar las tres d\u00e9cadas de cert\u00e1menes de esculturas\u2018, destac\u00f3 Eidman.<\/p>\n<p>&nbsp;<\/p>\n<div class=\"center large m_image\">\n<figure><img loading=\"lazy\" decoding=\"async\" class=\"size-full wp-image-10906 aligncenter\" src=\"https:\/\/www.bienaldelchaco.org\/2024\/wp-content\/uploads\/2023\/03\/315067w750h474c.jpg.png\" alt=\"\" width=\"750\" height=\"474\" srcset=\"https:\/\/www.bienaldelchaco.org\/2024\/wp-content\/uploads\/2023\/03\/315067w750h474c.jpg.png 750w, https:\/\/www.bienaldelchaco.org\/2024\/wp-content\/uploads\/2023\/03\/315067w750h474c.jpg-300x190.png 300w, https:\/\/www.bienaldelchaco.org\/2024\/wp-content\/uploads\/2023\/03\/315067w750h474c.jpg-700x442.png 700w\" sizes=\"auto, (max-width: 750px) 100vw, 750px\" \/><figcaption>En conferencia de prensa, la Fundaci\u00f3n Urunday explic\u00f3 los alcances que tendr\u00e1 este emplazamiento de El David. \u201cEl impacto positivo se dar\u00e1 en varios aspectos\u201d, dijo Eidman.<\/figcaption><\/figure>\n<\/div>\n<p>&nbsp;<\/p>\n<p>Entre los oradores de la ma\u00f1ana estuvo el presidente del Instituto de Cultura, Francisco Tete Romero: \u2018A Fabriciano hay que conjugarlo en presente. Sus sue\u00f1os se siguen concretando y est\u00e1 vivo. Traer esta obra de El David a Resistencia es algo fant\u00e1stico. El David ense\u00f1a muchas cosas con solo verlo\u2018, subray\u00f3.<\/p>\n<\/div>\n[\/vc_column_text][\/vc_column][\/vc_row][vc_row css_animation=&#8221;&#8221; row_type=&#8221;row&#8221; use_row_as_full_screen_section=&#8221;no&#8221; type=&#8221;full_width&#8221; angled_section=&#8221;no&#8221; text_align=&#8221;left&#8221; background_image_as_pattern=&#8221;without_pattern&#8221;][vc_column][vc_empty_space][vc_column_text]Fuente:\u00a0 <a href=\"https:\/\/www.diarionorte.com\/228520-emplazaran-una-replica-de-el-david-de-miguel-angel-en-resistencia\" target=\"_blank\" rel=\"noopener\">https:\/\/www.diarionorte.com\/228520-emplazaran-una-replica-de-el-david-de-miguel-angel-en-resistencia<\/a>[\/vc_column_text][vc_empty_space][\/vc_column][\/vc_row]\n","protected":false},"excerpt":{"rendered":"<p>Brindaron detalles del proyecto m\u00e1s ambicioso de Fabriciano G\u00f3mez.<\/p>\n","protected":false},"author":3,"featured_media":10907,"comment_status":"closed","ping_status":"closed","sticky":false,"template":"","format":"standard","meta":{"footnotes":""},"categories":[6],"tags":[],"class_list":["post-10905","post","type-post","status-publish","format-standard","has-post-thumbnail","hentry","category-novedades"],"_links":{"self":[{"href":"https:\/\/www.bienaldelchaco.org\/2024\/wp-json\/wp\/v2\/posts\/10905","targetHints":{"allow":["GET"]}}],"collection":[{"href":"https:\/\/www.bienaldelchaco.org\/2024\/wp-json\/wp\/v2\/posts"}],"about":[{"href":"https:\/\/www.bienaldelchaco.org\/2024\/wp-json\/wp\/v2\/types\/post"}],"author":[{"embeddable":true,"href":"https:\/\/www.bienaldelchaco.org\/2024\/wp-json\/wp\/v2\/users\/3"}],"replies":[{"embeddable":true,"href":"https:\/\/www.bienaldelchaco.org\/2024\/wp-json\/wp\/v2\/comments?post=10905"}],"version-history":[{"count":2,"href":"https:\/\/www.bienaldelchaco.org\/2024\/wp-json\/wp\/v2\/posts\/10905\/revisions"}],"predecessor-version":[{"id":10909,"href":"https:\/\/www.bienaldelchaco.org\/2024\/wp-json\/wp\/v2\/posts\/10905\/revisions\/10909"}],"wp:featuredmedia":[{"embeddable":true,"href":"https:\/\/www.bienaldelchaco.org\/2024\/wp-json\/wp\/v2\/media\/10907"}],"wp:attachment":[{"href":"https:\/\/www.bienaldelchaco.org\/2024\/wp-json\/wp\/v2\/media?parent=10905"}],"wp:term":[{"taxonomy":"category","embeddable":true,"href":"https:\/\/www.bienaldelchaco.org\/2024\/wp-json\/wp\/v2\/categories?post=10905"},{"taxonomy":"post_tag","embeddable":true,"href":"https:\/\/www.bienaldelchaco.org\/2024\/wp-json\/wp\/v2\/tags?post=10905"}],"curies":[{"name":"wp","href":"https:\/\/api.w.org\/{rel}","templated":true}]}}