{"id":10959,"date":"2023-05-03T10:45:43","date_gmt":"2023-05-03T13:45:43","guid":{"rendered":"https:\/\/www.bienaldelchaco.org\/2024\/?p=10959"},"modified":"2023-05-11T10:48:21","modified_gmt":"2023-05-11T13:48:21","slug":"la-fundacion-urunday-emplazara-este-viernes-una-nueva-obra-en-resistencia","status":"publish","type":"post","link":"https:\/\/www.bienaldelchaco.org\/2024\/la-fundacion-urunday-emplazara-este-viernes-una-nueva-obra-en-resistencia\/","title":{"rendered":"La Fundaci\u00f3n Urunday emplazar\u00e1 este viernes una nueva obra en Resistencia"},"content":{"rendered":"<div class=\"col-md-12 col-xs-12\">\n<div class=\"bajada\">\n<div class=\"col-md-12 col-xs-12\">\n<div class=\"bajada\">\n<p>Este viernes 5 de mayo, a las 11 horas, se inaugurar\u00e1 la obra\u00a0<strong>Caballo\u00a0<\/strong>de la escultora argentina Silvia Celcer. Se trata de la escultura 661 en la capital chaque\u00f1a, la cual quedar\u00e1 emplazada en Avenida Rivadavia N\u00b0 78 por donaci\u00f3n de Lisi Charytonow.<\/p>\n<\/div>\n<\/div>\n<div class=\"col-xs-12\">\n<div class=\"addthis_custom_sharing nota-bajada-add-this nota-top\" data-url=\"https:\/\/libertaddigital.com.ar\/Notas\/Nota\/2077464018-el-david-de-miguel-angel-al-chaco-se-cumple-uno-de-los-suenos-de-fabriciano\" data-title=\"\u201cEl David\u201d de Miguel \u00c1ngel al Chaco: se cumple uno de los sue\u00f1os de Fabriciano\" data-description=\"Casi al mediod\u00eda del lunes, la Fundaci\u00f3n Urunday present\u00f3 el proyecto El David de Miguel \u00c1ngel en Chaco que contempla el pr\u00f3ximo emplazamiento de la reproducci\u00f3n 3D de la emblem\u00e1tica obra que se sumar\u00e1 a nuestra Resistencia, la Ciudad de las Esculturas. \">\n<div id=\"atstbx\" class=\"at-share-tbx-element addthis-smartlayers addthis-animated at4-show\" role=\"region\" aria-labelledby=\"at-c4e29450-a364-4a8f-8c1b-995dbe5b3188\"><\/div>\n<\/div>\n<\/div>\n<\/div>\n<\/div>\n<p><!--more-->[vc_row css_animation=&#8221;&#8221; row_type=&#8221;row&#8221; use_row_as_full_screen_section=&#8221;no&#8221; type=&#8221;full_width&#8221; angled_section=&#8221;no&#8221; text_align=&#8221;left&#8221; background_image_as_pattern=&#8221;without_pattern&#8221;][vc_column][vc_column_text]Josese Eidman, presidente de la Fundaci\u00f3n Urunday, se\u00f1al\u00f3: \u201cEl patrimonio escult\u00f3rico de Resistencia, la Ciudad de las Esculturas sigue creciendo y estamos orgullosos de contribuir a nuestra identidad.<\/p>\n<p>Esa idea que empez\u00f3 a principios de los \u00b460 con El Fog\u00f3n de los Arrieros, luego se consolid\u00f3 con la\u00a0Comisi\u00f3n de Promoci\u00f3n Art\u00edstica.<\/p>\n<p>La aparici\u00f3n de la Fundaci\u00f3n Urunday, a fines de los \u00b480, fue de vital importancia para consolidar ese prop\u00f3sito y tambi\u00e9n para garantizar la continuidad de los concursos de escultura al aire libre que hoy posiciona al Chaco en el mundo\u201d.<\/p>\n<p><strong><img loading=\"lazy\" decoding=\"async\" class=\"size-full wp-image-10960 aligncenter\" src=\"https:\/\/www.bienaldelchaco.org\/2024\/wp-content\/uploads\/2023\/05\/FU-NuevoEmplazamiento-Esc-661.webp\" alt=\"\" width=\"696\" height=\"696\" srcset=\"https:\/\/www.bienaldelchaco.org\/2024\/wp-content\/uploads\/2023\/05\/FU-NuevoEmplazamiento-Esc-661.webp 696w, https:\/\/www.bienaldelchaco.org\/2024\/wp-content\/uploads\/2023\/05\/FU-NuevoEmplazamiento-Esc-661-300x300.webp 300w, https:\/\/www.bienaldelchaco.org\/2024\/wp-content\/uploads\/2023\/05\/FU-NuevoEmplazamiento-Esc-661-150x150.webp 150w, https:\/\/www.bienaldelchaco.org\/2024\/wp-content\/uploads\/2023\/05\/FU-NuevoEmplazamiento-Esc-661-570x570.webp 570w, https:\/\/www.bienaldelchaco.org\/2024\/wp-content\/uploads\/2023\/05\/FU-NuevoEmplazamiento-Esc-661-500x500.webp 500w\" sizes=\"auto, (max-width: 696px) 100vw, 696px\" \/><\/strong><\/p>\n<p>&nbsp;<\/p>\n<p><strong>Sobre la autora<\/strong><\/p>\n<p><strong>Silvia Celcer<\/strong>\u00a0(1949, Buenos Aires).\u00a0Tom\u00f3 clases en los talleres de Renata dal Bianco (escultura, 2008), Aldo Caponi (modelado en cera, 2011-2012), Omar Stella (talla en madera, 2008), Leo Vinci (t\u00e9cnica escult\u00f3rica, 2009-2011) y Edgardo Madanes.<\/p>\n<p>Su obra forma parte de colecciones privadas en Estados Unidos, Argentina, Suecia, Dubai y Uruguay. Expuso en forma individual en el Teatro Cervantes, en ocasi\u00f3n del Premio Estrella de Mar entre los a\u00f1os 2011 y 2013; en el Museo de Arte Decorativo y la Universidad de Belgrano.<\/p>\n<p>Particip\u00f3 tambi\u00e9n en muestras en el Hotel Sheraton Libertador, Expoartrastienda, Museo Yrurtia, Sociedad de Est\u00edmulo de Bellas Artes, Museo del Tigre y Secretaria de Cultura y Turismo (Punta del Este). Visit\u00f3 Resistencia durante la Bienal de Escultura 2014.[\/vc_column_text][\/vc_column][\/vc_row][vc_row css_animation=&#8221;&#8221; row_type=&#8221;row&#8221; use_row_as_full_screen_section=&#8221;no&#8221; type=&#8221;full_width&#8221; angled_section=&#8221;no&#8221; text_align=&#8221;left&#8221; background_image_as_pattern=&#8221;without_pattern&#8221;][vc_column][vc_empty_space][vc_column_text]Fuente:\u00a0 <a href=\"https:\/\/diarioprimeralinea.com.ar\/la-fundacion-urunday-emplazara-este-viernes-una-nueva-obra-en-resistencia\/\" target=\"_blank\" rel=\"noopener\">https:\/\/diarioprimeralinea.com.ar\/la-fundacion-urunday-emplazara-este-viernes-una-nueva-obra-en-resistencia\/<\/a>[\/vc_column_text][vc_empty_space][\/vc_column][\/vc_row]\n","protected":false},"excerpt":{"rendered":"<p>Este viernes 5 de mayo, a las 11 horas, se inaugurar\u00e1 la obra\u00a0Caballo\u00a0de la escultora argentina Silvia Celcer. Se trata de la escultura 661 en la capital chaque\u00f1a, la cual quedar\u00e1 emplazada en Avenida Rivadavia N\u00b0 78 por donaci\u00f3n de Lisi Charytonow.<\/p>\n","protected":false},"author":3,"featured_media":10961,"comment_status":"closed","ping_status":"closed","sticky":false,"template":"","format":"standard","meta":{"footnotes":""},"categories":[6],"tags":[],"class_list":["post-10959","post","type-post","status-publish","format-standard","has-post-thumbnail","hentry","category-novedades"],"_links":{"self":[{"href":"https:\/\/www.bienaldelchaco.org\/2024\/wp-json\/wp\/v2\/posts\/10959","targetHints":{"allow":["GET"]}}],"collection":[{"href":"https:\/\/www.bienaldelchaco.org\/2024\/wp-json\/wp\/v2\/posts"}],"about":[{"href":"https:\/\/www.bienaldelchaco.org\/2024\/wp-json\/wp\/v2\/types\/post"}],"author":[{"embeddable":true,"href":"https:\/\/www.bienaldelchaco.org\/2024\/wp-json\/wp\/v2\/users\/3"}],"replies":[{"embeddable":true,"href":"https:\/\/www.bienaldelchaco.org\/2024\/wp-json\/wp\/v2\/comments?post=10959"}],"version-history":[{"count":1,"href":"https:\/\/www.bienaldelchaco.org\/2024\/wp-json\/wp\/v2\/posts\/10959\/revisions"}],"predecessor-version":[{"id":10962,"href":"https:\/\/www.bienaldelchaco.org\/2024\/wp-json\/wp\/v2\/posts\/10959\/revisions\/10962"}],"wp:featuredmedia":[{"embeddable":true,"href":"https:\/\/www.bienaldelchaco.org\/2024\/wp-json\/wp\/v2\/media\/10961"}],"wp:attachment":[{"href":"https:\/\/www.bienaldelchaco.org\/2024\/wp-json\/wp\/v2\/media?parent=10959"}],"wp:term":[{"taxonomy":"category","embeddable":true,"href":"https:\/\/www.bienaldelchaco.org\/2024\/wp-json\/wp\/v2\/categories?post=10959"},{"taxonomy":"post_tag","embeddable":true,"href":"https:\/\/www.bienaldelchaco.org\/2024\/wp-json\/wp\/v2\/tags?post=10959"}],"curies":[{"name":"wp","href":"https:\/\/api.w.org\/{rel}","templated":true}]}}