{"id":11123,"date":"2023-07-12T18:18:33","date_gmt":"2023-07-12T21:18:33","guid":{"rendered":"https:\/\/www.bienaldelchaco.org\/2024\/?p=11123"},"modified":"2023-07-12T18:18:33","modified_gmt":"2023-07-12T21:18:33","slug":"chaco-futura-la-primera-edicion-dejo-un-balance-muy-positivo","status":"publish","type":"post","link":"https:\/\/www.bienaldelchaco.org\/2024\/chaco-futura-la-primera-edicion-dejo-un-balance-muy-positivo\/","title":{"rendered":"Chaco Futura: La Primera Edici\u00f3n Dejo Un Balance Muy Positivo"},"content":{"rendered":"<div>\n<p class=\"td-post-sub-title\">El pr\u00f3ximo jueves 13 de julio, a las 20, se proyectar\u00e1 el documental \u201cDimensio?n Aroldo Lewy &#8211; La huella imborrable de un maestro\u201d (65 minutos) en el Espacio Incaa que funciona en el Complejo Cultural Guido Miranda,, Col\u00f3n 164.<\/p>\n<\/div>\n<p><!--more-->[vc_row css_animation=&#8221;&#8221; row_type=&#8221;row&#8221; use_row_as_full_screen_section=&#8221;no&#8221; type=&#8221;full_width&#8221; angled_section=&#8221;no&#8221; text_align=&#8221;left&#8221; background_image_as_pattern=&#8221;without_pattern&#8221;][vc_column][vc_column_text]Con un balance positivo, el pasado fin de semana se realiz\u00f3 la primera edici\u00f3n de \u201cChaco Futura\u201d en la Casa de las Culturas de la ciudad de Resistencia. El presidente del Instituto de Cultura del Chaco, Francisco \u201cTete\u201d Romero; la coordinadora del Departamento de Industrias Culturales, Carolina Sampor; y uno de los organizadores del evento, Mat\u00edas Miro, dialogaron con Chaco TV y dejaron sus conclusiones tras tres d\u00edas de evento, adem\u00e1s de informar que ya se encuentra en preparaci\u00f3n la segunda edici\u00f3n.<\/p>\n<p>Mat\u00edas Mir\u00f3, organizador del evento, se mostr\u00f3 muy \u201ccontento\u201d por la difusi\u00f3n realizada y \u201c\u00e9xito de la primera edici\u00f3n\u201d. En ese sentido, destac\u00f3 que los juegos \u201ctuvieron un gran contenido cultural nativo\u201d entre los cuales se encontraron juegos de cartas digitales y juegos relacionados a la cultura nativa de Chaco, as\u00ed como tambi\u00e9n juegos vinculados con la ecolog\u00eda y el medio ambiente. \u201cTodo fue un \u00e9xito. No hubo algo que podamos decir que se destac\u00f3, pero todo tuvo un sello de calidad que viene de una responsabilidad desde la organizaci\u00f3n. Siempre estuvo lleno\u201d, manifest\u00f3.<\/p>\n<p>Asimismo, remarc\u00f3 que el evento logr\u00f3 darle a la gente la posibilidad de conocer un producto al que \u201cmuy pocas veces puede llegar a conocer porque tiene que viajar o pagar, y todo lo tuvieron gratis aqu\u00ed en la ciudad\u201d. \u201cChaco demostr\u00f3 la capacidad de trabajar junto a empresas privadas, instituciones p\u00fablicas, universidades y escuelas t\u00e9cnicas. Demostr\u00f3 que tenemos mucho potencial, que tiene futuro\u201d, concluy\u00f3.<\/p>\n<p>Asimismo, la coordinadora Carolina Sampor se mostr\u00f3 muy \u201ccontenta\u201d con la convocatoria y expres\u00f3 que \u201cel objetivo era fomentar y crear comunidad y que esa comunidad sea la que despu\u00e9s desarrolle\u201d. \u201cVe\u00edamos un gran ecosistema disperso y que no se vinculaba\u201d, manifest\u00f3. En este sentido, destac\u00f3 la importancia de \u201cgenerar valor\u201d y de \u201cacercar a los mejores profesionales al alcance de todos\u201d con el fin de \u201carmar proyectos y pol\u00edticas p\u00fablicas para que sigan vinculados y se desarrollen\u201d.<\/p>\n<p>Por su parte, el presidente Francisco \u00abTete\u00bb Romero manifest\u00f3 que se trat\u00f3 de \u201cuna propuesta que hace rato ven\u00edan planteando el equipo de industria cultural\u201d. Sobre el evento, destac\u00f3 la presencia de m\u00e1s de 10 mil personas a lo largo de los tres d\u00edas, as\u00ed como tambi\u00e9n a las m\u00e1s de 50 empresas que trabajan con tecnolog\u00eda y que estuvieron presentes. \u201cEsto puede significar empleos, una industria cultural. Tenemos esta semana una reuni\u00f3n de balance con toda la mesa de gesti\u00f3n para armar \u2018Chaco Futura 2\u2019 y aspiramos a que los j\u00f3venes productores se nos unan para desarrollar sus talentos. Este es el Chaco que nosotros necesitamos\u201d, concluy\u00f3.[\/vc_column_text][\/vc_column][\/vc_row]\n","protected":false},"excerpt":{"rendered":"<p>El pr\u00f3ximo jueves 13 de julio, a las 20, se proyectar\u00e1 el documental \u201cDimensio?n Aroldo Lewy &#8211; La huella imborrable de un maestro\u201d (65 minutos) en el Espacio Incaa que funciona en el Complejo Cultural Guido Miranda,, Col\u00f3n 164.<\/p>\n","protected":false},"author":3,"featured_media":11125,"comment_status":"closed","ping_status":"closed","sticky":false,"template":"","format":"standard","meta":{"footnotes":""},"categories":[6],"tags":[],"class_list":["post-11123","post","type-post","status-publish","format-standard","has-post-thumbnail","hentry","category-novedades"],"_links":{"self":[{"href":"https:\/\/www.bienaldelchaco.org\/2024\/wp-json\/wp\/v2\/posts\/11123","targetHints":{"allow":["GET"]}}],"collection":[{"href":"https:\/\/www.bienaldelchaco.org\/2024\/wp-json\/wp\/v2\/posts"}],"about":[{"href":"https:\/\/www.bienaldelchaco.org\/2024\/wp-json\/wp\/v2\/types\/post"}],"author":[{"embeddable":true,"href":"https:\/\/www.bienaldelchaco.org\/2024\/wp-json\/wp\/v2\/users\/3"}],"replies":[{"embeddable":true,"href":"https:\/\/www.bienaldelchaco.org\/2024\/wp-json\/wp\/v2\/comments?post=11123"}],"version-history":[{"count":1,"href":"https:\/\/www.bienaldelchaco.org\/2024\/wp-json\/wp\/v2\/posts\/11123\/revisions"}],"predecessor-version":[{"id":11126,"href":"https:\/\/www.bienaldelchaco.org\/2024\/wp-json\/wp\/v2\/posts\/11123\/revisions\/11126"}],"wp:featuredmedia":[{"embeddable":true,"href":"https:\/\/www.bienaldelchaco.org\/2024\/wp-json\/wp\/v2\/media\/11125"}],"wp:attachment":[{"href":"https:\/\/www.bienaldelchaco.org\/2024\/wp-json\/wp\/v2\/media?parent=11123"}],"wp:term":[{"taxonomy":"category","embeddable":true,"href":"https:\/\/www.bienaldelchaco.org\/2024\/wp-json\/wp\/v2\/categories?post=11123"},{"taxonomy":"post_tag","embeddable":true,"href":"https:\/\/www.bienaldelchaco.org\/2024\/wp-json\/wp\/v2\/tags?post=11123"}],"curies":[{"name":"wp","href":"https:\/\/api.w.org\/{rel}","templated":true}]}}