{"id":11143,"date":"2023-07-19T16:39:54","date_gmt":"2023-07-19T19:39:54","guid":{"rendered":"https:\/\/www.bienaldelchaco.org\/2024\/?p=11143"},"modified":"2023-07-19T16:40:47","modified_gmt":"2023-07-19T19:40:47","slug":"expectativa-por-el-arribo-de-el-david-chaco-se-lo-merece-es-el-unico-lugar-donde-el-pueblo-cuida-las-obras","status":"publish","type":"post","link":"https:\/\/www.bienaldelchaco.org\/2024\/expectativa-por-el-arribo-de-el-david-chaco-se-lo-merece-es-el-unico-lugar-donde-el-pueblo-cuida-las-obras\/","title":{"rendered":"Expectativa por el arribo de El David: &#8220;Chaco se lo merece, es el \u00fanico lugar donde el pueblo cuida las obras&#8221;"},"content":{"rendered":"<div>\n<p class=\"td-post-sub-title\">El 8 de septiembre est\u00e1 previsto que la r\u00e9plica de la ic\u00f3nica obra de Migue \u00c1ngel se emplace en Resistencia, un proyecto promovido por Fabriciano G\u00f3mez quien so\u00f1aba con que los chaque\u00f1os puedan disfrutar de tal escultura sin la necesidad de viajar a Europa.<\/p>\n<\/div>\n<p><!--more-->[vc_row css_animation=&#8221;&#8221; row_type=&#8221;row&#8221; use_row_as_full_screen_section=&#8221;no&#8221; type=&#8221;full_width&#8221; angled_section=&#8221;no&#8221; text_align=&#8221;left&#8221; background_image_as_pattern=&#8221;without_pattern&#8221;][vc_column][vc_column_text]<strong><em>&#8220;Fabri quiso que ello est\u00e9 ah\u00ed y vamos a lograrlo&#8221;<\/em><\/strong>, asever\u00f3\u00a0<strong>Dar\u00edo Klehr,<\/strong>\u00a0artista pl\u00e1stico y director del Museo Luis Perlotti, y quien forma parte del proyecto.<\/p>\n<p>Al aire de\u00a0<strong>Radio Facundo Quiroga<\/strong>, remarc\u00f3 que se est\u00e1n ultimando detalles para el traslado de la obra hecha en tama\u00f1o natural y con tecnolog\u00eda 3D, la cual se ubicar\u00e1 en el acceso al Domo del Centenario. &#8220;<strong><em>El chaque\u00f1o es ejemplo del pueblo, el arte hay que cuidarlo y el Chaco es el \u00fanico lugar en el mundo donde las obras se cuidan&#8221;<\/em><\/strong>, remarc\u00f3 Klehr.[\/vc_column_text][\/vc_column][\/vc_row][vc_row css_animation=&#8221;&#8221; row_type=&#8221;row&#8221; use_row_as_full_screen_section=&#8221;no&#8221; type=&#8221;full_width&#8221; angled_section=&#8221;no&#8221; text_align=&#8221;left&#8221; background_image_as_pattern=&#8221;without_pattern&#8221;][vc_column][vc_empty_space][vc_column_text]\u00a1Escuch\u00e1 la nota completa![\/vc_column_text][vc_empty_space][vc_raw_html]JTNDYXVkaW8lMjBjbGFzcyUzRCUyMmJsb2dfYXVkaW8lMjIlMjBzcmMlM0QlMjJodHRwcyUzQSUyRiUyRmZhY3VuZG9xdWlyb2dhLmNvbSUyRndwLWNvbnRlbnQlMkZ1cGxvYWRzJTJGMjAyMyUyRjA3JTJGMjMwNzE5LURhcmlvLUtsZWhyLWFydGlzdGEtcGxhc3RpY28teS1kaXJlY3Rvci1kZWwtTXVzZW8tZGUtRXNjdWx0dXJhcy1MdWlzLVBlcmxvdHRpLi1UZW1hLXBhcnRpY2lwYS1kZWwtcHJveWVjdG8tRWwtRGF2aWQtZGUtTWlndWVsLUFuZ2VMLm1wMyUzRl8lM0QxJTIyJTIwY29udHJvbHMlM0QlMjJjb250cm9scyUyMiUzRSUwQSUwOSUwOSUwOSUwOSUwOSUwOVlvdXIlMjBicm93c2VyJTIwZG9uJTI3dCUyMHN1cHBvcnQlMjBhdWRpbyUyMHBsYXllciUwOSUwOSUwOSUwOSUwOSUzQyUyRmF1ZGlvJTNF[\/vc_raw_html][\/vc_column][\/vc_row][vc_row css_animation=&#8221;&#8221; row_type=&#8221;row&#8221; use_row_as_full_screen_section=&#8221;no&#8221; type=&#8221;full_width&#8221; angled_section=&#8221;no&#8221; text_align=&#8221;left&#8221; background_image_as_pattern=&#8221;without_pattern&#8221;][vc_column][vc_empty_space][vc_column_text]Fuente: <a href=\"https:\/\/facundoquiroga.com\/expectativa-por-el-arribo-de-el-david-chaco-se-lo-merece-es-el-unico-lugar-donde-el-pueblo-cuida-las-obras\/\" target=\"_blank\" rel=\"noopener\">https:\/\/facundoquiroga.com\/expectativa-por-el-arribo-de-el-david-chaco-se-lo-merece-es-el-unico-lugar-donde-el-pueblo-cuida-las-obras\/<\/a>[\/vc_column_text][vc_empty_space][\/vc_column][\/vc_row]\n","protected":false},"excerpt":{"rendered":"<p>El 8 de septiembre est\u00e1 previsto que la r\u00e9plica de la ic\u00f3nica obra de Migue \u00c1ngel se emplace en Resistencia, un proyecto promovido por Fabriciano G\u00f3mez quien so\u00f1aba con que los chaque\u00f1os puedan disfrutar de tal escultura sin la necesidad de viajar a Europa.<\/p>\n","protected":false},"author":3,"featured_media":11144,"comment_status":"closed","ping_status":"closed","sticky":false,"template":"","format":"standard","meta":{"footnotes":""},"categories":[6],"tags":[],"class_list":["post-11143","post","type-post","status-publish","format-standard","has-post-thumbnail","hentry","category-novedades"],"_links":{"self":[{"href":"https:\/\/www.bienaldelchaco.org\/2024\/wp-json\/wp\/v2\/posts\/11143","targetHints":{"allow":["GET"]}}],"collection":[{"href":"https:\/\/www.bienaldelchaco.org\/2024\/wp-json\/wp\/v2\/posts"}],"about":[{"href":"https:\/\/www.bienaldelchaco.org\/2024\/wp-json\/wp\/v2\/types\/post"}],"author":[{"embeddable":true,"href":"https:\/\/www.bienaldelchaco.org\/2024\/wp-json\/wp\/v2\/users\/3"}],"replies":[{"embeddable":true,"href":"https:\/\/www.bienaldelchaco.org\/2024\/wp-json\/wp\/v2\/comments?post=11143"}],"version-history":[{"count":2,"href":"https:\/\/www.bienaldelchaco.org\/2024\/wp-json\/wp\/v2\/posts\/11143\/revisions"}],"predecessor-version":[{"id":11146,"href":"https:\/\/www.bienaldelchaco.org\/2024\/wp-json\/wp\/v2\/posts\/11143\/revisions\/11146"}],"wp:featuredmedia":[{"embeddable":true,"href":"https:\/\/www.bienaldelchaco.org\/2024\/wp-json\/wp\/v2\/media\/11144"}],"wp:attachment":[{"href":"https:\/\/www.bienaldelchaco.org\/2024\/wp-json\/wp\/v2\/media?parent=11143"}],"wp:term":[{"taxonomy":"category","embeddable":true,"href":"https:\/\/www.bienaldelchaco.org\/2024\/wp-json\/wp\/v2\/categories?post=11143"},{"taxonomy":"post_tag","embeddable":true,"href":"https:\/\/www.bienaldelchaco.org\/2024\/wp-json\/wp\/v2\/tags?post=11143"}],"curies":[{"name":"wp","href":"https:\/\/api.w.org\/{rel}","templated":true}]}}