{"id":11194,"date":"2023-08-08T07:43:52","date_gmt":"2023-08-08T10:43:52","guid":{"rendered":"https:\/\/www.bienaldelchaco.org\/2024\/?p=11194"},"modified":"2023-08-08T07:48:12","modified_gmt":"2023-08-08T10:48:12","slug":"casa-museo-fabriciano-el-espacio-donde-creo-sono-y-esculpio-su-vida-y-su-arte","status":"publish","type":"post","link":"https:\/\/www.bienaldelchaco.org\/2024\/casa-museo-fabriciano-el-espacio-donde-creo-sono-y-esculpio-su-vida-y-su-arte\/","title":{"rendered":"Casa Museo Fabriciano: el espacio donde cre\u00f3, so\u00f1\u00f3 y esculpi\u00f3 su vida y su arte"},"content":{"rendered":"<div class=\"wrapper-header\">\n<div class=\"container-xl\">\n<div class=\"row\">\n<div class=\"col-12\">\n<div class=\"head-content mb-4\">\n<div>\n<p>Ubicada en Julio A. Roca 1725, la Casa Museo Fabriciano es el mayor legado que el &#8220;negro&#8221; dej\u00f3 a la ciudad.<\/p>\n<\/div>\n<\/div>\n<\/div>\n<\/div>\n<\/div>\n<\/div>\n<p><!--more-->[vc_row css_animation=&#8221;&#8221; row_type=&#8221;row&#8221; use_row_as_full_screen_section=&#8221;no&#8221; type=&#8221;full_width&#8221; angled_section=&#8221;no&#8221; text_align=&#8221;left&#8221; background_image_as_pattern=&#8221;without_pattern&#8221;][vc_column][vc_column_text]S\u00ed, m\u00e1s all\u00e1 de sus obras emplazadas y la creaci\u00f3n del Concurso Internacional de Esculturas, porque era su casa, su lugar. Donde so\u00f1\u00f3, cre\u00f3 y dio vida a cada rinc\u00f3n. Cada espacio fue pensado para que los visitantes puedan conocer lo m\u00e1s importante de \u00e9l, su esencia.<\/p>\n<p>Guiados por\u00a0<strong>Gustavo Insaurralde<\/strong>, en compa\u00f1\u00eda de\u00a0<strong>Mimo Eidman<\/strong>, hoy presidenta de la Fundaci\u00f3n Fabriciano, y\u00a0<strong>Joses\u00e9 Eidman<\/strong>, recorrimos la Casa de Fabriciano, el lugar donde descansan sus cenizas, sus herramientas, sus obras inconclusas. Donde su historia aparece en cada detalle, su vida, sus obras y sus sue\u00f1os.<\/p>\n[\/vc_column_text][vc_empty_space][vc_video link=&#8221;https:\/\/www.youtube.com\/embed\/c7k0uAUj9Hk&#8221;][vc_empty_space][vc_column_text]El paseo dura aproximadamente 40 minutos, se recorren todos los espacios, se cuenta cada historia. Pero siempre surgen esas preguntas para conocer un poco m\u00e1s sobre qui\u00e9n estaba detr\u00e1s de ese hombre so\u00f1ador. Pero la verdad es que mucho sin conocer no hab\u00eda, porque Fabri era transparente -como sus vitrinas de vidrio puestas en su casa-, duro como las obras en m\u00e1rmol y madera, y moldeable como cada una de sus esculturas. Era generoso con quien lo necesitaba, era un artista de ley, un ganador innato de premios, pero sin duda alguna su mayor reconocimiento era el cari\u00f1o de la gente y el de sus colegas.<\/p>\n<div class=\" large m_image\" style=\"text-align: center;\">\n<figure><img loading=\"lazy\" decoding=\"async\" class=\"size-full wp-image-11201 aligncenter\" src=\"https:\/\/www.bienaldelchaco.org\/2024\/wp-content\/uploads\/2023\/08\/328624w750h500c.jpg.webp\" alt=\"\" width=\"750\" height=\"500\" srcset=\"https:\/\/www.bienaldelchaco.org\/2024\/wp-content\/uploads\/2023\/08\/328624w750h500c.jpg.webp 750w, https:\/\/www.bienaldelchaco.org\/2024\/wp-content\/uploads\/2023\/08\/328624w750h500c.jpg-300x200.webp 300w, https:\/\/www.bienaldelchaco.org\/2024\/wp-content\/uploads\/2023\/08\/328624w750h500c.jpg-391x260.webp 391w, https:\/\/www.bienaldelchaco.org\/2024\/wp-content\/uploads\/2023\/08\/328624w750h500c.jpg-700x467.webp 700w\" sizes=\"auto, (max-width: 750px) 100vw, 750px\" \/><figcaption><span class=\"credit\">Cr\u00e9dito: Miguel A. Romero<\/span><\/figcaption><\/figure>\n<\/div>\n<p>&nbsp;<\/p>\n<p>Mimo no suele estar en los recorridos, pero esta vez estuvo y relat\u00f3 que es dif\u00edcil entrar en su casa. &#8220;Todo el tiempo espero que aparezca desde alguna habitaci\u00f3n&#8221;, dice la artista y su compa\u00f1era de vida por m\u00e1s de 40 a\u00f1os. Y agrega: &#8220;Todav\u00eda no pudimos hacer el duelo del todo, porque nos dej\u00f3 tanto trabajo por hacer que no tenemos tiempo de llorarlo. Pero es como \u00e9l quisiera que lo record\u00e1semos, y por eso estamos en paz&#8221;. &#8220;Lo extra\u00f1amos todos los d\u00edas, pero su legado es nuestro mayor trabajo y satisfacci\u00f3n&#8221;, asegura Eidman.<\/p>\n<p>&nbsp;<\/p>\n<h3><strong>LA BIENVENIDA A LA CASA<\/strong><\/h3>\n<p>Gustavo tiene una manera sutil de relatar la historia, de contar los detalles. A la casa se ingresa a trav\u00e9s de &#8220;Puertas del Para\u00edso&#8221;, una obra realizada en madera y bronce que representa a la familia. El sol, en el centro, simboliza a los padres (Dorita y Emelino), las figuras humanas son los hijos y el \u00e1ngel que se asoma t\u00edmidamente representa a los espectadores. Cuando Fabriciano hacia el recorrido dec\u00eda que &#8220;el \u00e1ngel sos vos&#8221;, haciendo referencia al invitado que estaba por atravesar la puerta.<\/p>\n<div class=\" large m_image\" style=\"text-align: center;\">\n<figure><img loading=\"lazy\" decoding=\"async\" class=\"size-full wp-image-11198 aligncenter\" src=\"https:\/\/www.bienaldelchaco.org\/2024\/wp-content\/uploads\/2023\/08\/328619w750h500c.jpg.webp\" alt=\"\" width=\"750\" height=\"500\" srcset=\"https:\/\/www.bienaldelchaco.org\/2024\/wp-content\/uploads\/2023\/08\/328619w750h500c.jpg.webp 750w, https:\/\/www.bienaldelchaco.org\/2024\/wp-content\/uploads\/2023\/08\/328619w750h500c.jpg-300x200.webp 300w, https:\/\/www.bienaldelchaco.org\/2024\/wp-content\/uploads\/2023\/08\/328619w750h500c.jpg-391x260.webp 391w, https:\/\/www.bienaldelchaco.org\/2024\/wp-content\/uploads\/2023\/08\/328619w750h500c.jpg-700x467.webp 700w\" sizes=\"auto, (max-width: 750px) 100vw, 750px\" \/><figcaption><span class=\"credit\">Cr\u00e9dito: Miguel A. Romero<\/span><\/figcaption><\/figure>\n<\/div>\n<p>&nbsp;<\/p>\n<p>En la primera sala, que lleva el nombre de\u00a0<strong>Efra\u00edn Boglietti<\/strong>\u00a0-un amigo incondicional de Fabriciano, a quien adopt\u00f3 como un padre-, se pueden apreciar dibujos seleccionados del escultor. Aquellos primeros que \u00a0datan de su tiempo en la Academia de Bellas Artes, otros realizados en Par\u00eds a fines de los \u00b470 y finalmente algunos del 2000. Tambi\u00e9n hay esculturas de diferentes materiales, algunas de m\u00e1rmol, otras de bronce y tambi\u00e9n de madera. En una parte aparecen todas las menciones y diplomas -bueno, algunos, ya que eran muchos, que a Fabriciano lo llenaban de orgullo-, como el Gran Premio de Honor, el reconocimiento del gobierno del Chaco como &#8220;hijo dilecto&#8221;, el del Municipio capitalino que lo nombr\u00f3 &#8220;ciudadano ejemplar&#8221;, entre otros muchos m\u00e1s.<\/p>\n<div class=\"right medium m_image\" style=\"text-align: center;\">\n<figure><img loading=\"lazy\" decoding=\"async\" class=\"size-full wp-image-11197 aligncenter\" src=\"https:\/\/www.bienaldelchaco.org\/2024\/wp-content\/uploads\/2023\/08\/328615w380h570c.jpg.webp\" alt=\"\" width=\"380\" height=\"570\" srcset=\"https:\/\/www.bienaldelchaco.org\/2024\/wp-content\/uploads\/2023\/08\/328615w380h570c.jpg.webp 380w, https:\/\/www.bienaldelchaco.org\/2024\/wp-content\/uploads\/2023\/08\/328615w380h570c.jpg-200x300.webp 200w\" sizes=\"auto, (max-width: 380px) 100vw, 380px\" \/><figcaption><span class=\"credit\">Cr\u00e9dito: Miguel A. Romero<\/span><\/figcaption><\/figure>\n<\/div>\n<p>&nbsp;<\/p>\n<p>Siguiendo el recorrido, los visitantes se encuentran con la siguiente sala que lleva el nombre de\u00a0<strong>Mimo Eidman<\/strong>, su compa\u00f1era de vida y su disc\u00edpula en el arte, una de las personas que confi\u00f3 en el proyecto de los concursos de escultura al aire libre y una artista que lo acompa\u00f1\u00f3 siempre.<\/p>\n<p>&nbsp;<\/p>\n<p>En este sector tambi\u00e9n se pueden observar afiches de los diferentes concursos, maquetas de las obras realizadas en nieve, indumentaria y algunas herramientas utilizadas durante esos concursos. Tambi\u00e9n trofeos y medallas.<\/p>\n<p>&nbsp;<\/p>\n<h3><strong>EL ESPACIO M\u00c1S PERSONAL<\/strong><\/h3>\n<p>Los dos grandes sectores de la casa est\u00e1n unidos por el pasillo que lleva el nombre de\u00a0<strong>Juli\u00e1n Astolfoni<\/strong>. Seguramente sea la parte m\u00e1s personal del recorrido: su dormitorio, donde hoy descansan sus cenizas.<\/p>\n<div class=\" large m_image\" style=\"text-align: center;\">\n<figure><img loading=\"lazy\" decoding=\"async\" class=\"size-full wp-image-11199 aligncenter\" src=\"https:\/\/www.bienaldelchaco.org\/2024\/wp-content\/uploads\/2023\/08\/328622w750h500c.jpg.webp\" alt=\"\" width=\"750\" height=\"500\" srcset=\"https:\/\/www.bienaldelchaco.org\/2024\/wp-content\/uploads\/2023\/08\/328622w750h500c.jpg.webp 750w, https:\/\/www.bienaldelchaco.org\/2024\/wp-content\/uploads\/2023\/08\/328622w750h500c.jpg-300x200.webp 300w, https:\/\/www.bienaldelchaco.org\/2024\/wp-content\/uploads\/2023\/08\/328622w750h500c.jpg-391x260.webp 391w, https:\/\/www.bienaldelchaco.org\/2024\/wp-content\/uploads\/2023\/08\/328622w750h500c.jpg-700x467.webp 700w\" sizes=\"auto, (max-width: 750px) 100vw, 750px\" \/><figcaption><span class=\"credit\">Cr\u00e9dito: Miguel A. Romero<\/span><\/figcaption><\/figure>\n<\/div>\n<p>&nbsp;<\/p>\n<p>Se puede observar una importante obra sobre la cabecera de la cama, un peque\u00f1o altar con estampitas y santos que hered\u00f3 de Dorita y a los que \u00e9l fue agregando objetos simb\u00f3licos que le recordaban a su c\u00edrculo espiritual m\u00e1s personal; y en su mesita de luz, una radio, porque le gustaba estar informado y tambi\u00e9n la m\u00fasica.<\/p>\n<p>&nbsp;<\/p>\n<p>Uno de los \u00faltimos espacios del recorrido es el espacio \u00a0de la sala\u00a0<strong>Dorita y Emelin<\/strong>o. La cocina y el comedor tiene un valor netamente personal, marcado por la cotidianeidad. En el sal\u00f3n hay una gran mesa, lugar de encuentro y de compartir, en el plano familiar, por supuesto, pero especialmente en la amistad que tanto le gustaba cultivar a Fabriciano. Las sillas incluyen detalles con la figura ic\u00f3nica del artista que puede reconocerse en muchas de sus obras. En un sector est\u00e1n expuestos utensilios de la vida cotidiana y objetos personales de Dorita.<\/p>\n<div class=\" large m_image\" style=\"text-align: center;\">\n<figure><img loading=\"lazy\" decoding=\"async\" class=\"size-full wp-image-11200 aligncenter\" src=\"https:\/\/www.bienaldelchaco.org\/2024\/wp-content\/uploads\/2023\/08\/328623w750h500c.jpg.webp\" alt=\"\" width=\"750\" height=\"500\" srcset=\"https:\/\/www.bienaldelchaco.org\/2024\/wp-content\/uploads\/2023\/08\/328623w750h500c.jpg.webp 750w, https:\/\/www.bienaldelchaco.org\/2024\/wp-content\/uploads\/2023\/08\/328623w750h500c.jpg-300x200.webp 300w, https:\/\/www.bienaldelchaco.org\/2024\/wp-content\/uploads\/2023\/08\/328623w750h500c.jpg-391x260.webp 391w, https:\/\/www.bienaldelchaco.org\/2024\/wp-content\/uploads\/2023\/08\/328623w750h500c.jpg-700x467.webp 700w\" sizes=\"auto, (max-width: 750px) 100vw, 750px\" \/><figcaption><span class=\"credit\">Cr\u00e9dito: Miguel A. Romero<\/span><\/figcaption><\/figure>\n<\/div>\n<p>&nbsp;<\/p>\n<p>Sobre la mesa, en peque\u00f1o formato, se destacan &#8220;Inmaculada&#8221; y &#8220;San Fernando&#8221;, obras monumentales emplazadas en 1978 en el frente de la Catedral de Resistencia, reconocidas como Patrimonio Cultural de la Ciudad y recientemente declaradas &#8220;Bienes de Inter\u00e9s Art\u00edstico&#8221; por la Comisi\u00f3n Nacional de Monumentos, de Lugares y de Bienes Hist\u00f3ricos. Tambi\u00e9n algunos de los libros publicados: &#8220;Fabriciano&#8221; (1980), &#8220;Fabriciano&#8221; (1988) y &#8220;Fabriciano un hombre probo&#8221; (1999), tambi\u00e9n &#8220;Fabriciano, un hombre de pie&#8221; (2013).<\/p>\n<p>&nbsp;<\/p>\n<h3><strong>FINAL DEL RECORRIDO<\/strong><\/h3>\n<div class=\" large m_image\" style=\"text-align: center;\">\n<figure><img loading=\"lazy\" decoding=\"async\" class=\"size-full wp-image-11202 aligncenter\" src=\"https:\/\/www.bienaldelchaco.org\/2024\/wp-content\/uploads\/2023\/08\/328626w750h500c.jpg.webp\" alt=\"\" width=\"750\" height=\"500\" srcset=\"https:\/\/www.bienaldelchaco.org\/2024\/wp-content\/uploads\/2023\/08\/328626w750h500c.jpg.webp 750w, https:\/\/www.bienaldelchaco.org\/2024\/wp-content\/uploads\/2023\/08\/328626w750h500c.jpg-300x200.webp 300w, https:\/\/www.bienaldelchaco.org\/2024\/wp-content\/uploads\/2023\/08\/328626w750h500c.jpg-391x260.webp 391w, https:\/\/www.bienaldelchaco.org\/2024\/wp-content\/uploads\/2023\/08\/328626w750h500c.jpg-700x467.webp 700w\" sizes=\"auto, (max-width: 750px) 100vw, 750px\" \/><figcaption><span class=\"credit\">Cr\u00e9dito: Miguel A. Romero<\/span><\/figcaption><\/figure>\n<\/div>\n<p>&nbsp;<\/p>\n<p>El recorrido termina en el patio que lleva el nombre de\u00a0<strong>Pradial Guiterrez<\/strong>. Es un jard\u00edn de car\u00e1cter tropical que incluye varias de sus obras conviviendo con la vegetaci\u00f3n. En uno de los muros aparece un curioso tri\u00e1ngulo de ladrillos y horc\u00f3n perteneciente a la construcci\u00f3n original.<\/p>\n<p>&nbsp;<\/p>\n<p>Fabriciano falleci\u00f3 el 8 de septiembre de 2021. Con \u00e9l se fue un poco de todos nosotros; pero, en su inmensidad, Fabriciano abri\u00f3 las puertas de su casa para que sea patrimonio de todos los chaque\u00f1os y todos sepamos qui\u00e9n era el hombre detr\u00e1s del escultor.<\/p>\n<div class=\" large m_image\" style=\"text-align: center;\">\n<figure><img loading=\"lazy\" decoding=\"async\" class=\"size-full wp-image-11203 aligncenter\" src=\"https:\/\/www.bienaldelchaco.org\/2024\/wp-content\/uploads\/2023\/08\/328627w750h500c.jpg.webp\" alt=\"\" width=\"750\" height=\"500\" srcset=\"https:\/\/www.bienaldelchaco.org\/2024\/wp-content\/uploads\/2023\/08\/328627w750h500c.jpg.webp 750w, https:\/\/www.bienaldelchaco.org\/2024\/wp-content\/uploads\/2023\/08\/328627w750h500c.jpg-300x200.webp 300w, https:\/\/www.bienaldelchaco.org\/2024\/wp-content\/uploads\/2023\/08\/328627w750h500c.jpg-391x260.webp 391w, https:\/\/www.bienaldelchaco.org\/2024\/wp-content\/uploads\/2023\/08\/328627w750h500c.jpg-700x467.webp 700w\" sizes=\"auto, (max-width: 750px) 100vw, 750px\" \/><figcaption><span class=\"credit\">Cr\u00e9dito: Miguel A. Romero<\/span><\/figcaption><\/figure>\n<\/div>\n[\/vc_column_text][\/vc_column][\/vc_row][vc_row css_animation=&#8221;&#8221; row_type=&#8221;row&#8221; use_row_as_full_screen_section=&#8221;no&#8221; type=&#8221;full_width&#8221; angled_section=&#8221;no&#8221; text_align=&#8221;left&#8221; background_image_as_pattern=&#8221;without_pattern&#8221;][vc_column][vc_empty_space][vc_column_text]Fuente: <a href=\"https:\/\/www.diarionorte.com\/234909-casa-museo-fabriciano-el-espacio-donde-creo-sono-y-esculpio-su-vida-y-su-arte-\" target=\"_blank\" rel=\"noopener\">https:\/\/www.diarionorte.com\/234909-casa-museo-fabriciano-el-espacio-donde-creo-sono-y-esculpio-su-vida-y-su-arte-<\/a>[\/vc_column_text][vc_empty_space][\/vc_column][\/vc_row]\n","protected":false},"excerpt":{"rendered":"<p>Ubicada en Julio A. Roca 1725, la Casa Museo Fabriciano es el mayor legado que el &#8220;negro&#8221; dej\u00f3 a la ciudad.<\/p>\n","protected":false},"author":3,"featured_media":11195,"comment_status":"closed","ping_status":"closed","sticky":false,"template":"","format":"standard","meta":{"footnotes":""},"categories":[6],"tags":[],"class_list":["post-11194","post","type-post","status-publish","format-standard","has-post-thumbnail","hentry","category-novedades"],"_links":{"self":[{"href":"https:\/\/www.bienaldelchaco.org\/2024\/wp-json\/wp\/v2\/posts\/11194","targetHints":{"allow":["GET"]}}],"collection":[{"href":"https:\/\/www.bienaldelchaco.org\/2024\/wp-json\/wp\/v2\/posts"}],"about":[{"href":"https:\/\/www.bienaldelchaco.org\/2024\/wp-json\/wp\/v2\/types\/post"}],"author":[{"embeddable":true,"href":"https:\/\/www.bienaldelchaco.org\/2024\/wp-json\/wp\/v2\/users\/3"}],"replies":[{"embeddable":true,"href":"https:\/\/www.bienaldelchaco.org\/2024\/wp-json\/wp\/v2\/comments?post=11194"}],"version-history":[{"count":3,"href":"https:\/\/www.bienaldelchaco.org\/2024\/wp-json\/wp\/v2\/posts\/11194\/revisions"}],"predecessor-version":[{"id":11205,"href":"https:\/\/www.bienaldelchaco.org\/2024\/wp-json\/wp\/v2\/posts\/11194\/revisions\/11205"}],"wp:featuredmedia":[{"embeddable":true,"href":"https:\/\/www.bienaldelchaco.org\/2024\/wp-json\/wp\/v2\/media\/11195"}],"wp:attachment":[{"href":"https:\/\/www.bienaldelchaco.org\/2024\/wp-json\/wp\/v2\/media?parent=11194"}],"wp:term":[{"taxonomy":"category","embeddable":true,"href":"https:\/\/www.bienaldelchaco.org\/2024\/wp-json\/wp\/v2\/categories?post=11194"},{"taxonomy":"post_tag","embeddable":true,"href":"https:\/\/www.bienaldelchaco.org\/2024\/wp-json\/wp\/v2\/tags?post=11194"}],"curies":[{"name":"wp","href":"https:\/\/api.w.org\/{rel}","templated":true}]}}