{"id":11206,"date":"2023-08-10T11:55:55","date_gmt":"2023-08-10T14:55:55","guid":{"rendered":"https:\/\/www.bienaldelchaco.org\/2024\/?p=11206"},"modified":"2023-08-10T11:55:55","modified_gmt":"2023-08-10T14:55:55","slug":"el-david-de-miguel-angel-sera-inaugurado-en-septiembre","status":"publish","type":"post","link":"https:\/\/www.bienaldelchaco.org\/2024\/el-david-de-miguel-angel-sera-inaugurado-en-septiembre\/","title":{"rendered":"El David De Miguel \u00c1ngel Ser\u00e1 Inaugurado En Septiembre"},"content":{"rendered":"<p>\u201cSe lo va a transportar en un cami\u00f3n especializado en transportar obras de arte, va a ir todo en una sola parte. Se prev\u00e9 que el 22 o 23 de este mes ya est\u00e9 viajando y la inauguraci\u00f3n va a ser el 8 de septiembre\u201d, indic\u00f3 Denise Di Federico, gerente de Dryada 3D Printer.<\/p>\n<p><!--more-->[vc_row css_animation=&#8221;&#8221; row_type=&#8221;row&#8221; use_row_as_full_screen_section=&#8221;no&#8221; type=&#8221;full_width&#8221; angled_section=&#8221;no&#8221; text_align=&#8221;left&#8221; background_image_as_pattern=&#8221;without_pattern&#8221;][vc_column][vc_column_text]Denise Di Federico, gerente de Dryada 3D Printer, dio detalles acerca de la obra del David de Miguel \u00c1ngel que se instalar\u00e1 en Resistencia. As\u00ed, estim\u00f3 que la obra del David de Miguel \u00c1ngel se instalar\u00e1 en Resistencia para el 8 de septiembre y coment\u00f3 que lo trasladar\u00e1n a fin del mes de agosto.<\/p>\n<p>En comunicaci\u00f3n con Na\u2019aqtaxanaxaq de Radio Nacional Resistencia AM 620 FM 96.7, Di Federico manifest\u00f3: \u201cEstamos muy emocionados, ya est\u00e1 listo el David, dentro de poco ya lo sacamos del taller y se va para Resistencia. Por el momento se encuentra en el taller que se encuentra en Barracas, Buenos Aires\u201d.<\/p>\n<p>Seg\u00fan indic\u00f3, \u201cSe lo va a transportar en un cami\u00f3n especializado en transportar obras de arte, va a ir todo en una sola parte. Se prev\u00e9 que el 22 o 23 de este mes ya est\u00e9 viajando y la inauguraci\u00f3n va a ser el 8 de septiembre\u201d, indic\u00f3.<\/p>\n<p>\u201cEl tiempo de realizaci\u00f3n fueron 4 meses, con 5 personas, fue muy r\u00e1pido y con una muy buena calidad\u201d, afirm\u00f3 Di Federico. \u201cEsta posibilidad de rapidez nos la da un equipo de trabajo incre\u00edble, acompa\u00f1ados por la Fundaci\u00f3n Urunday y la facultad de Ingenier\u00eda de la UNNE\u201d, agreg\u00f3. Adem\u00e1s, indic\u00f3 que: \u201cLas nuevas tecnolog\u00edas que usamos tambi\u00e9n nos permiten acelerar mucho el proceso, manteniendo la fidelidad a la original\u201d.<\/p>\n<p>La trabajadora record\u00f3 que: \u201cLa obra est\u00e1 hecha de resina n\u00e1utica, ya que va a ir emplazada en el exterior, los moldes se imprimieron en 3D con el material CLA, que, es biodegradable y no contamina. Hubo muy pocos desperdicios comparados a la manera tradicional\u201d.<\/p>\n<p>&nbsp;<\/p>\n<p><strong>El proyecto<\/strong><\/p>\n<p>El museo al aire libre de Resistencia sumar\u00e1 una estatua arquet\u00edpica del Renacimiento: El David de Miguel \u00c1ngel. El proyecto incluye tres fases: el escaneo del David para crear un \u201cgemelo digital\u201d tridimensional, mediante este se obtienen los moldes con impresoras 3D y, finalmente, con la t\u00e9cnica tradicional, se realiza el vaciado con los materiales definitivos. El desaf\u00edo que involucra a un apasionado equipo de ingenieros, t\u00e9cnicos y restauradores, combina el arte cl\u00e1sico con las tecnolog\u00edas m\u00e1s avanzadas.<\/p>\n<p>Este calco digital pone al Chaco a la vanguardia de las nuevas manufacturas en tecnolog\u00edas innovadoras del arte. La pieza ser\u00e1 realizada a partir de la aplicaci\u00f3n de nuevas tecnolog\u00edas para la reproducci\u00f3n de obras de arte en gran escala: Un escaneo de alta resoluci\u00f3n genera el \u201cgemelo digital tridimensional\u201d del David vigente en el Museo de la C\u00e1rcova.<\/p>\n<p>El calco chaque\u00f1o, adem\u00e1s de ser el \u00fanico ubicado a cielo abierto en el espacio p\u00fablico argentino ser\u00e1 un atractivo que convocar\u00e1 visitantes profanos o entendidos a ver \u201cese m\u00edtico David\u201d.[\/vc_column_text][\/vc_column][\/vc_row][vc_row css_animation=&#8221;&#8221; row_type=&#8221;row&#8221; use_row_as_full_screen_section=&#8221;no&#8221; type=&#8221;full_width&#8221; angled_section=&#8221;no&#8221; text_align=&#8221;left&#8221; background_image_as_pattern=&#8221;without_pattern&#8221;][vc_column][vc_empty_space][vc_column_text]Fuente: <a href=\"http:\/\/www.noticiasdelparana.com.ar\/NuevaEdicion\/2023\/08\/08\/chaco-el-david-de-miguel-angel-sera-inaugurado-en-septiembre\/\" target=\"_blank\" rel=\"noopener\">http:\/\/www.noticiasdelparana.com.ar\/NuevaEdicion\/2023\/08\/08\/chaco-el-david-de-miguel-angel-sera-inaugurado-en-septiembre\/<\/a>[\/vc_column_text][vc_empty_space][\/vc_column][\/vc_row]\n","protected":false},"excerpt":{"rendered":"<p>\u201cSe lo va a transportar en un cami\u00f3n especializado en transportar obras de arte, va a ir todo en una sola parte. Se prev\u00e9 que el 22 o 23 de este mes ya est\u00e9 viajando y la inauguraci\u00f3n va a ser el 8 de septiembre\u201d,&#8230;<\/p>\n","protected":false},"author":3,"featured_media":11207,"comment_status":"closed","ping_status":"closed","sticky":false,"template":"","format":"standard","meta":{"footnotes":""},"categories":[6],"tags":[],"class_list":["post-11206","post","type-post","status-publish","format-standard","has-post-thumbnail","hentry","category-novedades"],"_links":{"self":[{"href":"https:\/\/www.bienaldelchaco.org\/2024\/wp-json\/wp\/v2\/posts\/11206","targetHints":{"allow":["GET"]}}],"collection":[{"href":"https:\/\/www.bienaldelchaco.org\/2024\/wp-json\/wp\/v2\/posts"}],"about":[{"href":"https:\/\/www.bienaldelchaco.org\/2024\/wp-json\/wp\/v2\/types\/post"}],"author":[{"embeddable":true,"href":"https:\/\/www.bienaldelchaco.org\/2024\/wp-json\/wp\/v2\/users\/3"}],"replies":[{"embeddable":true,"href":"https:\/\/www.bienaldelchaco.org\/2024\/wp-json\/wp\/v2\/comments?post=11206"}],"version-history":[{"count":1,"href":"https:\/\/www.bienaldelchaco.org\/2024\/wp-json\/wp\/v2\/posts\/11206\/revisions"}],"predecessor-version":[{"id":11208,"href":"https:\/\/www.bienaldelchaco.org\/2024\/wp-json\/wp\/v2\/posts\/11206\/revisions\/11208"}],"wp:featuredmedia":[{"embeddable":true,"href":"https:\/\/www.bienaldelchaco.org\/2024\/wp-json\/wp\/v2\/media\/11207"}],"wp:attachment":[{"href":"https:\/\/www.bienaldelchaco.org\/2024\/wp-json\/wp\/v2\/media?parent=11206"}],"wp:term":[{"taxonomy":"category","embeddable":true,"href":"https:\/\/www.bienaldelchaco.org\/2024\/wp-json\/wp\/v2\/categories?post=11206"},{"taxonomy":"post_tag","embeddable":true,"href":"https:\/\/www.bienaldelchaco.org\/2024\/wp-json\/wp\/v2\/tags?post=11206"}],"curies":[{"name":"wp","href":"https:\/\/api.w.org\/{rel}","templated":true}]}}