{"id":11209,"date":"2023-08-10T12:00:33","date_gmt":"2023-08-10T15:00:33","guid":{"rendered":"https:\/\/www.bienaldelchaco.org\/2024\/?p=11209"},"modified":"2023-08-10T12:01:36","modified_gmt":"2023-08-10T15:01:36","slug":"la-bienal-del-2024-ya-tiene-fecha-de-inicio-estamos-trabajando-para-que-sea-la-mejor-de-todas","status":"publish","type":"post","link":"https:\/\/www.bienaldelchaco.org\/2024\/la-bienal-del-2024-ya-tiene-fecha-de-inicio-estamos-trabajando-para-que-sea-la-mejor-de-todas\/","title":{"rendered":"La Bienal del 2024 ya tiene fecha de inicio: &#8220;Estamos trabajando para que sea la mejor de todas&#8221;"},"content":{"rendered":"<p>Esto afirm\u00f3 Jos\u00e9 Eidman, pertenenciente a la Fundaci\u00f3n Urunday y uno de los organizadores, quien en di\u00e1logo con NG Federal adelant\u00f3 algunos detalles de &#8220;el certamen de esculturas a cielo abierto m\u00e1s grande del mundo&#8221;.<\/p>\n<p><!--more-->[vc_row css_animation=&#8221;&#8221; row_type=&#8221;row&#8221; use_row_as_full_screen_section=&#8221;no&#8221; type=&#8221;full_width&#8221; angled_section=&#8221;no&#8221; text_align=&#8221;left&#8221; background_image_as_pattern=&#8221;without_pattern&#8221;][vc_column][vc_column_text]Seg\u00fan coment\u00f3 Eidman, trabajan intensamente, recibiendo las postulaciones de los escultores internacionales que \u201cson el alma de este evento\u201d. Pero tambi\u00e9n trabajan en la programaci\u00f3n de las actividades art\u00edsticas y culturales que posiciona de \u201c muy buena manera\u201d a la provincia.<\/p>\n<p>&nbsp;<\/p>\n<p><img loading=\"lazy\" decoding=\"async\" class=\"size-full wp-image-11210 aligncenter\" src=\"https:\/\/www.bienaldelchaco.org\/2024\/wp-content\/uploads\/2023\/08\/851399.jpeg\" alt=\"\" width=\"600\" height=\"1235\" srcset=\"https:\/\/www.bienaldelchaco.org\/2024\/wp-content\/uploads\/2023\/08\/851399.jpeg 600w, https:\/\/www.bienaldelchaco.org\/2024\/wp-content\/uploads\/2023\/08\/851399-146x300.jpeg 146w, https:\/\/www.bienaldelchaco.org\/2024\/wp-content\/uploads\/2023\/08\/851399-497x1024.jpeg 497w\" sizes=\"auto, (max-width: 600px) 100vw, 600px\" \/><\/p>\n<p>&nbsp;<\/p>\n<p>\u201cHabr\u00e1 10 grandes escultores del Mundo contempor\u00e1neo\u201d, vaticin\u00f3 y agreg\u00f3 que trabajar\u00e1n el metal complement\u00e1ndose\u00a0adem\u00e1s con alumnos de arte que participar\u00e1n para el premio \u201cDesaf\u00edo\u201d construyendo experiencia al lado de \u201cgrandes maestros\u201d.<\/p>\n<p>Como as\u00ed tambi\u00e9n, se realizar\u00e1n actividades acad\u00e9micas con la Facultad de Arte, el Festival Filarm\u00f3nico Juvenil, encuentro de artesanos argentinos, ciclos de artes esc\u00e9nicas, m\u00fasica, teatro.<\/p>\n<p>&nbsp;<\/p>\n<p><img loading=\"lazy\" decoding=\"async\" class=\"size-full wp-image-11211 aligncenter\" src=\"https:\/\/www.bienaldelchaco.org\/2024\/wp-content\/uploads\/2023\/08\/103670.jpeg\" alt=\"\" width=\"600\" height=\"401\" srcset=\"https:\/\/www.bienaldelchaco.org\/2024\/wp-content\/uploads\/2023\/08\/103670.jpeg 600w, https:\/\/www.bienaldelchaco.org\/2024\/wp-content\/uploads\/2023\/08\/103670-300x201.jpeg 300w, https:\/\/www.bienaldelchaco.org\/2024\/wp-content\/uploads\/2023\/08\/103670-391x260.jpeg 391w\" sizes=\"auto, (max-width: 600px) 100vw, 600px\" \/><\/p>\n<blockquote>\n<h2><\/h2>\n<p><strong>\u201cLa bienal es cada vez m\u00e1s grande y m\u00e1s concurrida, como chaque\u00f1o es un orgullo haber participado en su construcci\u00f3n\u201d<\/strong><\/p><\/blockquote>\n<p>En esa l\u00ednea, resalt\u00f3 que el evento \u201cpotencia el desarrollo de la ciudad, atrayendo turistas que dan un impulso socio-econ\u00f3mico\u201d.<\/p>\n<blockquote><p><strong>\u201cEste concurso que naci\u00f3 en el 88 por un grupo de amigos, se transform\u00f3 en el certamen de esculturas a cielo abierto m\u00e1s grande del mundo\u201d<\/strong><\/p><\/blockquote>\n<p>Con ese tono, confirm\u00f3 que la Bienal 2024 se desarrollar\u00e1 del 13 al 21 de julio.<\/p>\n<blockquote><p><strong>\u201cEstamos trabajando para que sea la mejor de todas\u201d<\/strong><\/p><\/blockquote>\n[\/vc_column_text][\/vc_column][\/vc_row][vc_row css_animation=&#8221;&#8221; row_type=&#8221;row&#8221; use_row_as_full_screen_section=&#8221;no&#8221; type=&#8221;full_width&#8221; angled_section=&#8221;no&#8221; text_align=&#8221;left&#8221; background_image_as_pattern=&#8221;without_pattern&#8221;][vc_column][vc_empty_space][vc_column_text]Fuente: <a href=\"https:\/\/www.diario22.ar\/notix2\/noticia\/196297_la-bienal-del-2024-ya-tiene-fecha-de-inicio-quotestamos-trabajando-para-que-sea-la-mejor-de-todasquot.htm\" target=\"_blank\" rel=\"noopener\">https:\/\/www.diario22.ar\/notix2\/noticia\/196297_la-bienal-del-2024-ya-tiene-fecha-de-inicio-quotestamos-trabajando-para-que-sea-la-mejor-de-todasquot.htm<\/a>[\/vc_column_text][vc_empty_space][\/vc_column][\/vc_row]\n","protected":false},"excerpt":{"rendered":"<p>Esto afirm\u00f3 Jos\u00e9 Eidman, pertenenciente a la Fundaci\u00f3n Urunday y uno de los organizadores, quien en di\u00e1logo con NG Federal adelant\u00f3 algunos detalles de &#8220;el certamen de esculturas a cielo abierto m\u00e1s grande del mundo&#8221;.<\/p>\n","protected":false},"author":3,"featured_media":11212,"comment_status":"closed","ping_status":"closed","sticky":false,"template":"","format":"standard","meta":{"footnotes":""},"categories":[6],"tags":[],"class_list":["post-11209","post","type-post","status-publish","format-standard","has-post-thumbnail","hentry","category-novedades"],"_links":{"self":[{"href":"https:\/\/www.bienaldelchaco.org\/2024\/wp-json\/wp\/v2\/posts\/11209","targetHints":{"allow":["GET"]}}],"collection":[{"href":"https:\/\/www.bienaldelchaco.org\/2024\/wp-json\/wp\/v2\/posts"}],"about":[{"href":"https:\/\/www.bienaldelchaco.org\/2024\/wp-json\/wp\/v2\/types\/post"}],"author":[{"embeddable":true,"href":"https:\/\/www.bienaldelchaco.org\/2024\/wp-json\/wp\/v2\/users\/3"}],"replies":[{"embeddable":true,"href":"https:\/\/www.bienaldelchaco.org\/2024\/wp-json\/wp\/v2\/comments?post=11209"}],"version-history":[{"count":2,"href":"https:\/\/www.bienaldelchaco.org\/2024\/wp-json\/wp\/v2\/posts\/11209\/revisions"}],"predecessor-version":[{"id":11214,"href":"https:\/\/www.bienaldelchaco.org\/2024\/wp-json\/wp\/v2\/posts\/11209\/revisions\/11214"}],"wp:featuredmedia":[{"embeddable":true,"href":"https:\/\/www.bienaldelchaco.org\/2024\/wp-json\/wp\/v2\/media\/11212"}],"wp:attachment":[{"href":"https:\/\/www.bienaldelchaco.org\/2024\/wp-json\/wp\/v2\/media?parent=11209"}],"wp:term":[{"taxonomy":"category","embeddable":true,"href":"https:\/\/www.bienaldelchaco.org\/2024\/wp-json\/wp\/v2\/categories?post=11209"},{"taxonomy":"post_tag","embeddable":true,"href":"https:\/\/www.bienaldelchaco.org\/2024\/wp-json\/wp\/v2\/tags?post=11209"}],"curies":[{"name":"wp","href":"https:\/\/api.w.org\/{rel}","templated":true}]}}