{"id":11215,"date":"2023-08-15T19:01:05","date_gmt":"2023-08-15T22:01:05","guid":{"rendered":"https:\/\/www.bienaldelchaco.org\/2024\/?p=11215"},"modified":"2023-08-15T19:01:05","modified_gmt":"2023-08-15T22:01:05","slug":"el-david-de-miguel-angel-en-chaco","status":"publish","type":"post","link":"https:\/\/www.bienaldelchaco.org\/2024\/el-david-de-miguel-angel-en-chaco\/","title":{"rendered":"El David de Miguel \u00c1ngel en Chaco"},"content":{"rendered":"<p>El presidente de la Confederaci\u00f3n Argentina de la Mediana Empresa (CAME), <strong>Alfredo Gonz\u00e1lez<\/strong>, particip\u00f3 del anuncio de la\u00a0<strong>Fundaci\u00f3n Urunday,\u00a0<\/strong>en el Centro Cultural Kirchner, sobre el nuevo emplazamiento de la reproducci\u00f3n en 3D de la emblem\u00e1tica obra del Museo de la C\u00e1rcova que se sumar\u00e1 al patrimonio cultural de Resistencia, la Ciudad de las Esculturas.<\/p>\n<p><!--more-->[vc_row css_animation=&#8221;&#8221; row_type=&#8221;row&#8221; use_row_as_full_screen_section=&#8221;no&#8221; type=&#8221;full_width&#8221; angled_section=&#8221;no&#8221; text_align=&#8221;left&#8221; background_image_as_pattern=&#8221;without_pattern&#8221;][vc_column][vc_column_text]\n<div class=\"container mb-5\">\n<div class=\"nota-completa pt-3\">\n<div class=\"article-body\">\n<div class=\"row d-flex justify-content-between\">\n<div class=\"col-xl-7 col-lg-8 col-md-7 col-sm-12 mr-xl-5 mr-lg-0\">\n<div class=\"mod-main-content\">\n<p>A partir de este proyecto, impulsado junto con la Universidad de las Artes, con el apoyo del gobernador\u00a0<strong>Jorge Capitanich<\/strong>, podr\u00e1 verse el David, a cielo abierto, sin tener que viajar a Florencia. La copia lograda a partir de un escaneo digital de la escultura, tiene las dimensiones exactas de la obra realizada por el artista: 5 metros y 17 cent\u00edmetros.<\/p>\n<p>&nbsp;<\/p>\n<div class=\"image large\">\n<div class=\"epigrafe\">\n<p style=\"text-align: center;\"><img loading=\"lazy\" decoding=\"async\" class=\"size-full wp-image-11216 aligncenter\" src=\"https:\/\/www.bienaldelchaco.org\/2024\/wp-content\/uploads\/2023\/08\/6475f7bdf131f_706x396.png\" alt=\"\" width=\"706\" height=\"396\" srcset=\"https:\/\/www.bienaldelchaco.org\/2024\/wp-content\/uploads\/2023\/08\/6475f7bdf131f_706x396.png 706w, https:\/\/www.bienaldelchaco.org\/2024\/wp-content\/uploads\/2023\/08\/6475f7bdf131f_706x396-300x168.png 300w, https:\/\/www.bienaldelchaco.org\/2024\/wp-content\/uploads\/2023\/08\/6475f7bdf131f_706x396-700x393.png 700w, https:\/\/www.bienaldelchaco.org\/2024\/wp-content\/uploads\/2023\/08\/6475f7bdf131f_706x396-539x303.png 539w\" sizes=\"auto, (max-width: 706px) 100vw, 706px\" \/>Render de c\u00f3mo quedar\u00eda la escultura en la plaza de Resistencia, Chaco. (Foto Fundaci\u00f3n Urunday)<\/p>\n<\/div>\n<\/div>\n<p>&nbsp;<\/p>\n<p>De la presentaci\u00f3n que cont\u00f3 con las palabras del ministro de Cultura de la Naci\u00f3n,\u00a0<strong>Trist\u00e1n Bauer;\u00a0<\/strong>del intendente\u00a0<strong>Gustavo Mart\u00ednez;\u00a0<\/strong>y del presidente del Instituto de Cultura de la provincia,\u00a0<strong>Francisco Romero,<\/strong>\u00a0tambi\u00e9n participaron referentes de la cultura, acad\u00e9micos y medios de prensa.<\/p>\n<p>&nbsp;<\/p>\n<div class=\"image large\"><\/div>\n<p><img loading=\"lazy\" decoding=\"async\" class=\"size-full wp-image-11217 aligncenter\" src=\"https:\/\/www.bienaldelchaco.org\/2024\/wp-content\/uploads\/2023\/08\/6475f7be03003_706x326.jpg\" alt=\"\" width=\"706\" height=\"326\" srcset=\"https:\/\/www.bienaldelchaco.org\/2024\/wp-content\/uploads\/2023\/08\/6475f7be03003_706x326.jpg 706w, https:\/\/www.bienaldelchaco.org\/2024\/wp-content\/uploads\/2023\/08\/6475f7be03003_706x326-300x139.jpg 300w, https:\/\/www.bienaldelchaco.org\/2024\/wp-content\/uploads\/2023\/08\/6475f7be03003_706x326-700x323.jpg 700w\" sizes=\"auto, (max-width: 706px) 100vw, 706px\" \/><\/p>\n<\/div>\n<\/div>\n<div class=\"col-xl-2 col-lg-2 col-md-3\">\n<div class=\"sidebar\">\n<div class=\"side-module d-flex align-items-end justify-content-center mb-3 p-2\" title=\"Con gran participaci\u00f3n nacional y sectorial, se realiz\u00f3 el Encuentro Federal Pyme en la sede de CAME\" aria-label=\"Con gran participaci\u00f3n nacional y sectorial, se realiz\u00f3 el Encuentro Federal Pyme en la sede de CAME\"><\/div>\n<\/div>\n<\/div>\n<\/div>\n<\/div>\n<\/div>\n<\/div>\n[\/vc_column_text][\/vc_column][\/vc_row][vc_row css_animation=&#8221;&#8221; row_type=&#8221;row&#8221; use_row_as_full_screen_section=&#8221;no&#8221; type=&#8221;full_width&#8221; angled_section=&#8221;no&#8221; text_align=&#8221;left&#8221; background_image_as_pattern=&#8221;without_pattern&#8221;][vc_column][vc_empty_space][vc_column_text]Fuente: <a href=\"https:\/\/www.redcame.org.ar\/novedades\/13122\/el-david-de-miguel-ngel-en-chaco\" target=\"_blank\" rel=\"noopener\">https:\/\/www.redcame.org.ar\/novedades\/13122\/el-david-de-miguel-ngel-en-chaco<\/a>[\/vc_column_text][vc_empty_space][\/vc_column][\/vc_row]\n","protected":false},"excerpt":{"rendered":"<p>El presidente de la Confederaci\u00f3n Argentina de la Mediana Empresa (CAME), Alfredo Gonz\u00e1lez, particip\u00f3 del anuncio de la\u00a0Fundaci\u00f3n Urunday,\u00a0en el Centro Cultural Kirchner, sobre el nuevo emplazamiento de la reproducci\u00f3n en 3D de la emblem\u00e1tica obra del Museo de la C\u00e1rcova que se sumar\u00e1 al&#8230;<\/p>\n","protected":false},"author":3,"featured_media":11218,"comment_status":"closed","ping_status":"closed","sticky":false,"template":"","format":"standard","meta":{"footnotes":""},"categories":[6],"tags":[],"class_list":["post-11215","post","type-post","status-publish","format-standard","has-post-thumbnail","hentry","category-novedades"],"_links":{"self":[{"href":"https:\/\/www.bienaldelchaco.org\/2024\/wp-json\/wp\/v2\/posts\/11215","targetHints":{"allow":["GET"]}}],"collection":[{"href":"https:\/\/www.bienaldelchaco.org\/2024\/wp-json\/wp\/v2\/posts"}],"about":[{"href":"https:\/\/www.bienaldelchaco.org\/2024\/wp-json\/wp\/v2\/types\/post"}],"author":[{"embeddable":true,"href":"https:\/\/www.bienaldelchaco.org\/2024\/wp-json\/wp\/v2\/users\/3"}],"replies":[{"embeddable":true,"href":"https:\/\/www.bienaldelchaco.org\/2024\/wp-json\/wp\/v2\/comments?post=11215"}],"version-history":[{"count":1,"href":"https:\/\/www.bienaldelchaco.org\/2024\/wp-json\/wp\/v2\/posts\/11215\/revisions"}],"predecessor-version":[{"id":11219,"href":"https:\/\/www.bienaldelchaco.org\/2024\/wp-json\/wp\/v2\/posts\/11215\/revisions\/11219"}],"wp:featuredmedia":[{"embeddable":true,"href":"https:\/\/www.bienaldelchaco.org\/2024\/wp-json\/wp\/v2\/media\/11218"}],"wp:attachment":[{"href":"https:\/\/www.bienaldelchaco.org\/2024\/wp-json\/wp\/v2\/media?parent=11215"}],"wp:term":[{"taxonomy":"category","embeddable":true,"href":"https:\/\/www.bienaldelchaco.org\/2024\/wp-json\/wp\/v2\/categories?post=11215"},{"taxonomy":"post_tag","embeddable":true,"href":"https:\/\/www.bienaldelchaco.org\/2024\/wp-json\/wp\/v2\/tags?post=11215"}],"curies":[{"name":"wp","href":"https:\/\/api.w.org\/{rel}","templated":true}]}}