{"id":11271,"date":"2023-08-24T08:46:32","date_gmt":"2023-08-24T11:46:32","guid":{"rendered":"https:\/\/www.bienaldelchaco.org\/2024\/?p=11271"},"modified":"2023-09-01T08:50:48","modified_gmt":"2023-09-01T11:50:48","slug":"la-replica-del-david-de-miguel-angel-llego-a-resistencia-formara-parte-del-patrimonio-cultural-de-chaco","status":"publish","type":"post","link":"https:\/\/www.bienaldelchaco.org\/2024\/la-replica-del-david-de-miguel-angel-llego-a-resistencia-formara-parte-del-patrimonio-cultural-de-chaco\/","title":{"rendered":"La r\u00e9plica del \u201cDavid\u201d de Miguel \u00c1ngel lleg\u00f3 a Resistencia: formar\u00e1 parte del patrimonio cultural de Chaco"},"content":{"rendered":"<p>La escultura ser\u00e1 emplazada junto a las m\u00e1s de 650 obras de arte contempor\u00e1neas que forman parte del museo abierto que es la capital chaque\u00f1a.<\/p>\n<p><!--more-->[vc_row css_animation=&#8221;&#8221; row_type=&#8221;row&#8221; use_row_as_full_screen_section=&#8221;no&#8221; type=&#8221;full_width&#8221; angled_section=&#8221;no&#8221; text_align=&#8221;left&#8221; background_image_as_pattern=&#8221;without_pattern&#8221;][vc_column][vc_column_text]La r\u00e9plica del David de Miguel \u00c1ngel lleg\u00f3 este jueves a Resistencia para ser emplazada junto a m\u00e1s de 650 obras de arte contempor\u00e1neo que forman parte del Museo a Cielo Abierto de la ciudad.<\/p>\n<p>En el Museum se realiz\u00f3 el acto de presentaci\u00f3n de la obra, del que participaron el presidente del Instituto de Cultura, Francisco \u201cTete\u201d Romero; y por la Fundaci\u00f3n Urunday, su presidente Josese Eidman y la integrante Mimo Eidman. Adem\u00e1s, estuvieron presentes la presidenta de la C\u00e1mara de Diputados, \u00c9lida Cuesta; el secretario de Planificaci\u00f3n, Infraestructura y Ambiente del Municipio de Resistencia, Guillermo Monz\u00f3n; e integrantes de la FADIC y de la UNNE; y mecenas.<\/p>\n<p><strong>\u201cEsta es una convergencia virtuosa de lo mejor que tenemos y que no hay que perder. Cuando decidimos que existiera en el Chaco una Ley de Mecenazgo, era para recuperar lo mejor de la cultura del Chaco. El aporte extraordinario de los mecenas, las pol\u00edticas p\u00fablicas que tienen que adaptarse a ese esp\u00edritu pujante de la cultura chaque\u00f1a en nuestras universidades p\u00fablicas. Es un equipo de profesionales que primero son artistas, escultores, luego incorporaron las tecnolog\u00edas para este prodigio de un calco tridimensional\u201d, destac\u00f3 Francisco Romero, el presidente del Instituto de Cultura. \u00a0<\/strong><\/p>\n<p>En la misma l\u00ednea, el presidente del Instituto de Cultura resalt\u00f3: \u201cLas felicitaciones acerca del 30 de agosto es a toda la comunidad art\u00edstica pero tambi\u00e9n empresarial del Chaco, que ha tomado como suya esta cuesti\u00f3n&#8221;.<\/p>\n<p><strong>&#8220;Vamos a hacer un centro acad\u00e9mico donde, como so\u00f1\u00f3 Fabriciano, luego de conquistar el mundo, se trajo el mundo al Chaco. Van a venir a estudiar, no hace falta ir a Florencia. A partir de ahora van a venir ac\u00e1. Desde el humilde granito que pusimos, nos sentimos orgullosos de formar parte de esto\u201d, sostuvo y felicit\u00f3 a la Fundaci\u00f3n Urunday, al Municipio de Resistencia, a la Universidad del Nordeste y a la Facultad de Ingenier\u00eda.<\/strong><\/p>\n<p>Por su parte, el presidente de la Fundaci\u00f3n Urunday, Josese Eidmann se\u00f1al\u00f3: \u201cHoy es un d\u00eda para celebrar la llegada del David a Resistencia y para agradecer a todos los que, espont\u00e1neamente y voluntariosamente, se sumaron haciendo posible que esta pieza c\u00e9lebre de Miguel \u00c1ngel se sume al patrimonio escult\u00f3rico chaque\u00f1o. Hoy sentimos la satisfacci\u00f3n de una misi\u00f3n cumplida, el premio que se recoge tras un gran esfuerzo y un gran trabajo, el fruto de la fe enfocada en un prop\u00f3sito y el poder que logra la uni\u00f3n de las fuerzas\u201d.<\/p>\n<p><strong>Adem\u00e1s, destac\u00f3 que \u201cla tecnolog\u00eda aplicada en esta obra es una noticia para el mundo. Nuestro David es una reproducci\u00f3n realizada con una combinaci\u00f3n de t\u00e9cnicas y niveles de precisi\u00f3n sin precedentes, un calco a la vanguardia de las nuevas manufacturas innovadoras del arte. Mientras los grandes museos del mundo se preparan para incorporar a sus colecciones esculturas realizadas mediante gemelos digitales y tecnolog\u00eda 3D, Resistencia, nuestro museo a cielo abierto, ya tiene el emblem\u00e1tico David listo para ser emplazado\u201d.<\/strong><\/p>\n<p>&nbsp;<\/p>\n<p><img loading=\"lazy\" decoding=\"async\" class=\"size-full wp-image-11274 aligncenter\" src=\"https:\/\/www.bienaldelchaco.org\/2024\/wp-content\/uploads\/2023\/09\/64e7ec101efc8546690217.jpg\" alt=\"\" width=\"720\" height=\"1280\" srcset=\"https:\/\/www.bienaldelchaco.org\/2024\/wp-content\/uploads\/2023\/09\/64e7ec101efc8546690217.jpg 720w, https:\/\/www.bienaldelchaco.org\/2024\/wp-content\/uploads\/2023\/09\/64e7ec101efc8546690217-169x300.jpg 169w, https:\/\/www.bienaldelchaco.org\/2024\/wp-content\/uploads\/2023\/09\/64e7ec101efc8546690217-576x1024.jpg 576w, https:\/\/www.bienaldelchaco.org\/2024\/wp-content\/uploads\/2023\/09\/64e7ec101efc8546690217-700x1244.jpg 700w\" sizes=\"auto, (max-width: 720px) 100vw, 720px\" \/><\/p>\n<p>&nbsp;<\/p>\n<p>\u201cHay otro v\u00e9rtice en cuesti\u00f3n de esta experiencia con el David. Nos queda la tecnolog\u00eda, la capacitaci\u00f3n y el soporte de especialistas para que de ahora en adelante podamos hacer la conservaci\u00f3n y eventual restauraci\u00f3n del patrimonio escult\u00f3rico, usando esta plataforma tecnol\u00f3gica para generar gemelos digitales, es decir, el banco de c\u00e9lulas madre de nuestras esculturas\u201d, se\u00f1al\u00f3 y sigui\u00f3: \u201cPara Resistencia, ciudad atravesada por lenguaje escult\u00f3rico, la experiencia David forma parte de una mirada estrat\u00e9gica, pues inicia una nueva etapa que, en paralelo al enriquecimiento patrimonial aportado por las bienales internacionales, comenzar\u00e1 a sumar a Resistencia las obras maestras del patrimonio universal\u201d.<\/p>\n<p><strong>Por \u00faltimo, Mimo Eidman remarc\u00f3 que \u201ces un honor saber que el David acompa\u00f1ar\u00e1 a las estructuras de nuestra ciudad en el camino de la cimentaci\u00f3n de la identidad de nuestro pueblo. Realmente es un privilegio que lo podamos tener con nosotros, ya que este tipo de fen\u00f3menos culturales transforman las estructuras sociales. Sabemos que su presencia va a producir un gran impacto positivo en muchos sentidos. Esto tiene un valor multiplicador si cada uno de los sectores de la comunidad se ve beneficiado de alguna manera\u201d.<\/strong><\/p>\n<p>\u201cSi fuera Gobierno, preparar\u00eda desde todos los \u00e1ngulos a la gente, a la ciudad y a la provincia para recibirlo, creando la infraestructura necesaria para aprovechar su presencia en toda su magnitud. Enfocarse en los educadores, en el sitio que lo va a recibir, su retorno inmediato en lugares de alojamiento y comidas porque el fen\u00f3meno que se produce en la Bienal se multiplicar\u00e1 indiscutiblemente. Difundirlo en los pa\u00edses lim\u00edtrofes es una tarea que tambi\u00e9n nos deber\u00eda tener ocupados&#8221;, sostuvo.<\/p>\n<p>&nbsp;<\/p>\n<p><img loading=\"lazy\" decoding=\"async\" class=\"size-full wp-image-11272 aligncenter\" src=\"https:\/\/www.bienaldelchaco.org\/2024\/wp-content\/uploads\/2023\/09\/64e7ec8fc5ca5406601424.jpg\" alt=\"\" width=\"720\" height=\"1280\" srcset=\"https:\/\/www.bienaldelchaco.org\/2024\/wp-content\/uploads\/2023\/09\/64e7ec8fc5ca5406601424.jpg 720w, https:\/\/www.bienaldelchaco.org\/2024\/wp-content\/uploads\/2023\/09\/64e7ec8fc5ca5406601424-169x300.jpg 169w, https:\/\/www.bienaldelchaco.org\/2024\/wp-content\/uploads\/2023\/09\/64e7ec8fc5ca5406601424-576x1024.jpg 576w, https:\/\/www.bienaldelchaco.org\/2024\/wp-content\/uploads\/2023\/09\/64e7ec8fc5ca5406601424-700x1244.jpg 700w\" sizes=\"auto, (max-width: 720px) 100vw, 720px\" \/><\/p>\n<p>&nbsp;<\/p>\n<p>Y continu\u00f3: \u201cPor otro lado, me pregunto: \u00bfQui\u00e9n era verdaderamente Fabriciano? \u00bfPor qu\u00e9 a\u00fan despu\u00e9s de su \u00faltimo viaje, que ser\u00e1 eterno, estamos sus amigos, que somos familia, dispuestos y convencidos a cumplir todos sus sue\u00f1os? Su muletilla era: \u2018No soy inteligente, pero soy intuitivo y tengo gente que me quiere y piensa por m\u00ed\u2019\u201d.<\/p>\n<p><strong>\u201cEn las habituales charlas, casi siempre le dec\u00eda: \u2018Fabri, sos un encantador de serpientes\u2019, y lo dec\u00eda porque \u00e9l ten\u00eda un gran poder de convicci\u00f3n, la generosidad, el bien com\u00fan, la perseverancia, hasta viv\u00eda el capricho, el altruismo, la gran pasi\u00f3n puesta de manifiesto en cada una de sus actividades, el arraigado sentido de no dejar pasar las oportunidades, el prohibir pensar en la palabra imposible y lo m\u00e1s convincente es su ejemplo. Nos convenci\u00f3 de que hay un mundo maravilloso por descubrir y que tenemos la obligaci\u00f3n de hacerlo. Nosotros, conoci\u00e9ndolo, acept\u00e1bamos de antemano ser convencidos\u201d, finaliz\u00f3 Eidman.<\/strong>[\/vc_column_text][\/vc_column][\/vc_row][vc_row css_animation=&#8221;&#8221; row_type=&#8221;row&#8221; use_row_as_full_screen_section=&#8221;no&#8221; type=&#8221;full_width&#8221; angled_section=&#8221;no&#8221; text_align=&#8221;left&#8221; background_image_as_pattern=&#8221;without_pattern&#8221;][vc_column][vc_empty_space][vc_column_text]Fuente: <a href=\"https:\/\/agenciafoco.com.ar\/detalle_noticia\/la-replica-del-david-de-miguel-angel-llego-a-resistencia\" target=\"_blank\" rel=\"noopener\">https:\/\/agenciafoco.com.ar\/detalle_noticia\/la-replica-del-david-de-miguel-angel-llego-a-resistencia<\/a><\/p>\n<p><a href=\"https:\/\/comunicacion.chaco.gov.ar\/noticia\/73074\/la-replica-del-david-de-miguel-angel-llego-a-resistencia-formara-parte-del-patrimonio-cultural-de-chaco\" target=\"_blank\" rel=\"noopener\">https:\/\/comunicacion.chaco.gov.ar\/noticia\/73074\/la-replica-del-david-de-miguel-angel-llego-a-resistencia-formara-parte-del-patrimonio-cultural-de-chaco<\/a><\/p>\n<p><a href=\"https:\/\/www.datachaco.com\/607414-la-replica-del-david-de-miguel-angel-ya-esta-en-resistencia\" target=\"_blank\" rel=\"noopener\">https:\/\/www.datachaco.com\/607414-la-replica-del-david-de-miguel-angel-ya-esta-en-resistencia<\/a><\/p>\n[\/vc_column_text][vc_empty_space][\/vc_column][\/vc_row]\n","protected":false},"excerpt":{"rendered":"<p>La escultura ser\u00e1 emplazada junto a las m\u00e1s de 650 obras de arte contempor\u00e1neas que forman parte del museo abierto que es la capital chaque\u00f1a.<\/p>\n","protected":false},"author":3,"featured_media":11273,"comment_status":"closed","ping_status":"closed","sticky":false,"template":"","format":"standard","meta":{"footnotes":""},"categories":[6],"tags":[],"class_list":["post-11271","post","type-post","status-publish","format-standard","has-post-thumbnail","hentry","category-novedades"],"_links":{"self":[{"href":"https:\/\/www.bienaldelchaco.org\/2024\/wp-json\/wp\/v2\/posts\/11271","targetHints":{"allow":["GET"]}}],"collection":[{"href":"https:\/\/www.bienaldelchaco.org\/2024\/wp-json\/wp\/v2\/posts"}],"about":[{"href":"https:\/\/www.bienaldelchaco.org\/2024\/wp-json\/wp\/v2\/types\/post"}],"author":[{"embeddable":true,"href":"https:\/\/www.bienaldelchaco.org\/2024\/wp-json\/wp\/v2\/users\/3"}],"replies":[{"embeddable":true,"href":"https:\/\/www.bienaldelchaco.org\/2024\/wp-json\/wp\/v2\/comments?post=11271"}],"version-history":[{"count":2,"href":"https:\/\/www.bienaldelchaco.org\/2024\/wp-json\/wp\/v2\/posts\/11271\/revisions"}],"predecessor-version":[{"id":11276,"href":"https:\/\/www.bienaldelchaco.org\/2024\/wp-json\/wp\/v2\/posts\/11271\/revisions\/11276"}],"wp:featuredmedia":[{"embeddable":true,"href":"https:\/\/www.bienaldelchaco.org\/2024\/wp-json\/wp\/v2\/media\/11273"}],"wp:attachment":[{"href":"https:\/\/www.bienaldelchaco.org\/2024\/wp-json\/wp\/v2\/media?parent=11271"}],"wp:term":[{"taxonomy":"category","embeddable":true,"href":"https:\/\/www.bienaldelchaco.org\/2024\/wp-json\/wp\/v2\/categories?post=11271"},{"taxonomy":"post_tag","embeddable":true,"href":"https:\/\/www.bienaldelchaco.org\/2024\/wp-json\/wp\/v2\/tags?post=11271"}],"curies":[{"name":"wp","href":"https:\/\/api.w.org\/{rel}","templated":true}]}}