{"id":11423,"date":"2023-09-08T16:48:15","date_gmt":"2023-09-08T19:48:15","guid":{"rendered":"https:\/\/www.bienaldelchaco.org\/2024\/?p=11423"},"modified":"2023-09-11T16:58:17","modified_gmt":"2023-09-11T19:58:17","slug":"dos-anos-sin-fabriciano-gomez-el-paso-a-la-eternidad-del-artista-que-marco-un-antes-y-un-despues-en-el-chaco","status":"publish","type":"post","link":"https:\/\/www.bienaldelchaco.org\/2024\/dos-anos-sin-fabriciano-gomez-el-paso-a-la-eternidad-del-artista-que-marco-un-antes-y-un-despues-en-el-chaco\/","title":{"rendered":"Dos a\u00f1os sin Fabriciano G\u00f3mez | El paso a la eternidad del artista que marc\u00f3 un antes y un despu\u00e9s en el Chaco"},"content":{"rendered":"<p>Resistencia es reconocida por ser un museo a cielo abierto con m\u00e1s de 660 esculturas emplazadas en su espacio p\u00fablico y sede de la Bienal de Esculturas. Chaco posee una gran riqueza cultural y se debe al gran artista Fabriciano G\u00f3mez (1944-2021). NG Federal lo recuerda desde el coraz\u00f3n, a quien fue padrino del programa educativo &#8220;Chaco en Redes y Aula en Redes&#8221;, y marc\u00f3 a fuego la cultura y el arte del Chaco.<\/p>\n<p><!--more-->[vc_row css_animation=&#8221;&#8221; row_type=&#8221;row&#8221; use_row_as_full_screen_section=&#8221;no&#8221; type=&#8221;full_width&#8221; angled_section=&#8221;no&#8221; text_align=&#8221;left&#8221; background_image_as_pattern=&#8221;without_pattern&#8221;][vc_column][vc_column_text]Hace dos a\u00f1os, en la madrugada del 8 de septiembre,<strong>\u00a0Fabriciano G\u00f3mez falleci\u00f3<\/strong>\u00a0producto de un problema card\u00edaco que lo mantuvo internado en un sanatorio de Resistencia. Sin embargo, sus obras continuan estando presentes porque marc\u00f3 a fuego la cultura de la provincia del Chaco y de toda la Rep\u00fablica Argentina.<\/p>\n<p><strong>Fabriciano era artista y fundador de la Fundaci\u00f3n Urunday<\/strong>, que impulsa y organiza las\u00a0<strong>Bienales Internacionales de Esculturas<\/strong>\u00a0en la provincia, y este 2022 se llev\u00f3 adelante la primera sin su presencia f\u00edsica. Sin embargo,\u00a0<strong>el referente fue profundamente recordado y homenajeado<\/strong>.<\/p>\n<p>Este 8 de septiembre se cumplen dos a\u00f1os de su fallecimiento, su obra y vida est\u00e1 presente en cada sitio art\u00edstico de nuestra regi\u00f3n. La\u00a0<strong>Bienal del Chaco<\/strong>\u00a0es homenaje y honor a una de los nombres m\u00e1s ic\u00f3nicos de nuestra provincia.<strong>\u00a0<\/strong>[\/vc_column_text][\/vc_column][\/vc_row][vc_row css_animation=&#8221;&#8221; row_type=&#8221;row&#8221; use_row_as_full_screen_section=&#8221;no&#8221; type=&#8221;full_width&#8221; angled_section=&#8221;no&#8221; text_align=&#8221;left&#8221; background_image_as_pattern=&#8221;without_pattern&#8221;][vc_column][vc_empty_space][vc_gallery interval=&#8221;3&#8243; images=&#8221;11424,11425,11426&#8243; img_size=&#8221;large&#8221;][vc_empty_space][vc_column_text]Fuente: <a href=\"https:\/\/www.diario22.ar\/notix2\/noticia\/197562_dos-antildeos-sin-fabriciano-goacutemez--el-paso-a-la-eternidad-del-artista-que-marcoacute-un-antes-y-un-despueacutes.htm\" target=\"_blank\" rel=\"noopener\">https:\/\/www.diario22.ar\/notix2\/noticia\/197562_dos-antildeos-sin-fabriciano-goacutemez&#8211;el-paso-a-la-eternidad-del-artista-que-marcoacute-un-antes-y-un-despueacutes.htm<\/a>[\/vc_column_text][vc_empty_space][\/vc_column][\/vc_row]\n","protected":false},"excerpt":{"rendered":"<p>Resistencia es reconocida por ser un museo a cielo abierto con m\u00e1s de 660 esculturas emplazadas en su espacio p\u00fablico y sede de la Bienal de Esculturas. Chaco posee una gran riqueza cultural y se debe al gran artista Fabriciano G\u00f3mez (1944-2021). NG Federal lo&#8230;<\/p>\n","protected":false},"author":3,"featured_media":11425,"comment_status":"closed","ping_status":"closed","sticky":false,"template":"","format":"standard","meta":{"footnotes":""},"categories":[6],"tags":[],"class_list":["post-11423","post","type-post","status-publish","format-standard","has-post-thumbnail","hentry","category-novedades"],"_links":{"self":[{"href":"https:\/\/www.bienaldelchaco.org\/2024\/wp-json\/wp\/v2\/posts\/11423","targetHints":{"allow":["GET"]}}],"collection":[{"href":"https:\/\/www.bienaldelchaco.org\/2024\/wp-json\/wp\/v2\/posts"}],"about":[{"href":"https:\/\/www.bienaldelchaco.org\/2024\/wp-json\/wp\/v2\/types\/post"}],"author":[{"embeddable":true,"href":"https:\/\/www.bienaldelchaco.org\/2024\/wp-json\/wp\/v2\/users\/3"}],"replies":[{"embeddable":true,"href":"https:\/\/www.bienaldelchaco.org\/2024\/wp-json\/wp\/v2\/comments?post=11423"}],"version-history":[{"count":3,"href":"https:\/\/www.bienaldelchaco.org\/2024\/wp-json\/wp\/v2\/posts\/11423\/revisions"}],"predecessor-version":[{"id":11429,"href":"https:\/\/www.bienaldelchaco.org\/2024\/wp-json\/wp\/v2\/posts\/11423\/revisions\/11429"}],"wp:featuredmedia":[{"embeddable":true,"href":"https:\/\/www.bienaldelchaco.org\/2024\/wp-json\/wp\/v2\/media\/11425"}],"wp:attachment":[{"href":"https:\/\/www.bienaldelchaco.org\/2024\/wp-json\/wp\/v2\/media?parent=11423"}],"wp:term":[{"taxonomy":"category","embeddable":true,"href":"https:\/\/www.bienaldelchaco.org\/2024\/wp-json\/wp\/v2\/categories?post=11423"},{"taxonomy":"post_tag","embeddable":true,"href":"https:\/\/www.bienaldelchaco.org\/2024\/wp-json\/wp\/v2\/tags?post=11423"}],"curies":[{"name":"wp","href":"https:\/\/api.w.org\/{rel}","templated":true}]}}