{"id":11613,"date":"2023-11-30T11:53:50","date_gmt":"2023-11-30T14:53:50","guid":{"rendered":"https:\/\/www.bienaldelchaco.org\/2024\/?p=11613"},"modified":"2023-11-30T11:53:50","modified_gmt":"2023-11-30T14:53:50","slug":"baston-de-mando-provincial-gonzalo-suarez-lopez-a-traves-del-arte-nos-involucramos-en-la-parte-civica-de-nuestras-instituciones","status":"publish","type":"post","link":"https:\/\/www.bienaldelchaco.org\/2024\/baston-de-mando-provincial-gonzalo-suarez-lopez-a-traves-del-arte-nos-involucramos-en-la-parte-civica-de-nuestras-instituciones\/","title":{"rendered":"Bast\u00f3n de mando provincial | Gonz\u00e1lo Su\u00e1rez L\u00f3pez: \u00abA trav\u00e9s del arte nos involucramos en la parte c\u00edvica de nuestras instituciones\u00bb"},"content":{"rendered":"<div>\n<p>Asi lo afirm\u00f3\u00a0<strong>Gonz\u00e1lo Su\u00e1rez L\u00f3pez<\/strong>, presidente de la Fundaci\u00f3n Chaco Cultural y orfebre que lleva adelante la confecci\u00f3n del bast\u00f3n de mando provincial.<\/p>\n<\/div>\n<p><!--more-->[vc_row css_animation=&#8221;&#8221; row_type=&#8221;row&#8221; use_row_as_full_screen_section=&#8221;no&#8221; type=&#8221;full_width&#8221; angled_section=&#8221;no&#8221; text_align=&#8221;left&#8221; background_image_as_pattern=&#8221;without_pattern&#8221;][vc_column][vc_column_text]El encuentro estuvo encabezado por el c\u00f3nsul Fabio L\u00f3pez Riveros -jefe de Misi\u00f3n-, el oficial Crist\u00f3bal Bobadilla Leguizam\u00f3n -encargado de Cultura- y la Lic. Magdalena Velazco -funcionaria de Cultura y Protocolo-. Por su parte, por la m\u00e1xima instituci\u00f3n cultural chaque\u00f1a participaron Josese Eidman -presidente-, la escultora Mimo Eidman, Ana Mar\u00eda Taiana y el asesor Gustavo Insaurralde; como as\u00ed tambi\u00e9n los productores Walter Bord\u00f3n y Robert Sabbadini.<\/p>\n<p>&nbsp;<\/p>\n<p><strong>BIENAL 2024<\/strong><br \/>\n<strong>Josese Eidman<\/strong> -presidente de la Fundaci\u00f3n Urunday- se\u00f1ala: &#8220;La visita del c\u00f3nsul paraguayo marca el inicio de un trabajo con un modelo de gesti\u00f3n que apuntar\u00e1 a naciones invitadas para presentar en la Bienal del Chaco 2024 la riqueza cultural que los distingue y la potencia tur\u00edstica de algunos pa\u00edses&#8221;. Asimismo, el referente precis\u00f3 que &#8220;conf\u00edo en que esta vinculaci\u00f3n institucional afiance los lazos sociales y culturales que nos hermanan y que la cultura sea el punto de encuentro entre nuestras naciones teniendo como premisa hacer del arte un bien de todos&#8221;.<\/p>\n<p>Durante la visita protocolar se estableci\u00f3 una agenda conjunta de trabajo con vistas a la participaci\u00f3n de la Rep\u00fablica del Paraguay en la Bienal del Chaco que se inicia con una pr\u00f3xima visita a Asunci\u00f3n. Como primera acci\u00f3n, se solicit\u00f3 a la representaci\u00f3n diplom\u00e1tica que se difunda la convocatoria entre los escultores paraguayos con el objetivo que se presenten proyectos del pa\u00eds vecino. En ese contexto, Fundaci\u00f3n Urunday -integrante del Comit\u00e9 Organizador junto al Gobierno del Chaco- trabaja con su equipo t\u00e9cnico sobre la planimetr\u00eda para diagramar un sector para espacios institucionales que tiene por objetivo visibilizar las valiosas expresiones culturales -artes visuales, m\u00fasica, danza, artesan\u00eda, gastronom\u00eda y turismo, entre otros- de cada pa\u00eds. Adem\u00e1s, eso se complementar\u00e1 con espacios art\u00edsticos incluidos en la agenda cultural que se defina para la Bienal del Chaco 2024. Finalmente, Eidman agradeci\u00f3 &#8220;el inter\u00e9s genuino y el compromiso con el accionar cultural de Resistencia, la Ciudad de las Esculturas que nos transmiti\u00f3 el c\u00f3nsul Fabio L\u00f3pez Riveros en su primera visita&#8221;<\/p>\n<p><strong>Fabio L\u00f3pez Riveros<\/strong> -jefe de Misi\u00f3n- expres\u00f3 su reconocimiento a la Bienal del Chaco y asegur\u00f3: &#8220;Este singular evento se ha erigido como uno de los pilares fundamentales del panorama art\u00edstico y cultural de la regi\u00f3n, constituy\u00e9ndose a lo largo de m\u00e1s de treinta a\u00f1os en una vidriera que no solo celebra la creatividad y el talento de los artistas, sino que tambi\u00e9n cumple la noble funci\u00f3n de unir a diversas comunidades en torno a la apreciaci\u00f3n y promoci\u00f3n de las artes visuales y dem\u00e1s disciplinas art\u00edsticas&#8221;.<\/p>\n<p>\u00abEstamos trabajando en el bast\u00f3n de mando del pr\u00f3ximo gobernador, un proyecto que realizamos en cada traspaso de mando\u00bb, se\u00f1al\u00f3 Su\u00e1rez L\u00f3pez.<\/p>\n<p><a href=\"https:\/\/chacoenlineainforma.com\/wp-content\/uploads\/2023\/11\/WhatsApp-Image-2023-11-29-at-12.45.54.jpeg\"><img loading=\"lazy\" decoding=\"async\" class=\"size-full wp-image-11615 aligncenter\" src=\"https:\/\/www.bienaldelchaco.org\/2024\/wp-content\/uploads\/2023\/11\/WhatsApp-Image-2023-11-29-at-12.45.jpeg\" alt=\"\" width=\"700\" height=\"525\" srcset=\"https:\/\/www.bienaldelchaco.org\/2024\/wp-content\/uploads\/2023\/11\/WhatsApp-Image-2023-11-29-at-12.45.jpeg 700w, https:\/\/www.bienaldelchaco.org\/2024\/wp-content\/uploads\/2023\/11\/WhatsApp-Image-2023-11-29-at-12.45-300x225.jpeg 300w\" sizes=\"auto, (max-width: 700px) 100vw, 700px\" \/><\/a><\/p>\n<p>\u00abBuscamos un \u00e1rbol de Urunday que haya ca\u00eddo. La UNNE nos avis\u00f3 a principio de a\u00f1o que hab\u00eda ca\u00eddo uno en la Facultad de Agronom\u00eda de Corrientes. Usamos el coraz\u00f3n de ese \u00e1rbol, del cual salieron dos listones, con uno se hace el de presidente y con el otro el del gobernador, las maderas est\u00e1n hermanadas como s\u00edmbolo de la unidad entre la Naci\u00f3n, la provincia y el pueblo. Somos la unica provincia que hace eso\u00bb, explic\u00f3.<\/p>\n<p><img loading=\"lazy\" decoding=\"async\" class=\"size-full wp-image-11616 aligncenter\" src=\"https:\/\/www.bienaldelchaco.org\/2024\/wp-content\/uploads\/2023\/11\/WhatsApp-Image-2023-11-29-at-12.44.jpeg\" alt=\"\" width=\"697\" height=\"700\" srcset=\"https:\/\/www.bienaldelchaco.org\/2024\/wp-content\/uploads\/2023\/11\/WhatsApp-Image-2023-11-29-at-12.44.jpeg 697w, https:\/\/www.bienaldelchaco.org\/2024\/wp-content\/uploads\/2023\/11\/WhatsApp-Image-2023-11-29-at-12.44-300x300.jpeg 300w, https:\/\/www.bienaldelchaco.org\/2024\/wp-content\/uploads\/2023\/11\/WhatsApp-Image-2023-11-29-at-12.44-150x150.jpeg 150w\" sizes=\"auto, (max-width: 697px) 100vw, 697px\" \/><\/p>\n<p>&nbsp;<\/p>\n<p>\u00abDe esta manera, a trav\u00e9s del arte nos involucramos en la parte c\u00edvica de nuestras instituciones\u00bb, sostuvo el orfebre, \u00abluego hacemos una construcci\u00f3n colectiva, donde todos cincelan el mando, recorremos escuelas, instituciones, eventos culturales. El presidencial recorre todo el pa\u00eds y nootros todo el Chaco\u00bb.<\/p>\n<p><img loading=\"lazy\" decoding=\"async\" class=\"size-full wp-image-11617 aligncenter\" src=\"https:\/\/www.bienaldelchaco.org\/2024\/wp-content\/uploads\/2023\/11\/WhatsApp-Image-2023-11-29-at-2.jpeg\" alt=\"\" width=\"422\" height=\"700\" srcset=\"https:\/\/www.bienaldelchaco.org\/2024\/wp-content\/uploads\/2023\/11\/WhatsApp-Image-2023-11-29-at-2.jpeg 422w, https:\/\/www.bienaldelchaco.org\/2024\/wp-content\/uploads\/2023\/11\/WhatsApp-Image-2023-11-29-at-2-181x300.jpeg 181w\" sizes=\"auto, (max-width: 422px) 100vw, 422px\" \/><\/p>\n<p>&nbsp;<\/p>\n<p>\u00abEn el Chaco recuperamos la acuarela original que hizo L\u00f3pez Piacentini con el escudo, eso va a llevar el bast\u00f3n de mando en el mango un escudo esmalatado en fuego\u00bb, agreg\u00f3 Su\u00e1rez L\u00f3pez.<\/p>\n<p><img loading=\"lazy\" decoding=\"async\" class=\"size-full wp-image-11618 aligncenter\" src=\"https:\/\/www.bienaldelchaco.org\/2024\/wp-content\/uploads\/2023\/11\/WhatsApp-Image-2023-11-29-at-1.jpeg\" alt=\"\" width=\"700\" height=\"605\" srcset=\"https:\/\/www.bienaldelchaco.org\/2024\/wp-content\/uploads\/2023\/11\/WhatsApp-Image-2023-11-29-at-1.jpeg 700w, https:\/\/www.bienaldelchaco.org\/2024\/wp-content\/uploads\/2023\/11\/WhatsApp-Image-2023-11-29-at-1-300x259.jpeg 300w\" sizes=\"auto, (max-width: 700px) 100vw, 700px\" \/><\/p>\n<p>&nbsp;<\/p>\n<p>\u00abYa lo estamos terminando y lo vamos a entregar el 6 o 7 de diciembre a la C\u00e1mara de Diputados, lo donamos desde la Fundaci\u00f3n Chaco Cultural para que se disponga la entrega al gobernador\u00bb, asegur\u00f3.<\/p>\n<p><img loading=\"lazy\" decoding=\"async\" class=\"size-full wp-image-11619 aligncenter\" src=\"https:\/\/www.bienaldelchaco.org\/2024\/wp-content\/uploads\/2023\/11\/WhatsApp-Image-2023-11-29-at-3.jpeg\" alt=\"\" width=\"700\" height=\"528\" srcset=\"https:\/\/www.bienaldelchaco.org\/2024\/wp-content\/uploads\/2023\/11\/WhatsApp-Image-2023-11-29-at-3.jpeg 700w, https:\/\/www.bienaldelchaco.org\/2024\/wp-content\/uploads\/2023\/11\/WhatsApp-Image-2023-11-29-at-3-300x226.jpeg 300w\" sizes=\"auto, (max-width: 700px) 100vw, 700px\" \/><\/p>\n<p>&nbsp;<\/p>\n<p>Su\u00e1rez L\u00f3pez agreg\u00f3 adem\u00e1s que \u00abla madera del bast\u00f3n de mando la trabajamos en el taller de Fabriciano G\u00f3mez, con sus herramientas, porque le hab\u00eda prometido, all\u00e1 por el 2020, que lo iba a hacer con \u00e9l al list\u00f3n de madera\u00bb.<\/p>\n<p><img loading=\"lazy\" decoding=\"async\" class=\"size-full wp-image-11620 aligncenter\" src=\"https:\/\/www.bienaldelchaco.org\/2024\/wp-content\/uploads\/2023\/11\/Imagen-de-WhatsApp-2023-11-29-a-las-.jpg\" alt=\"\" width=\"653\" height=\"700\" srcset=\"https:\/\/www.bienaldelchaco.org\/2024\/wp-content\/uploads\/2023\/11\/Imagen-de-WhatsApp-2023-11-29-a-las-.jpg 653w, https:\/\/www.bienaldelchaco.org\/2024\/wp-content\/uploads\/2023\/11\/Imagen-de-WhatsApp-2023-11-29-a-las--280x300.jpg 280w\" sizes=\"auto, (max-width: 653px) 100vw, 653px\" \/><\/p>\n<p>&nbsp;<\/p>\n<p>\u00abEn esta oportunidad fue Ceferino Ferreyra, su alumno de toda la vida, el que me ayudo a tornear la madera de urunday\u00bb, se\u00f1al\u00f3, \u00abCefe va a estar feliz con el recuerdo de Fabri, y Fabri esta presente tambi\u00e9n en este bast\u00f3n de mando 2023\u00bb.<\/p>\n<p><img loading=\"lazy\" decoding=\"async\" class=\"size-full wp-image-11621 aligncenter\" src=\"https:\/\/www.bienaldelchaco.org\/2024\/wp-content\/uploads\/2023\/11\/Imagen-de-WhatsApp-2023-11-29-1.jpg\" alt=\"\" width=\"700\" height=\"630\" srcset=\"https:\/\/www.bienaldelchaco.org\/2024\/wp-content\/uploads\/2023\/11\/Imagen-de-WhatsApp-2023-11-29-1.jpg 700w, https:\/\/www.bienaldelchaco.org\/2024\/wp-content\/uploads\/2023\/11\/Imagen-de-WhatsApp-2023-11-29-1-300x270.jpg 300w\" sizes=\"auto, (max-width: 700px) 100vw, 700px\" \/><\/p>\n<p>&nbsp;<\/p>\n<p><img loading=\"lazy\" decoding=\"async\" class=\"size-full wp-image-11622 aligncenter\" src=\"https:\/\/www.bienaldelchaco.org\/2024\/wp-content\/uploads\/2023\/11\/WhatsApp-Image-2023-11-29-at-4.jpeg\" alt=\"\" width=\"593\" height=\"544\" srcset=\"https:\/\/www.bienaldelchaco.org\/2024\/wp-content\/uploads\/2023\/11\/WhatsApp-Image-2023-11-29-at-4.jpeg 593w, https:\/\/www.bienaldelchaco.org\/2024\/wp-content\/uploads\/2023\/11\/WhatsApp-Image-2023-11-29-at-4-300x275.jpeg 300w\" sizes=\"auto, (max-width: 593px) 100vw, 593px\" \/><\/p>\n<p>&nbsp;<\/p>\n<p>&nbsp;<\/p>\n<p><img loading=\"lazy\" decoding=\"async\" class=\"size-full wp-image-11623 aligncenter\" src=\"https:\/\/www.bienaldelchaco.org\/2024\/wp-content\/uploads\/2023\/11\/WhatsApp-Image-2023-11-29-at-5.jpeg\" alt=\"\" width=\"700\" height=\"482\" srcset=\"https:\/\/www.bienaldelchaco.org\/2024\/wp-content\/uploads\/2023\/11\/WhatsApp-Image-2023-11-29-at-5.jpeg 700w, https:\/\/www.bienaldelchaco.org\/2024\/wp-content\/uploads\/2023\/11\/WhatsApp-Image-2023-11-29-at-5-300x207.jpeg 300w\" sizes=\"auto, (max-width: 700px) 100vw, 700px\" \/><\/p>\n<p>&nbsp;<\/p>\n<p>&nbsp;<\/p>\n<p>&nbsp;<\/p>\n<p><iframe id=\"instagram-embed-0\" class=\"instagram-media instagram-media-rendered\" src=\"https:\/\/www.instagram.com\/p\/C0PFp9Vgj9N\/embed\/?cr=1&amp;v=14&amp;wp=540&amp;rd=https%3A%2F%2Fchacoenlineainforma.com&amp;rp=%2Fvideo-baston-de-mando-provincial-gonzalo-suarez-lopez-a-traves-del-arte-nos-involucramos-en-la-parte-civica-de-nuestras-instituciones%2F#%7B%22ci%22%3A0%2C%22os%22%3A4724.5%2C%22ls%22%3A3851.199999988079%2C%22le%22%3A4039.0999999940395%7D\" height=\"746\" frameborder=\"0\" scrolling=\"no\" allowfullscreen=\"allowfullscreen\" data-instgrm-payload-id=\"instagram-media-payload-0\" data-mce-fragment=\"1\"><\/iframe>[\/vc_column_text][\/vc_column][\/vc_row][vc_row css_animation=&#8221;&#8221; row_type=&#8221;row&#8221; use_row_as_full_screen_section=&#8221;no&#8221; type=&#8221;full_width&#8221; angled_section=&#8221;no&#8221; text_align=&#8221;left&#8221; background_image_as_pattern=&#8221;without_pattern&#8221;][vc_column][vc_empty_space][vc_column_text]Fuente:\u00a0 <a href=\"https:\/\/chacoenlineainforma.com\/video-baston-de-mando-provincial-gonzalo-suarez-lopez-a-traves-del-arte-nos-involucramos-en-la-parte-civica-de-nuestras-instituciones\/\" target=\"_blank\" rel=\"noopener\">https:\/\/chacoenlineainforma.com\/video-baston-de-mando-provincial-gonzalo-suarez-lopez-a-traves-del-arte-nos-involucramos-en-la-parte-civica-de-nuestras-instituciones\/<\/a>[\/vc_column_text][vc_empty_space][\/vc_column][\/vc_row]\n","protected":false},"excerpt":{"rendered":"<p>Asi lo afirm\u00f3\u00a0Gonz\u00e1lo Su\u00e1rez L\u00f3pez, presidente de la Fundaci\u00f3n Chaco Cultural y orfebre que lleva adelante la confecci\u00f3n del bast\u00f3n de mando provincial.<\/p>\n","protected":false},"author":3,"featured_media":11614,"comment_status":"closed","ping_status":"closed","sticky":false,"template":"","format":"standard","meta":{"footnotes":""},"categories":[6],"tags":[],"class_list":["post-11613","post","type-post","status-publish","format-standard","has-post-thumbnail","hentry","category-novedades"],"_links":{"self":[{"href":"https:\/\/www.bienaldelchaco.org\/2024\/wp-json\/wp\/v2\/posts\/11613","targetHints":{"allow":["GET"]}}],"collection":[{"href":"https:\/\/www.bienaldelchaco.org\/2024\/wp-json\/wp\/v2\/posts"}],"about":[{"href":"https:\/\/www.bienaldelchaco.org\/2024\/wp-json\/wp\/v2\/types\/post"}],"author":[{"embeddable":true,"href":"https:\/\/www.bienaldelchaco.org\/2024\/wp-json\/wp\/v2\/users\/3"}],"replies":[{"embeddable":true,"href":"https:\/\/www.bienaldelchaco.org\/2024\/wp-json\/wp\/v2\/comments?post=11613"}],"version-history":[{"count":1,"href":"https:\/\/www.bienaldelchaco.org\/2024\/wp-json\/wp\/v2\/posts\/11613\/revisions"}],"predecessor-version":[{"id":11624,"href":"https:\/\/www.bienaldelchaco.org\/2024\/wp-json\/wp\/v2\/posts\/11613\/revisions\/11624"}],"wp:featuredmedia":[{"embeddable":true,"href":"https:\/\/www.bienaldelchaco.org\/2024\/wp-json\/wp\/v2\/media\/11614"}],"wp:attachment":[{"href":"https:\/\/www.bienaldelchaco.org\/2024\/wp-json\/wp\/v2\/media?parent=11613"}],"wp:term":[{"taxonomy":"category","embeddable":true,"href":"https:\/\/www.bienaldelchaco.org\/2024\/wp-json\/wp\/v2\/categories?post=11613"},{"taxonomy":"post_tag","embeddable":true,"href":"https:\/\/www.bienaldelchaco.org\/2024\/wp-json\/wp\/v2\/tags?post=11613"}],"curies":[{"name":"wp","href":"https:\/\/api.w.org\/{rel}","templated":true}]}}