{"id":11645,"date":"2023-11-30T16:23:25","date_gmt":"2023-11-30T19:23:25","guid":{"rendered":"https:\/\/www.bienaldelchaco.org\/2024\/?p=11645"},"modified":"2023-12-08T16:27:20","modified_gmt":"2023-12-08T19:27:20","slug":"fundacion-urunday-afianza-la-ciudad-de-las-esculturas-resistencia-suma-la-obra-tensiones-en-la-naturaleza","status":"publish","type":"post","link":"https:\/\/www.bienaldelchaco.org\/2024\/fundacion-urunday-afianza-la-ciudad-de-las-esculturas-resistencia-suma-la-obra-tensiones-en-la-naturaleza\/","title":{"rendered":"Fundaci\u00f3n Urunday afianza la Ciudad de las Esculturas &#8211; Resistencia suma la obra   &#8220;Tensiones en la naturaleza&#8221;"},"content":{"rendered":"<div>\n<p>Ayer, martes 21 de noviembre, la\u00a0<em>Fundaci\u00f3n Urunday<\/em>\u00a0inaugur\u00f3 la obra\u00a0<strong>&#8220;Tensiones en la naturaleza&#8221;\u00a0<\/strong>del escultor<strong>\u00a0Petre Mogosanu\u00a0<\/strong>(Rumania) en el predio del Museum &#8211; Domo del Centenario. El acto estuvo acompa\u00f1ado por integrantes y colaboradores de la instituci\u00f3n, artistas, amigos y vecinos de Resistencia.<\/p>\n<\/div>\n<p><!--more-->[vc_row css_animation=&#8221;&#8221; row_type=&#8221;row&#8221; use_row_as_full_screen_section=&#8221;no&#8221; type=&#8221;full_width&#8221; angled_section=&#8221;no&#8221; text_align=&#8221;left&#8221; background_image_as_pattern=&#8221;without_pattern&#8221;][vc_column][vc_column_text]Al iniciar el encuentro se record\u00f3 que emplazar obras afianza nuestra identidad cultural y tambi\u00e9n social, esa distinci\u00f3n que posiciona a <em>Resistencia la Ciudad de las Esculturas<\/em>\u00a0como un singular museo a cielo abierto que empez\u00f3 El Fog\u00f3n de los Arrieros a principios de los \u00b460, sigui\u00f3 la Comisi\u00f3n de Promoci\u00f3n Art\u00edstica y que hoy contin\u00faa la Fundaci\u00f3n Urunday renovando su compromiso de &#8220;Hacer del arte un bien de todos&#8221;.<\/p>\n<p><strong>\u00a0<\/strong><\/p>\n<p><strong>34 A\u00d1OS DE TRABAJO<\/strong><\/p>\n<p><strong>POR LA ESCULTURA<\/strong><\/p>\n<p><strong>Josese Eidman<\/strong>, presidente de la entidad, comparti\u00f3 unas palabras: &#8220;Rumania&#8230; los resistencianos ahora tenemos una nueva referencia de ese lejano y ex\u00f3tico pa\u00eds de Europa central, una cercan\u00eda m\u00e1s personalizada, m\u00e1s &#8220;familiar&#8221;, porque una obra del consagrado escultor rumano Petre Mogosanu, forma parte del patrimonio escult\u00f3rico de Resistencia&#8221;.<\/p>\n<p>Asimismo, Eidman recuerda: &#8220;Inauguramos esta obra, de abstracci\u00f3n impoluta y refinada belleza, para celebrar que la\u00a0<em>Fundaci\u00f3n Urunday<\/em>\u00a0cumpli\u00f3 34 a\u00f1os de vida. Ser parte, me impide hablar de nosotros, pero es l\u00edcito y justo decir que\u00a0<strong>de la mano de Fabriciano, un grupo de amigos creyentes en el poder del arte como transformador de la vida, crearon la Fundaci\u00f3n Urunday en el a\u00f1o 1989<\/strong>\u00a0para darle continuidad a los concursos de escultura y para profundizar el camino iniciado por\u00a0<em>El Fog\u00f3n de los Arrieros<\/em>&#8220;.<\/p>\n<p>Finalmente, el m\u00e1s joven de los urunday afirma: &#8220;Las bienales del Chaco fundaron un nuevo paradigma: convertir a Resistencia en el museo al aire libre que recoge que sintetiza el arte escult\u00f3rico mundial de las tres \u00faltimas d\u00e9cadas. No es necesario decir que no fue un camino solitario, porque esta construcci\u00f3n es fruto de lo colectivo. Gobierno, mecenas, academia, instituciones de las m\u00e1s variadas y la ciudadan\u00eda, sobre todo, la gente&#8221;, concluye Josese Eidman.<\/p>\n<p>&nbsp;<\/p>\n<p><strong>LA OBRA<\/strong><\/p>\n<p>Respecto a la obra, el escultor escribi\u00f3: &#8220;Partiendo de la idea de que, en la naturaleza, todo se mueve y toda la materia cambia en el tiempo, el ser humano tambi\u00e9n cambia, piensa diferente cada d\u00eda. En todas estas transformaciones, hay un impulso que se inicia dentro de nosotros. Las acciones de los cuerpos en la naturaleza ocurren debido a que dentro de cada volumen hay una fuerza, una energ\u00eda, una tensi\u00f3n y un equilibrio que junto con la voluntad actuar\u00e1n hacia el exterior y crear\u00e1n un movimiento que es el equivalente a la vida&#8221;, apunta Petre Mogosanu.<\/p>\n<p>De esta manera,\u00a0<strong>qued\u00f3 oficialmente incorporada la escultura N\u00b0 665:<\/strong>\u00a0<strong>&#8220;Tensiones en la naturaleza&#8221;\u00a0<\/strong>de Petre Mogosanu -Primer Premio Nuevo Banco del Chaco de la Bienal 2022- a\u00a0<em>Resistencia, la Ciudad de las Esculturas<\/em>\u00a0y se suma a compartir el Parque de Esculturas proyectado por el gran paisajista argentino Pradial Guti\u00e9rrez entre los primeros premios de las bienales.[\/vc_column_text][\/vc_column][\/vc_row][vc_row css_animation=&#8221;&#8221; row_type=&#8221;row&#8221; use_row_as_full_screen_section=&#8221;no&#8221; type=&#8221;full_width&#8221; angled_section=&#8221;no&#8221; text_align=&#8221;left&#8221; background_image_as_pattern=&#8221;without_pattern&#8221;][vc_column][vc_empty_space][vc_gallery interval=&#8221;3&#8243; images=&#8221;11646,11647,11648,11649&#8243; img_size=&#8221;full&#8221;][vc_empty_space][\/vc_column][\/vc_row]\n","protected":false},"excerpt":{"rendered":"<p>Ayer, martes 21 de noviembre, la\u00a0Fundaci\u00f3n Urunday\u00a0inaugur\u00f3 la obra\u00a0&#8220;Tensiones en la naturaleza&#8221;\u00a0del escultor\u00a0Petre Mogosanu\u00a0(Rumania) en el predio del Museum &#8211; Domo del Centenario. El acto estuvo acompa\u00f1ado por integrantes y colaboradores de la instituci\u00f3n, artistas, amigos y vecinos de Resistencia.<\/p>\n","protected":false},"author":3,"featured_media":11646,"comment_status":"closed","ping_status":"closed","sticky":false,"template":"","format":"standard","meta":{"footnotes":""},"categories":[6],"tags":[],"class_list":["post-11645","post","type-post","status-publish","format-standard","has-post-thumbnail","hentry","category-novedades"],"_links":{"self":[{"href":"https:\/\/www.bienaldelchaco.org\/2024\/wp-json\/wp\/v2\/posts\/11645","targetHints":{"allow":["GET"]}}],"collection":[{"href":"https:\/\/www.bienaldelchaco.org\/2024\/wp-json\/wp\/v2\/posts"}],"about":[{"href":"https:\/\/www.bienaldelchaco.org\/2024\/wp-json\/wp\/v2\/types\/post"}],"author":[{"embeddable":true,"href":"https:\/\/www.bienaldelchaco.org\/2024\/wp-json\/wp\/v2\/users\/3"}],"replies":[{"embeddable":true,"href":"https:\/\/www.bienaldelchaco.org\/2024\/wp-json\/wp\/v2\/comments?post=11645"}],"version-history":[{"count":2,"href":"https:\/\/www.bienaldelchaco.org\/2024\/wp-json\/wp\/v2\/posts\/11645\/revisions"}],"predecessor-version":[{"id":11651,"href":"https:\/\/www.bienaldelchaco.org\/2024\/wp-json\/wp\/v2\/posts\/11645\/revisions\/11651"}],"wp:featuredmedia":[{"embeddable":true,"href":"https:\/\/www.bienaldelchaco.org\/2024\/wp-json\/wp\/v2\/media\/11646"}],"wp:attachment":[{"href":"https:\/\/www.bienaldelchaco.org\/2024\/wp-json\/wp\/v2\/media?parent=11645"}],"wp:term":[{"taxonomy":"category","embeddable":true,"href":"https:\/\/www.bienaldelchaco.org\/2024\/wp-json\/wp\/v2\/categories?post=11645"},{"taxonomy":"post_tag","embeddable":true,"href":"https:\/\/www.bienaldelchaco.org\/2024\/wp-json\/wp\/v2\/tags?post=11645"}],"curies":[{"name":"wp","href":"https:\/\/api.w.org\/{rel}","templated":true}]}}