{"id":11855,"date":"2024-02-14T13:31:27","date_gmt":"2024-02-14T16:31:27","guid":{"rendered":"https:\/\/www.bienaldelchaco.org\/2024\/?p=11855"},"modified":"2024-02-14T13:49:13","modified_gmt":"2024-02-14T16:49:13","slug":"david-y-bienal-2024-hitos-culturales-para-resistencia-importantes-referentes-del-arte-nacional-acompanaran-la-inauguracion-del-david","status":"publish","type":"post","link":"https:\/\/www.bienaldelchaco.org\/2024\/david-y-bienal-2024-hitos-culturales-para-resistencia-importantes-referentes-del-arte-nacional-acompanaran-la-inauguracion-del-david\/","title":{"rendered":"David y Bienal 2024, hitos culturales para Resistencia  &#8211; Importantes referentes del arte nacional  acompa\u00f1ar\u00e1n la inauguraci\u00f3n del David"},"content":{"rendered":"<p><strong>La Fundaci\u00f3n Urunday, con el acompa\u00f1amiento de importantes empresa y tambi\u00e9n los gobiernos municipal y provincial, est\u00e1 en la cuenta regresiva para inaugurar el calco del David de Miguel \u00c1ngel. El pr\u00f3ximo 6 de marzo, en ocasi\u00f3n de conmemorarse el D\u00eda Internacional del Escultor, se suma a Resistencia una r\u00e9plica de la escultura \u00edcono del arte universal, adem\u00e1s ese d\u00eda se realizar\u00e1 el anuncio oficial de la Bienal 2024.<\/strong><\/p>\n<p><!--more-->[vc_row css_animation=&#8221;&#8221; row_type=&#8221;row&#8221; use_row_as_full_screen_section=&#8221;no&#8221; type=&#8221;full_width&#8221; angled_section=&#8221;no&#8221; text_align=&#8221;left&#8221; background_image_as_pattern=&#8221;without_pattern&#8221;][vc_column][vc_column_text]El calco del David que se emplazar\u00e1 en la capital del Chaco viene a dialogar con las cientos de esculturas de Resistencia, los principales referentes de la escult\u00f3rica nacional emplazados por El Fog\u00f3n de los Arrieros entre los \u00b460 y \u00b480 pero tambi\u00e9n con las obras de los escultores contempor\u00e1neos que convoca la Fundaci\u00f3n Urunday en cada nueva edici\u00f3n de la Bienal del Chaco.<\/p>\n<p>&nbsp;<\/p>\n<p><strong>VISITAS DE LUJO<\/strong><\/p>\n<p>Incorporar una r\u00e9plica del David de Miguel \u00c1ngel a Resistencia, la Ciudad de las Esculturas fue uno de los \u00faltimos desvelos de Fabriciano. Primero fue una idea t\u00edmida que fue compartiendo con amigos y colegas escultores pero muy pronto tom\u00f3 vuelo propio y se convirti\u00f3 en un proyecto que est\u00e1 muy pr\u00f3ximo a cumplirse. Luego de analizar la factibilidad art\u00edstica y resolver cuestiones legales, la Fundaci\u00f3n Urunday empez\u00f3 a trabajar en las particularidades del esperado David.<\/p>\n<p>Para acompa\u00f1ar este importante acto llegar\u00e1n a Resistencia artistas y acad\u00e9micos referentes de la escultura argentina.<\/p>\n<p><strong>Oscar de Bueno<\/strong> -escultor, profesor nacional de escultura y licenciado en Artes Visuales- afirma: &#8220;Hay que entender, de a poco, la importancia de la llegada del David a Resistencia. \u00bfPor qu\u00e9 esta obra? \u00bfPor qu\u00e9 Fabriciano tuvo este sue\u00f1o que por suerte se est\u00e1 concretando? Esta obra, en principio, ten\u00eda por finalidad representar una escena b\u00edblica del Antiguo Testamento: David en su adolescencia enfrentando al gigante Goliat, el guerrero que dominaba su pueblo y \u00bfc\u00f3mo lo venci\u00f3? Lo venci\u00f3 con cinco piedritas, inteligencia y valent\u00eda. Miguel \u00c1ngel representa esta escena b\u00e9lica de otra manera. Lo representa en el momento previo a la pelea, por eso la tensi\u00f3n&#8221;, reflexiona el prestigioso escultor argentino que desde hace a\u00f1os acompa\u00f1a la gesti\u00f3n de la Fundaci\u00f3n Urunday.<\/p>\n[\/vc_column_text][vc_empty_space][vc_single_image image=&#8221;11857&#8243; img_size=&#8221;full&#8221; alignment=&#8221;center&#8221; qode_css_animation=&#8221;&#8221;][vc_empty_space][vc_column_text]\n<p>&nbsp;<\/p>\n<p><strong>Mar\u00eda del Carmen <\/strong><strong>Magaz<\/strong> -licenciada y profesora en Historia de las Artes de la Universidad de Buenos Aires y doctora en Historia, con orientaci\u00f3n en arte p\u00fablico, por la Universidad del Salvador- se\u00f1ala: &#8220;Esta nueva escultura se sumar\u00e1 al di\u00e1logo con las casi 700 obras ya emplazadas en Resistencia. Desde la t\u00e9cnica pone al Chaco a la vanguardia de las nuevas manufacturas en tecnolog\u00edas innovadoras del arte y los resistencianos suman un hito de la escultura cl\u00e1sica que atraer\u00e1 al turismo cultural porque es una de las obras m\u00e1s relevantes del mundo. Pienso que su presencia ser\u00e1 tambi\u00e9n una forma de fomentar la educaci\u00f3n y el conocimiento sobre el arte. La llegada de este David tiene un significado cultural, educativo y est\u00e9tico que con seguridad va a enriquecer la vida de los habitantes de Resistencia&#8221;.<\/p>\n[\/vc_column_text][vc_empty_space][vc_single_image image=&#8221;11858&#8243; img_size=&#8221;full&#8221; alignment=&#8221;center&#8221; qode_css_animation=&#8221;&#8221;][vc_empty_space][vc_column_text]\n<p>&nbsp;<\/p>\n<p><strong>Dar\u00edo Klehr<\/strong> -actual director del Museo de Esculturas &#8220;Luis Perlotti&#8221;, escultor, restaurador y miembro de la Comisi\u00f3n de Relevamiento de Patrimonio Escult\u00f3rico de la Ciudad de Buenos Aires- recuerda lo que le dijo Fabriciano: &#8220;Esta escultura representa a los escultores de todo el mundo&#8221;. Y rememora las palabras que lo comprometieron ineludiblemente: &#8220;Esto es parte de un sue\u00f1o&#8230; y el pueblo chaque\u00f1o se merece tener al David de Miguel \u00c1ngel emplazado en su museo al aire libre porque incrementar\u00e1 el valor patrimonial del Chaco&#8221; y quienes conocieron el empe\u00f1o fabricianezco podr\u00e1n imaginar su poder de convencimiento.<\/p>\n<p>Hoy, a pocos d\u00edas de la inauguraci\u00f3n del innovador calco del David de Miguel \u00c1ngel que viene a vivir en Resistencia, se ratifica la premisa de la Fundaci\u00f3n Urunday que dice: &#8220;Hacer del arte un bien de todos&#8221;.<\/p>\n<p>&nbsp;<\/p>\n<p><strong>CHACO, A LA VANGUARDIA<\/strong><\/p>\n<p>Es importante resaltar algunas caracter\u00edsticas de esta obra que se emplazar\u00e1 en Resistencia, la Ciudad de las Esculturas y viene a convivir con los habitantes y visitantes de la capital chaque\u00f1a.<\/p>\n<p>&#8211; Est\u00e1 realizada a partir de la aplicaci\u00f3n de tecnolog\u00eda 3D: un escaneo de alta resoluci\u00f3n genera el &#8220;gemelo digital&#8221; de la obra, para luego imprimir su molde, hacer el vaciado con una aleaci\u00f3n de materiales aptos para su emplazamiento en la interperie y finalmente obtener la r\u00e9plica en tama\u00f1o natural.<\/p>\n<p>&#8211; Su presencia en la ciudad enriquecer\u00e1 nuestro patrimonio cultural y art\u00edstico ya que representa una muestra \u00fanica del talento y la creatividad de uno de los artistas m\u00e1s importantes de la historia. Su emplazamiento contribuye a consolidar el posicionamiento internacional de nuestra &#8220;Ciudad Museo&#8221;.[\/vc_column_text][\/vc_column][\/vc_row][vc_row css_animation=&#8221;&#8221; row_type=&#8221;row&#8221; use_row_as_full_screen_section=&#8221;no&#8221; type=&#8221;full_width&#8221; angled_section=&#8221;no&#8221; text_align=&#8221;left&#8221; background_image_as_pattern=&#8221;without_pattern&#8221;][vc_column][vc_empty_space][\/vc_column][\/vc_row]\n","protected":false},"excerpt":{"rendered":"<p>La Fundaci\u00f3n Urunday, con el acompa\u00f1amiento de importantes empresa y tambi\u00e9n los gobiernos municipal y provincial, est\u00e1 en la cuenta regresiva para inaugurar el calco del David de Miguel \u00c1ngel. El pr\u00f3ximo 6 de marzo, en ocasi\u00f3n de conmemorarse el D\u00eda Internacional del Escultor, se&#8230;<\/p>\n","protected":false},"author":3,"featured_media":11856,"comment_status":"closed","ping_status":"closed","sticky":false,"template":"","format":"standard","meta":{"footnotes":""},"categories":[6],"tags":[],"class_list":["post-11855","post","type-post","status-publish","format-standard","has-post-thumbnail","hentry","category-novedades"],"_links":{"self":[{"href":"https:\/\/www.bienaldelchaco.org\/2024\/wp-json\/wp\/v2\/posts\/11855","targetHints":{"allow":["GET"]}}],"collection":[{"href":"https:\/\/www.bienaldelchaco.org\/2024\/wp-json\/wp\/v2\/posts"}],"about":[{"href":"https:\/\/www.bienaldelchaco.org\/2024\/wp-json\/wp\/v2\/types\/post"}],"author":[{"embeddable":true,"href":"https:\/\/www.bienaldelchaco.org\/2024\/wp-json\/wp\/v2\/users\/3"}],"replies":[{"embeddable":true,"href":"https:\/\/www.bienaldelchaco.org\/2024\/wp-json\/wp\/v2\/comments?post=11855"}],"version-history":[{"count":4,"href":"https:\/\/www.bienaldelchaco.org\/2024\/wp-json\/wp\/v2\/posts\/11855\/revisions"}],"predecessor-version":[{"id":11862,"href":"https:\/\/www.bienaldelchaco.org\/2024\/wp-json\/wp\/v2\/posts\/11855\/revisions\/11862"}],"wp:featuredmedia":[{"embeddable":true,"href":"https:\/\/www.bienaldelchaco.org\/2024\/wp-json\/wp\/v2\/media\/11856"}],"wp:attachment":[{"href":"https:\/\/www.bienaldelchaco.org\/2024\/wp-json\/wp\/v2\/media?parent=11855"}],"wp:term":[{"taxonomy":"category","embeddable":true,"href":"https:\/\/www.bienaldelchaco.org\/2024\/wp-json\/wp\/v2\/categories?post=11855"},{"taxonomy":"post_tag","embeddable":true,"href":"https:\/\/www.bienaldelchaco.org\/2024\/wp-json\/wp\/v2\/tags?post=11855"}],"curies":[{"name":"wp","href":"https:\/\/api.w.org\/{rel}","templated":true}]}}