{"id":11903,"date":"2024-02-29T13:47:12","date_gmt":"2024-02-29T16:47:12","guid":{"rendered":"https:\/\/www.bienaldelchaco.org\/2024\/?p=11903"},"modified":"2024-02-29T13:47:12","modified_gmt":"2024-02-29T16:47:12","slug":"nuevo-hito-del-chaco-david-de-miguel-angel-y-bienal-2024-el-mundo-cultural-mira-a-resistencia","status":"publish","type":"post","link":"https:\/\/www.bienaldelchaco.org\/2024\/nuevo-hito-del-chaco-david-de-miguel-angel-y-bienal-2024-el-mundo-cultural-mira-a-resistencia\/","title":{"rendered":"Nuevo hito del Chaco &#8211; David de Miguel Angel y Bienal 2024:  el mundo cultural mira a Resistencia"},"content":{"rendered":"<p>El mi\u00e9rcoles 6 de marzo, a las 19.30, la Fundaci\u00f3n Urunday realiza la presentaci\u00f3n de la <strong>Bienal del Chaco 2024<\/strong>, dando a conocer los escultores seleccionados, artistas invitados y los integrantes del jurado de la pr\u00f3xima edici\u00f3n que se desarrollar\u00e1 del 13 al 20 de julio. Asimismo, en esa oportunidad ser\u00e1 inaugurado el calco del\u00a0<strong><em>David\u00a0<\/em>de Miguel Angel\u00a0<\/strong>en el acceso al Domo del Centenario y el Museum. La reproducci\u00f3n 3D de la emblem\u00e1tica obra se sumar\u00e1 a nuestra\u00a0<em>Resistencia,<\/em>\u00a0<em>la<\/em>\u00a0<em>Ciudad de las Esculturas.<\/em><\/p>\n<p><!--more-->[vc_row css_animation=&#8221;&#8221; row_type=&#8221;row&#8221; use_row_as_full_screen_section=&#8221;no&#8221; type=&#8221;full_width&#8221; angled_section=&#8221;no&#8221; text_align=&#8221;left&#8221; background_image_as_pattern=&#8221;without_pattern&#8221;][vc_column][vc_column_text]A prop\u00f3sito de este importante anuncio, Josese Eidman -presidente de la Fundaci\u00f3n Urunday-afirma: &#8220;Celebraremos el D\u00eda Internacional del Escultor que cada 6 de marzo recuerda el nacimiento de Miguel Angel compartiendo los detalles de un gran desaf\u00edo y que nos emociona a todos&#8221;. Asimismo adelant\u00f3 que para este importante acto &#8220;ya est\u00e1 confirmada la visita de importantes referentes de medios nacionales e internacionales&#8221; puesto que por primera vez, el lanzamiento nacional se realiza desde Resistencia. Finalmente, resalt\u00f3: &#8220;Invitamos especialmente a toda la comunidad para compartir este momento porque afianza nuestra identidad y afianza nuestro lema de &#8220;hacer del arte un bien de todos&#8221; que distingue al museo a cielo abierto de Resistencia&#8221;.<\/p>\n<p>El acto estar\u00e1 encabezado por la prestigiosa instituci\u00f3n cultural, autoridades provinciales y municipales, mecenas y artistas. &#8220;Este nuevo proyecto que se materializa es uno de los \u00faltimos desvelos de Fabriciano y se puede concretar por la suma de voluntades, tal como caracteriza al accionar de la Fundaci\u00f3n Urunday&#8221;, comenta Eidman en alusi\u00f3n al gemelo digital del David.<\/p>\n<p><strong><img loading=\"lazy\" decoding=\"async\" class=\"size-full wp-image-11907 aligncenter\" src=\"https:\/\/www.bienaldelchaco.org\/2024\/wp-content\/uploads\/2024\/02\/FU-David-un-hito-cultural-para-Resistencia-1.jpg\" alt=\"\" width=\"800\" height=\"534\" srcset=\"https:\/\/www.bienaldelchaco.org\/2024\/wp-content\/uploads\/2024\/02\/FU-David-un-hito-cultural-para-Resistencia-1.jpg 800w, https:\/\/www.bienaldelchaco.org\/2024\/wp-content\/uploads\/2024\/02\/FU-David-un-hito-cultural-para-Resistencia-1-300x200.jpg 300w, https:\/\/www.bienaldelchaco.org\/2024\/wp-content\/uploads\/2024\/02\/FU-David-un-hito-cultural-para-Resistencia-1-768x513.jpg 768w, https:\/\/www.bienaldelchaco.org\/2024\/wp-content\/uploads\/2024\/02\/FU-David-un-hito-cultural-para-Resistencia-1-391x260.jpg 391w, https:\/\/www.bienaldelchaco.org\/2024\/wp-content\/uploads\/2024\/02\/FU-David-un-hito-cultural-para-Resistencia-1-700x467.jpg 700w\" sizes=\"auto, (max-width: 800px) 100vw, 800px\" \/><\/strong><\/p>\n<p>&nbsp;<\/p>\n<p><strong>PRENSA CONFIRMADA<\/strong><\/p>\n<p>Los periodistas y medios confirmados son: Cristian Vitale (P\u00e1gina\/12), Alejandro Bellotti (Diario Perfil), Claudia Peiro (Infobae); Marina Sep\u00falveda (Agencia T\u00e9lam), Mar\u00eda Julieta Barrera (Agencia EFE), Emiliana Virginia Merino (Radio Nacional), Maximiliano Kronenberg (Clar\u00edn) y Daniel Gigena (La Naci\u00f3n).<\/p>\n<p>&nbsp;<\/p>\n<p><strong>ICONO DE LA ESCULTURA<\/strong><\/p>\n<p><em>David<\/em>\u00a0es una de las obras maestras del Renacimiento? y una de las esculturas m\u00e1s famosas del mundo.? Fue realizada<strong>\u00a0<\/strong>por Miguel \u00c1ngel Buonarroti entre 1501 y 1504 en m\u00e1rmol blanco extra\u00eddo de la cantera de Fantiscritti (Carrara). Actualmente se encuentra expuesta en la Galer\u00eda de la Academia ubicada en la capital toscana,? aunque hasta 1873 estuvo ubicada en la Plaza de la Se\u00f1or\u00eda donde se erige una copia tambi\u00e9n realizada en m\u00e1rmol blanco.<\/p>\n<p>Uno de los \u00faltimos y obstinados deseos de Fabriciano fue traer a Resistencia una r\u00e9plica del<em>\u00a0David<\/em>, de Miguel \u00c1ngel Buonarotti, una obra emblem\u00e1tica de la historia de la escultura mundial. El gran escultor chaque\u00f1o escribi\u00f3: &#8220;Esta reproducci\u00f3n del\u00a0<em>David<\/em>\u00a0en tama\u00f1o natural ser\u00e1 emplazada en el espacio p\u00fablico de Resistencia para el disfrute democr\u00e1tico de una obra universal, s\u00edmbolo de las virtudes del humanismo y en un parque accesible -sin cobro de entradas- para quienes valoren al arte como un bien de todos&#8221;.[\/vc_column_text][vc_empty_space][\/vc_column][\/vc_row][vc_row css_animation=&#8221;&#8221; row_type=&#8221;row&#8221; use_row_as_full_screen_section=&#8221;no&#8221; type=&#8221;full_width&#8221; angled_section=&#8221;no&#8221; text_align=&#8221;left&#8221; background_image_as_pattern=&#8221;without_pattern&#8221;][vc_column][vc_empty_space][vc_gallery interval=&#8221;3&#8243; images=&#8221;11906,11905&#8243; img_size=&#8221;full&#8221; onclick=&#8221;&#8221;][vc_empty_space][\/vc_column][\/vc_row]\n","protected":false},"excerpt":{"rendered":"<p>El mi\u00e9rcoles 6 de marzo, a las 19.30, la Fundaci\u00f3n Urunday realiza la presentaci\u00f3n de la Bienal del Chaco 2024, dando a conocer los escultores seleccionados, artistas invitados y los integrantes del jurado de la pr\u00f3xima edici\u00f3n que se desarrollar\u00e1 del 13 al 20 de&#8230;<\/p>\n","protected":false},"author":3,"featured_media":11904,"comment_status":"closed","ping_status":"closed","sticky":false,"template":"","format":"standard","meta":{"footnotes":""},"categories":[6],"tags":[],"class_list":["post-11903","post","type-post","status-publish","format-standard","has-post-thumbnail","hentry","category-novedades"],"_links":{"self":[{"href":"https:\/\/www.bienaldelchaco.org\/2024\/wp-json\/wp\/v2\/posts\/11903","targetHints":{"allow":["GET"]}}],"collection":[{"href":"https:\/\/www.bienaldelchaco.org\/2024\/wp-json\/wp\/v2\/posts"}],"about":[{"href":"https:\/\/www.bienaldelchaco.org\/2024\/wp-json\/wp\/v2\/types\/post"}],"author":[{"embeddable":true,"href":"https:\/\/www.bienaldelchaco.org\/2024\/wp-json\/wp\/v2\/users\/3"}],"replies":[{"embeddable":true,"href":"https:\/\/www.bienaldelchaco.org\/2024\/wp-json\/wp\/v2\/comments?post=11903"}],"version-history":[{"count":1,"href":"https:\/\/www.bienaldelchaco.org\/2024\/wp-json\/wp\/v2\/posts\/11903\/revisions"}],"predecessor-version":[{"id":11908,"href":"https:\/\/www.bienaldelchaco.org\/2024\/wp-json\/wp\/v2\/posts\/11903\/revisions\/11908"}],"wp:featuredmedia":[{"embeddable":true,"href":"https:\/\/www.bienaldelchaco.org\/2024\/wp-json\/wp\/v2\/media\/11904"}],"wp:attachment":[{"href":"https:\/\/www.bienaldelchaco.org\/2024\/wp-json\/wp\/v2\/media?parent=11903"}],"wp:term":[{"taxonomy":"category","embeddable":true,"href":"https:\/\/www.bienaldelchaco.org\/2024\/wp-json\/wp\/v2\/categories?post=11903"},{"taxonomy":"post_tag","embeddable":true,"href":"https:\/\/www.bienaldelchaco.org\/2024\/wp-json\/wp\/v2\/tags?post=11903"}],"curies":[{"name":"wp","href":"https:\/\/api.w.org\/{rel}","templated":true}]}}