{"id":12478,"date":"2024-05-20T12:58:26","date_gmt":"2024-05-20T15:58:26","guid":{"rendered":"https:\/\/www.bienaldelchaco.org\/2024\/?p=12478"},"modified":"2024-05-20T12:58:26","modified_gmt":"2024-05-20T15:58:26","slug":"durante-la-reunion-en-resistencia-la-jufejus-recorrio-el-museum-de-fundacion-urunday","status":"publish","type":"post","link":"https:\/\/www.bienaldelchaco.org\/2024\/durante-la-reunion-en-resistencia-la-jufejus-recorrio-el-museum-de-fundacion-urunday\/","title":{"rendered":"Durante la reuni\u00f3n en Resistencia, la JUFEJUS recorri\u00f3 el Museum de Fundaci\u00f3n Urunday"},"content":{"rendered":"<div class=\"vol-des\" data-sider-select-id=\"3330ea1d-19b6-4b63-922b-c1be578a5ec0\">\n<div class=\"sub-title\" data-sider-select-id=\"9645c7f1-64b2-45d5-80ce-e18c7b5b6793\">\n<p data-sider-select-id=\"80d736c3-46cd-4e93-b478-28246f717109\">Antes de la reuni\u00f3n de comisi\u00f3n directiva y la asamblea ordinaria de JUFEJUS, las m\u00e1ximas autoridades de los poderes judiciales provinciales fueron recibidos por Josese Eidman, Mimo Eidman y Diego Tolosa, integrantes de la Fundaci\u00f3n Urunday quienes oficiaron de anfitriones para el recorrido por las instalaciones del Museum.<\/p>\n<\/div>\n<\/div>\n<p><!--more-->[vc_row css_animation=&#8221;&#8221; row_type=&#8221;row&#8221; use_row_as_full_screen_section=&#8221;no&#8221; type=&#8221;full_width&#8221; angled_section=&#8221;no&#8221; text_align=&#8221;left&#8221; background_image_as_pattern=&#8221;without_pattern&#8221;][vc_column][vc_column_text]All\u00ed les explicaron que el Complejo Cultural en el que se realizar\u00eda la reuni\u00f3n surgi\u00f3 a partir del sue\u00f1o e iniciativa del escultor chaque\u00f1o Fabriciano G\u00f3mez (1944-2021), gestor de la bienal de esculturas que se realiza en Resistencia y que este a\u00f1o tendr\u00e1 una nueva edici\u00f3n.<\/p>\n<p>Adem\u00e1s, comentaron el objetivo de integraci\u00f3n del arte con la comunidad a trav\u00e9s del \u00abmuseo a cielo abierto\u00bb que es Resistencia y, en particular, en el Paseo de las Esculturas. As\u00ed como las gestiones desarrolladas durante a\u00f1os que permitieron tener el primer gemelo digital de El David de Miguel \u00c1ngel emplazado en el predio.<\/p>\n<p>Al t\u00e9rmino de las actividades de agenda, juezas y jueces recorrieron el lugar y tomaron contacto con las diferentes piezas art\u00edsticas exhibidas.[\/vc_column_text][vc_empty_space][\/vc_column][\/vc_row][vc_row css_animation=&#8221;&#8221; row_type=&#8221;row&#8221; use_row_as_full_screen_section=&#8221;no&#8221; type=&#8221;full_width&#8221; angled_section=&#8221;no&#8221; text_align=&#8221;left&#8221; background_image_as_pattern=&#8221;without_pattern&#8221;][vc_column][vc_empty_space][vc_column_text]Fuente:\u00a0 <a href=\"https:\/\/digitalpress.com.ar\/durante-la-reunion-en-resistencia-la-jufejus-recorrio-el-museum-de-fundacion-urunday\/\" target=\"_blank\" rel=\"noopener\">https:\/\/digitalpress.com.ar\/durante-la-reunion-en-resistencia-la-jufejus-recorrio-el-museum-de-fundacion-urunday\/<\/a>[\/vc_column_text][vc_empty_space][\/vc_column][\/vc_row]\n","protected":false},"excerpt":{"rendered":"<p>Antes de la reuni\u00f3n de comisi\u00f3n directiva y la asamblea ordinaria de JUFEJUS, las m\u00e1ximas autoridades de los poderes judiciales provinciales fueron recibidos por Josese Eidman, Mimo Eidman y Diego Tolosa, integrantes de la Fundaci\u00f3n Urunday quienes oficiaron de anfitriones para el recorrido por las&#8230;<\/p>\n","protected":false},"author":3,"featured_media":12476,"comment_status":"closed","ping_status":"closed","sticky":false,"template":"","format":"standard","meta":{"footnotes":""},"categories":[6],"tags":[],"class_list":["post-12478","post","type-post","status-publish","format-standard","has-post-thumbnail","hentry","category-novedades"],"_links":{"self":[{"href":"https:\/\/www.bienaldelchaco.org\/2024\/wp-json\/wp\/v2\/posts\/12478","targetHints":{"allow":["GET"]}}],"collection":[{"href":"https:\/\/www.bienaldelchaco.org\/2024\/wp-json\/wp\/v2\/posts"}],"about":[{"href":"https:\/\/www.bienaldelchaco.org\/2024\/wp-json\/wp\/v2\/types\/post"}],"author":[{"embeddable":true,"href":"https:\/\/www.bienaldelchaco.org\/2024\/wp-json\/wp\/v2\/users\/3"}],"replies":[{"embeddable":true,"href":"https:\/\/www.bienaldelchaco.org\/2024\/wp-json\/wp\/v2\/comments?post=12478"}],"version-history":[{"count":1,"href":"https:\/\/www.bienaldelchaco.org\/2024\/wp-json\/wp\/v2\/posts\/12478\/revisions"}],"predecessor-version":[{"id":12479,"href":"https:\/\/www.bienaldelchaco.org\/2024\/wp-json\/wp\/v2\/posts\/12478\/revisions\/12479"}],"wp:featuredmedia":[{"embeddable":true,"href":"https:\/\/www.bienaldelchaco.org\/2024\/wp-json\/wp\/v2\/media\/12476"}],"wp:attachment":[{"href":"https:\/\/www.bienaldelchaco.org\/2024\/wp-json\/wp\/v2\/media?parent=12478"}],"wp:term":[{"taxonomy":"category","embeddable":true,"href":"https:\/\/www.bienaldelchaco.org\/2024\/wp-json\/wp\/v2\/categories?post=12478"},{"taxonomy":"post_tag","embeddable":true,"href":"https:\/\/www.bienaldelchaco.org\/2024\/wp-json\/wp\/v2\/tags?post=12478"}],"curies":[{"name":"wp","href":"https:\/\/api.w.org\/{rel}","templated":true}]}}