{"id":1249,"date":"2014-06-11T15:44:29","date_gmt":"2014-06-11T15:44:29","guid":{"rendered":"http:\/\/www.bienaldelchaco.com\/prueba\/?p=1249"},"modified":"2014-06-17T13:25:42","modified_gmt":"2014-06-17T13:25:42","slug":"voto-electronico-camaras-por-internet-y-cyber-para-escultores-algunos-de-los-aportes-que-brindara-ecom-a-la-bienal","status":"publish","type":"post","link":"https:\/\/www.bienaldelchaco.org\/2024\/voto-electronico-camaras-por-internet-y-cyber-para-escultores-algunos-de-los-aportes-que-brindara-ecom-a-la-bienal\/","title":{"rendered":"Voto electr\u00f3nico, c\u00e1maras por Internet y cyber para escultores, algunos de los aportes que brindar\u00e1 ECOM a la Bienal"},"content":{"rendered":"<p>ECOM Chaco ser\u00e1 otra vez un aliado estrat\u00e9gico para la Bienal de Escultura 2014 que se realizar\u00e1 del 12 al 19 de julio, en Resistencia. La empresa inform\u00e1tica proveer\u00e1 de tecnolog\u00eda que ser\u00e1 fundamental para el concurso.<!--more--><\/p>\n<p>&nbsp;<\/p>\n<p><img decoding=\"async\" class=\"img-frame aligncenter\" alt=\"\" src=\"http:\/\/www.bienaldelchaco.com\/wp-content\/uploads\/2014\/06\/2-6-14-Ecom-Aliado-tecnol\u00f3gico-estrat\u00e9gico.jpg\" \/><\/p>\n<p>&nbsp;<\/p>\n<p>En esta oportunidad, la firma ser\u00e1 la encargada de instalar las c\u00e1maras de video que transmitir\u00e1n todo el evento en vivo a trav\u00e9s de Internet. Estar\u00e1 a cargo tambi\u00e9n de proveer de la red durante los d\u00edas que dure el concurso, del sistema de voto electr\u00f3nico por medio de cual el p\u00fablico elegir\u00e1 su escultura favorita y adem\u00e1s montar\u00e1 un cyber destinado espec\u00edficamente para los escultores.<\/p>\n<p>Recientemente, el presidente de ECOM Chaco, Juan Chaquires, se reuni\u00f3 con Fabriciano y parte del equipo organizador de la Bienal Internacional de Esculturas con la intenci\u00f3n de acordar la participaci\u00f3n de la empresa estatal en aspectos t\u00e9cnicos durante la realizaci\u00f3n de la fiesta cultural que se desarrollar\u00e1 en julio.<\/p>\n<p>\u201cEs una satisfacci\u00f3n colaborar con gente que est\u00e1 elevando al Chaco a niveles nunca vistos en el aspecto cultural, generando reconocimiento internacional y otorgando una impronta caracter\u00edstica a los chaque\u00f1os\u201d, sostuvo Chaquires.<\/p>\n","protected":false},"excerpt":{"rendered":"<p>ECOM Chaco ser\u00e1 otra vez un aliado estrat\u00e9gico para la Bienal de Escultura 2014 que se realizar\u00e1 del 12 al 19 de julio, en Resistencia. La empresa inform\u00e1tica proveer\u00e1 de tecnolog\u00eda que ser\u00e1 fundamental para el concurso.<\/p>\n","protected":false},"author":3,"featured_media":0,"comment_status":"closed","ping_status":"open","sticky":false,"template":"","format":"standard","meta":{"footnotes":""},"categories":[1],"tags":[],"class_list":["post-1249","post","type-post","status-publish","format-standard","hentry","category-sin-categoria"],"_links":{"self":[{"href":"https:\/\/www.bienaldelchaco.org\/2024\/wp-json\/wp\/v2\/posts\/1249","targetHints":{"allow":["GET"]}}],"collection":[{"href":"https:\/\/www.bienaldelchaco.org\/2024\/wp-json\/wp\/v2\/posts"}],"about":[{"href":"https:\/\/www.bienaldelchaco.org\/2024\/wp-json\/wp\/v2\/types\/post"}],"author":[{"embeddable":true,"href":"https:\/\/www.bienaldelchaco.org\/2024\/wp-json\/wp\/v2\/users\/3"}],"replies":[{"embeddable":true,"href":"https:\/\/www.bienaldelchaco.org\/2024\/wp-json\/wp\/v2\/comments?post=1249"}],"version-history":[{"count":3,"href":"https:\/\/www.bienaldelchaco.org\/2024\/wp-json\/wp\/v2\/posts\/1249\/revisions"}],"predecessor-version":[{"id":1439,"href":"https:\/\/www.bienaldelchaco.org\/2024\/wp-json\/wp\/v2\/posts\/1249\/revisions\/1439"}],"wp:attachment":[{"href":"https:\/\/www.bienaldelchaco.org\/2024\/wp-json\/wp\/v2\/media?parent=1249"}],"wp:term":[{"taxonomy":"category","embeddable":true,"href":"https:\/\/www.bienaldelchaco.org\/2024\/wp-json\/wp\/v2\/categories?post=1249"},{"taxonomy":"post_tag","embeddable":true,"href":"https:\/\/www.bienaldelchaco.org\/2024\/wp-json\/wp\/v2\/tags?post=1249"}],"curies":[{"name":"wp","href":"https:\/\/api.w.org\/{rel}","templated":true}]}}