{"id":12558,"date":"2024-05-27T11:18:45","date_gmt":"2024-05-27T14:18:45","guid":{"rendered":"https:\/\/www.bienaldelchaco.org\/2024\/?p=12558"},"modified":"2024-05-27T11:25:18","modified_gmt":"2024-05-27T14:25:18","slug":"limpieza-del-rio-negro-de-cara-a-la-bienal-de-esculturas","status":"publish","type":"post","link":"https:\/\/www.bienaldelchaco.org\/2024\/limpieza-del-rio-negro-de-cara-a-la-bienal-de-esculturas\/","title":{"rendered":"Limpieza del R\u00edo Negro de cara a la Bienal de esculturas"},"content":{"rendered":"<p>Un gran trabajo de limpieza y dragado del R\u00edo Negro, est\u00e1 realizando la Administraci\u00f3n Provincial del Agua (APA) en un gran trabajo articulado entre dicho organismo y el Instituto del Deporte Chaque\u00f1o, el Instituto de Turismo, el club de Regatas y la Fundaci\u00f3n Urunday.<\/p>\n<p><!--more-->[vc_row css_animation=&#8221;&#8221; row_type=&#8221;row&#8221; use_row_as_full_screen_section=&#8221;no&#8221; type=&#8221;full_width&#8221; angled_section=&#8221;no&#8221; text_align=&#8221;left&#8221; background_image_as_pattern=&#8221;without_pattern&#8221;][vc_column][vc_column_text]\n<div class=\"textoNota\">\n<p>Los trabajos fueron supervisados por el presidente del APA, ingeniero\u00a0<strong>Jorge Pilar<\/strong>, y su equipo t\u00e9cnico integrado por los ingenieros\u00a0<strong>Guillermo M\u00e9ndez<\/strong>,\u00a0<strong>Andr\u00e9s Comisi\u00f3n<\/strong>,\u00a0<strong>Gonzalo Flores<\/strong>\u00a0e\u00a0<strong>Ignacio Rojo<\/strong>; los profesores\u00a0<strong>Fabio V\u00e1zquez<\/strong>\u00a0y\u00a0<strong>Gabriel Pellegrini<\/strong>, presidente y vice del IDCH, presidente y vice del Instituto de Turismo\u00a0<strong>Ver\u00f3nica Mazzaroli<\/strong>\u00a0y\u00a0<strong>Mart\u00edn Braillard Pocard<\/strong>,\u00a0<strong>Gustavo Carri\u00f3<\/strong>\u00a0coordinador deportivo del club de Regatas y\u00a0<strong>Jos\u00e9 Eidman<\/strong>\u00a0presidente de la Fundaci\u00f3n Urunday.<\/p>\n<p>&nbsp;<\/p>\n<\/div>\n<div class=\"responsive-video\">\n<div class=\"responsive-video\"><iframe loading=\"lazy\" src=\"https:\/\/www.google.com\/maps\/embed?pb=!1m18!1m12!1m3!1d3541.0530105972734!2d-58.98760542432217!3d-27.43645861529104!2m3!1f0!2f0!3f0!3m2!1i1024!2i768!4f13.1!3m3!1m2!1s0x94450c5cb689ad4b%3A0x20e7d3f06f9eeb2a!2sClub%20de%20Regatas%20Resistencia!5e0!3m2!1ses!2sar!4v1716648191413!5m2!1ses!2sar\" width=\"600\" height=\"450\" allowfullscreen=\"allowfullscreen\"><\/iframe><\/div>\n<div><\/div>\n<div>\n<div data-href=\"https:\/\/www.facebook.com\/apachaco\/posts\/pfbid033Yo2Nk7pzyGfFCbyndMiyqt1ur2j1Yx6GQyXQdG6RRUKVK4szjZFJB2J3XXfWQLBl\"><\/div>\n<div class=\"fb-post fb_iframe_widget\" data-href=\"https:\/\/www.facebook.com\/apachaco\/posts\/pfbid033Yo2Nk7pzyGfFCbyndMiyqt1ur2j1Yx6GQyXQdG6RRUKVK4szjZFJB2J3XXfWQLBl\"><iframe loading=\"lazy\" class=\"\" title=\"fb:post Facebook Social Plugin\" src=\"https:\/\/www.facebook.com\/v9.0\/plugins\/post.php?app_id=1407480502819401&amp;channel=https%3A%2F%2Fstaticxx.facebook.com%2Fx%2Fconnect%2Fxd_arbiter%2F%3Fversion%3D46%23cb%3Df989d77a1b8919b8d%26domain%3Dwww.novachaco.com%26is_canvas%3Dfalse%26origin%3Dhttps%253A%252F%252Fwww.novachaco.com%252Ff27d84f9d3f3eb990%26relation%3Dparent.parent&amp;container_width=750&amp;href=https%3A%2F%2Fwww.facebook.com%2Fapachaco%2Fposts%2Fpfbid033Yo2Nk7pzyGfFCbyndMiyqt1ur2j1Yx6GQyXQdG6RRUKVK4szjZFJB2J3XXfWQLBl&amp;locale=es_LA&amp;sdk=joey\" name=\"f24d82f24d2239395\" width=\"1000px\" height=\"800px\" frameborder=\"0\" scrolling=\"no\" allowfullscreen=\"allowfullscreen\" data-testid=\"fb:post Facebook Social Plugin\"><\/iframe><\/div>\n<\/div>\n<div class=\"textoNota2\">\n<p>&nbsp;<\/p>\n<p>El ingeniero Pilar, presidente del APA, manifest\u00f3: \u201cEstamos realizando un gran trabajo de limpieza, dragado y perfilado en nuestro r\u00edo Negro, m\u00e1s precisamente frente al club de Regatas, en una extensi\u00f3n de aproximadamente 30 kil\u00f3metros. Esta tarea est\u00e1 totalmente articulada entre varias \u00e1reas gubernamentales como Turismo, Deportes, club de Regatas y Fundaci\u00f3n Urunday, y est\u00e1 direccionada a la Bienal de Esculturas que se realizar\u00e1 en Resistencia en el mes de julio, donde queremos presentar de la mejor manera a nuestra ciudad y a nuestro r\u00edo\u201d.<\/p>\n<\/div>\n<\/div>\n[\/vc_column_text][vc_empty_space][\/vc_column][\/vc_row][vc_row css_animation=&#8221;&#8221; row_type=&#8221;row&#8221; use_row_as_full_screen_section=&#8221;no&#8221; type=&#8221;full_width&#8221; angled_section=&#8221;no&#8221; text_align=&#8221;left&#8221; background_image_as_pattern=&#8221;without_pattern&#8221;][vc_column][vc_empty_space][vc_gallery interval=&#8221;3&#8243; images=&#8221;12559,12561,12562&#8243; img_size=&#8221;full&#8221; onclick=&#8221;&#8221;][vc_empty_space][vc_column_text]Fuente:\u00a0 <a href=\"https:\/\/www.novachaco.com\/nota.asp?t=La-Administracion-Provincial-del-Agua-comenzo-la-limpieza-del-Rio-Negro-en-Resistencia&amp;id=362061&amp;id_tiponota=11\" target=\"_blank\" rel=\"noopener\">https:\/\/www.novachaco.com\/nota.asp?t=La-Administracion-Provincial-del-Agua-comenzo-la-limpieza-del-Rio-Negro-en-Resistencia&amp;id=362061&amp;id_tiponota=11<\/a><\/p>\n<p><a href=\"https:\/\/www.datachaco.com\/615500-de-cara-a-la-bienal-limpiaron-un-sector-del-rio-negro\" target=\"_blank\" rel=\"noopener\">https:\/\/www.datachaco.com\/615500-de-cara-a-la-bienal-limpiaron-un-sector-del-rio-negro<\/a><\/p>\n<p><a href=\"https:\/\/www.tn24.com.ar\/2024\/05\/de-cara-a-la-bienal-2024-se-llevan-adelante-trabajos-de-limpieza-en-el-rio-negro\/ \" target=\"_blank\" rel=\"noopener\">https:\/\/www.tn24.com.ar\/2024\/05\/de-cara-a-la-bienal-2024-se-llevan-adelante-trabajos-de-limpieza-en-el-rio-negro\/<br \/>\n<\/a><\/p>\n<p><a href=\"https:\/\/chaco.gov.ar\/noticia-limpieza-del-rio-negro-de-cara-a-la-bienal-de-esculturas-2024-05-24-23-02\" target=\"_blank\" rel=\"noopener\">https:\/\/chaco.gov.ar\/noticia-limpieza-del-rio-negro-de-cara-a-la-bienal-de-esculturas-2024-05-24-23-02<\/a><\/p>\n<p>https:\/\/barranquerasonline.com.ar\/limpieza-del-rio-negro-de-cara-a-la-bienal-de-esculturas\/[\/vc_column_text][vc_empty_space][\/vc_column][\/vc_row]\n","protected":false},"excerpt":{"rendered":"<p>Un gran trabajo de limpieza y dragado del R\u00edo Negro, est\u00e1 realizando la Administraci\u00f3n Provincial del Agua (APA) en un gran trabajo articulado entre dicho organismo y el Instituto del Deporte Chaque\u00f1o, el Instituto de Turismo, el club de Regatas y la Fundaci\u00f3n Urunday.<\/p>\n","protected":false},"author":3,"featured_media":12562,"comment_status":"closed","ping_status":"closed","sticky":false,"template":"","format":"standard","meta":{"footnotes":""},"categories":[6],"tags":[],"class_list":["post-12558","post","type-post","status-publish","format-standard","has-post-thumbnail","hentry","category-novedades"],"_links":{"self":[{"href":"https:\/\/www.bienaldelchaco.org\/2024\/wp-json\/wp\/v2\/posts\/12558","targetHints":{"allow":["GET"]}}],"collection":[{"href":"https:\/\/www.bienaldelchaco.org\/2024\/wp-json\/wp\/v2\/posts"}],"about":[{"href":"https:\/\/www.bienaldelchaco.org\/2024\/wp-json\/wp\/v2\/types\/post"}],"author":[{"embeddable":true,"href":"https:\/\/www.bienaldelchaco.org\/2024\/wp-json\/wp\/v2\/users\/3"}],"replies":[{"embeddable":true,"href":"https:\/\/www.bienaldelchaco.org\/2024\/wp-json\/wp\/v2\/comments?post=12558"}],"version-history":[{"count":3,"href":"https:\/\/www.bienaldelchaco.org\/2024\/wp-json\/wp\/v2\/posts\/12558\/revisions"}],"predecessor-version":[{"id":12565,"href":"https:\/\/www.bienaldelchaco.org\/2024\/wp-json\/wp\/v2\/posts\/12558\/revisions\/12565"}],"wp:featuredmedia":[{"embeddable":true,"href":"https:\/\/www.bienaldelchaco.org\/2024\/wp-json\/wp\/v2\/media\/12562"}],"wp:attachment":[{"href":"https:\/\/www.bienaldelchaco.org\/2024\/wp-json\/wp\/v2\/media?parent=12558"}],"wp:term":[{"taxonomy":"category","embeddable":true,"href":"https:\/\/www.bienaldelchaco.org\/2024\/wp-json\/wp\/v2\/categories?post=12558"},{"taxonomy":"post_tag","embeddable":true,"href":"https:\/\/www.bienaldelchaco.org\/2024\/wp-json\/wp\/v2\/tags?post=12558"}],"curies":[{"name":"wp","href":"https:\/\/api.w.org\/{rel}","templated":true}]}}