{"id":12917,"date":"2024-06-12T19:39:15","date_gmt":"2024-06-12T22:39:15","guid":{"rendered":"https:\/\/www.bienaldelchaco.org\/2024\/?p=12917"},"modified":"2024-06-12T19:39:15","modified_gmt":"2024-06-12T22:39:15","slug":"eidman-la-bienal-es-una-conexion-muy-potente-de-arte-y-naturaleza","status":"publish","type":"post","link":"https:\/\/www.bienaldelchaco.org\/2024\/eidman-la-bienal-es-una-conexion-muy-potente-de-arte-y-naturaleza\/","title":{"rendered":"Eidman: \u00abLa Bienal es una conexi\u00f3n muy potente, de arte y naturaleza\u00bb"},"content":{"rendered":"<p class=\"td-subTitle\">El presidente de la Fundaci\u00f3n Urunday, Jos\u00e9 Eidman, entrevistado por LA VOZ DEL CHACO, destac\u00f3 c\u00f3mo la Bienal ha influido significativamente en la identidad cultural de Resistencia, transformando la ciudad en un museo a cielo abierto con m\u00e1s de 650 esculturas.<\/p>\n<p><!--more-->[vc_row css_animation=&#8221;&#8221; row_type=&#8221;row&#8221; use_row_as_full_screen_section=&#8221;no&#8221; type=&#8221;full_width&#8221; angled_section=&#8221;no&#8221; text_align=&#8221;left&#8221; background_image_as_pattern=&#8221;without_pattern&#8221;][vc_column][vc_column_text]Remarc\u00f3 que con el tiempo ha evolucionado para convertirse en una importante industria cultural que genera empleo, riqueza y un impacto tur\u00edstico significativo, y homenaje\u00f3 el legado de Fabriciano G\u00f3mez, su fundador.<\/p>\n<p>-\u00bfQu\u00e9 impacto cultural espec\u00edfico busca esta nueva edici\u00f3n de la Bienal Internacional de Escultura?<br \/>\n-Es verdad que cada edici\u00f3n de la Bienal es distinta, tiene sus propios rasgos. Sin embargo, la b\u00fasqueda no cambia y sigue siendo, como en sus inicios, promover la cultura mediante la disciplina escult\u00f3rica e instalar los concursos de escultura al aire libre como espacio de intercambio sociocultural entre el artista y los distintos pueblos de nuestro pa\u00eds y del mundo.<br \/>\n-\u00bfQu\u00e9 reflexi\u00f3n podr\u00eda expresar sobre la influencia de la Bienal en la identidad cultural de la regi\u00f3n?<br \/>\n-Resistencia es actualmente la sede de una Bienal Internacional de Escultura considerada entre las m\u00e1s destacadas del mundo. Solo en los \u00faltimos 36 a\u00f1os, cinco centenares de artistas consagrados han pasado por la Bienal del Chaco y m\u00e1s de 650 esculturas habitan el espacio p\u00fablico de la ciudad, que se ha transformado en un extraordinario museo a cielo abierto.<br \/>\nLa identidad cultural es una construcci\u00f3n din\u00e1mica, y creo que la Bienal y este patrimonio escult\u00f3rico \u00fanico, que convive cotidianamente con una comunidad que valora y respeta el arte en el espacio p\u00fablico, forman parte de los rasgos destacados de la identidad cultural contempor\u00e1nea del Chaco y la regi\u00f3n.<br \/>\n-\u00bfQu\u00e9 beneficios considera abiertamente visibles?<br \/>\n-Haber construido un acontecimiento respetado y reconocido en la escena escult\u00f3rica internacional es motivo de enorme orgullo. 36 a\u00f1os pasaron desde aquel primer concurso de escultura al aire libre en la plaza central de la ciudad, que hoy, en su formato bienal, est\u00e1 catalogada entre las m\u00e1s importantes del mundo, entre las mayores experiencias de arte p\u00fablico de Hispanoam\u00e9rica.<br \/>\nEs una conexi\u00f3n muy potente, de la gente, del arte y la naturaleza. Pero tambi\u00e9n es una enorme industria cultural que genera empleo y riqueza.<\/p>\n<p>&nbsp;<\/p>\n<p><strong>\u00abLa Bienal es una gesta plural\u00bb<\/strong><\/p>\n<p>-\u00bfDe qu\u00e9 manera la Bienal contribuye a la cohesi\u00f3n de la pol\u00edtica cultural en la regi\u00f3n?<br \/>\n-La Bienal del Chaco re\u00fane casi todas las disciplinas art\u00edsticas en un programa de actividades que en cada nueva edici\u00f3n se ensancha y se desarrolla en forma articulada entre diferentes actores e instituciones del \u00e1mbito p\u00fablico y privado, nacional e internacional; una suerte de gesta plural en la que cada uno, en sus diferentes roles, pone su mejor interpretaci\u00f3n.<br \/>\n-\u00bfQu\u00e9 cambios significativos ha experimentado la Bienal a lo largo de los a\u00f1os?<br \/>\n-Desde aquel primer Concurso de Escultura en madera hecho a pulm\u00f3n hasta la actual Bienal Internacional fueron muchos los cambios significativos.<br \/>\nDe nacionales pasaron a ser americanos y finalmente internacionales. Desde el primer concurso el acompa\u00f1amiento de la comunidad fue espont\u00e1neo, masivo y protag\u00f3nico.<br \/>\nEn cada nueva edici\u00f3n se fueron sumando otras disciplinas art\u00edsticas y manifestaciones culturales, mientras que se vuelve cada vez mayor la presencia de visitantes de otras provincias y de otros pa\u00edses hasta consolidarse hoy como la mayor experiencia de arte p\u00fablico del pa\u00eds y de Hispanoam\u00e9rica: un encuentro que re\u00fane m\u00faltiples y diversas disciplinas art\u00edsticas y expresiones culturales en un predio de 10 hect\u00e1reas ubicado junto al r\u00edo, un acontecimiento que convoca a m\u00e1s de medio mill\u00f3n de visitantes y tiene un alcance en redes sociales que supera los 23 millones de personas en distintos pa\u00edses.<br \/>\n-\u00bfC\u00f3mo eval\u00faa la evoluci\u00f3n de la percepci\u00f3n p\u00fablica y cr\u00edtica sobre la Bienal?<br \/>\n-Los procesos de organizaci\u00f3n de la Bienal del Chaco est\u00e1n certificados desde el 2014 con normas de calidad internacional (Iram Iso 9001:2015) y al finalizar cada edici\u00f3n se realiza la medici\u00f3n de impacto que involucra impacto ambiental, impacto socioecon\u00f3mico y la medici\u00f3n de satisfacci\u00f3n de los diferentes p\u00fablicos de inter\u00e9s (artistas participantes, visitantes, expositores, entre otros grupos).<br \/>\nEstos informes son utilizados como insumo principal en el proceso de mejora continua exigido por la norma. En t\u00e9rminos de satisfacci\u00f3n promedio, la \u00faltima edici\u00f3n nos coloca por encima de 80%. Creo que en general la percepci\u00f3n sobre la Bienal es positiva y que los reconocimientos a lo largo de su historia lo validan, ya que fue declarada de inter\u00e9s tur\u00edstico y reconocida con la licencia Marca Pa\u00eds Argentina por el Ministerio de Turismo de la Naci\u00f3n.<br \/>\nDeclarada de inter\u00e9s cultural por la Organizaci\u00f3n de los Estados Americanos, la Secretar\u00eda General de la Presidencia de la Naci\u00f3n, el Ministerio de Cultura, el Senado, el Ministerio de Relaciones Exteriores y Culto, la C\u00e1mara de Diputados de la Naci\u00f3n y por la C\u00e1mara de Diputados del Chaco.<br \/>\nReconocida por la Asociaci\u00f3n Argentina de Marketing con el gran premio Mercurio y por el Rotary Club de Buenos Aires con el premio Sol de Plata.<br \/>\nDistinguida por su alto inter\u00e9s art\u00edstico y cultural con el auspicio de la Academia Nacional de Bellas Artes y el Fondo Nacional de las Artes. Reconocida por la Asociaci\u00f3n Argentina de Cr\u00edticos de Arte con el premio Alfredo Roland a la trayectoria cultural y por la Fundaci\u00f3n Konex con el premio Konex a las artes visuales argentinas. Desde 1997 cuenta con el auspicio permanente de la Unesco.<\/p>\n<p>&nbsp;<\/p>\n<p><strong>\u00abFabriciano siempre pensaba en su pueblo\u00bb<\/strong><\/p>\n<p>-\u00bfC\u00f3mo describir\u00eda el impacto de la obra y el pensamiento de Fabriciano G\u00f3mez para el desarrollo de las artes en la regi\u00f3n?<br \/>\n-Fabriciano ha sido el gran gestor del arte p\u00fablico en Resistencia, que junto con la Fundaci\u00f3n Urunday, a trav\u00e9s de las bienales, sum\u00f3 m\u00e1s de 500 esculturas al espacio urbano. Y que tambi\u00e9n hizo de la escultura \u00abfiesta e identidad\u00bb.<br \/>\nFabriciano siempre pensaba en su pueblo, su lugar\u2026 Siempre estaba pensando en \u00abqu\u00e9 traer\u00bb al Chaco; y un ejemplo de esa voluntad persistente es f\u00e1cil de ver si dimensionamos a cu\u00e1ntos escultores del mundo hizo conocer Resistencia a lo largo de tres d\u00e9cadas de concursos.<br \/>\nHizo de Resistencia una suerte de capital de los escultores del mundo; hizo famosa y respetada a esta ciudad en el escenario internacional del arte y la escultura.<\/p>\n<p>&nbsp;<\/p>\n<p><strong>\u00abUna plataforma poderosa para las artes\u00bb<\/strong><\/p>\n<p>-\u00bfQu\u00e9 importancia tiene la Bienal en la formaci\u00f3n y crecimiento de nuevos talentos en el arte contempor\u00e1neo?<br \/>\n-Otra de las virtudes de esta Bienal es la de reunir en un mismo escenario, un escenario que tiene como techo el cielo, artistas consagrados del pa\u00eds y del mundo con artistas emergentes de las distintas disciplinas: grandes maestros de la escultura mundial contempor\u00e1nea compartiendo sus saberes con los estudiantes de Arte de las distintas provincias argentinas.<br \/>\nM\u00fasicos consagrados compartiendo escenarios y actividades formativas con nuestros j\u00f3venes m\u00fasicos de la regi\u00f3n. Referentes acad\u00e9micos compartiendo sus experiencias y conocimientos con los estudiantes en los congresos de arte y dem\u00e1s actividades del ciclo formativo que se desarrolla durante la Bienal. La Bienal promueve un espacio para el encuentro de las artes, el intercambio y el enriquecimiento de los artistas y sus participantes.<br \/>\n-\u00bfQu\u00e9 tendencias del arte contempor\u00e1neo considera dignas de mayor apertura en la Bienal?<br \/>\n-Para nosotros la escultura siempre est\u00e1 y va a estar en el centro de la escena. Es esencial en esta Bienal. Casi todas las disciplinas est\u00e1n hoy presentes en la Bienal, aunque creo que la pintura es una de las disciplinas tradicionales que tiene terreno por ganar a\u00fan.<br \/>\nSin embargo, son las nuevas expresiones, las producciones que involucran las nuevas tecnolog\u00edas las que recrean y redefinen los g\u00e9neros y lenguajes art\u00edsticos. Esta debe ser una nueva dimensi\u00f3n de la Bienal, que se manifiesta con las producciones de diversos artistas locales e internacionales, docentes y alumnos, en donde se fusionan diferentes disciplinas tradicionales.<br \/>\n-\u00bfQu\u00e9 rol juega la Bienal en la conexi\u00f3n y colaboraci\u00f3n entre artistas en el \u00e1mbito del arte contempor\u00e1neo?<br \/>\n-Hoy podemos decir que la Bienal del Chaco evolucion\u00f3 transformando un certamen de escultura nacional en una poderosa plataforma colaborativa de desarrollo art\u00edstico y cultural, una plataforma sustentable que articula los esfuerzos privados y p\u00fablicos; locales y extranjeros; y genera impacto positivo econ\u00f3mico, educativo y social.[\/vc_column_text][vc_empty_space][\/vc_column][\/vc_row][vc_row css_animation=&#8221;&#8221; row_type=&#8221;row&#8221; use_row_as_full_screen_section=&#8221;no&#8221; type=&#8221;full_width&#8221; angled_section=&#8221;no&#8221; text_align=&#8221;left&#8221; background_image_as_pattern=&#8221;without_pattern&#8221;][vc_column][vc_empty_space][vc_column_text]Fuente:\u00a0 <a href=\"https:\/\/www.diariolavozdelchaco.com\/eidman-la-bienal-es-una-conexion-muy-potente-de-arte-y-naturaleza\/\" target=\"_blank\" rel=\"noopener\">https:\/\/www.diariolavozdelchaco.com\/eidman-la-bienal-es-una-conexion-muy-potente-de-arte-y-naturaleza\/<\/a>[\/vc_column_text][vc_empty_space][\/vc_column][\/vc_row]\n","protected":false},"excerpt":{"rendered":"<p>El presidente de la Fundaci\u00f3n Urunday, Jos\u00e9 Eidman, entrevistado por LA VOZ DEL CHACO, destac\u00f3 c\u00f3mo la Bienal ha influido significativamente en la identidad cultural de Resistencia, transformando la ciudad en un museo a cielo abierto con m\u00e1s de 650 esculturas.<\/p>\n","protected":false},"author":3,"featured_media":12918,"comment_status":"closed","ping_status":"closed","sticky":false,"template":"","format":"standard","meta":{"footnotes":""},"categories":[6],"tags":[],"class_list":["post-12917","post","type-post","status-publish","format-standard","has-post-thumbnail","hentry","category-novedades"],"_links":{"self":[{"href":"https:\/\/www.bienaldelchaco.org\/2024\/wp-json\/wp\/v2\/posts\/12917","targetHints":{"allow":["GET"]}}],"collection":[{"href":"https:\/\/www.bienaldelchaco.org\/2024\/wp-json\/wp\/v2\/posts"}],"about":[{"href":"https:\/\/www.bienaldelchaco.org\/2024\/wp-json\/wp\/v2\/types\/post"}],"author":[{"embeddable":true,"href":"https:\/\/www.bienaldelchaco.org\/2024\/wp-json\/wp\/v2\/users\/3"}],"replies":[{"embeddable":true,"href":"https:\/\/www.bienaldelchaco.org\/2024\/wp-json\/wp\/v2\/comments?post=12917"}],"version-history":[{"count":1,"href":"https:\/\/www.bienaldelchaco.org\/2024\/wp-json\/wp\/v2\/posts\/12917\/revisions"}],"predecessor-version":[{"id":12919,"href":"https:\/\/www.bienaldelchaco.org\/2024\/wp-json\/wp\/v2\/posts\/12917\/revisions\/12919"}],"wp:featuredmedia":[{"embeddable":true,"href":"https:\/\/www.bienaldelchaco.org\/2024\/wp-json\/wp\/v2\/media\/12918"}],"wp:attachment":[{"href":"https:\/\/www.bienaldelchaco.org\/2024\/wp-json\/wp\/v2\/media?parent=12917"}],"wp:term":[{"taxonomy":"category","embeddable":true,"href":"https:\/\/www.bienaldelchaco.org\/2024\/wp-json\/wp\/v2\/categories?post=12917"},{"taxonomy":"post_tag","embeddable":true,"href":"https:\/\/www.bienaldelchaco.org\/2024\/wp-json\/wp\/v2\/tags?post=12917"}],"curies":[{"name":"wp","href":"https:\/\/api.w.org\/{rel}","templated":true}]}}