{"id":13108,"date":"2024-06-18T09:44:26","date_gmt":"2024-06-18T12:44:26","guid":{"rendered":"https:\/\/www.bienaldelchaco.org\/2024\/?p=13108"},"modified":"2024-06-18T09:47:15","modified_gmt":"2024-06-18T12:47:15","slug":"losch-rosciani-trabajamos-para-que-la-bienal-2024-sea-recordada-por-la-diversidad-cultural","status":"publish","type":"post","link":"https:\/\/www.bienaldelchaco.org\/2024\/losch-rosciani-trabajamos-para-que-la-bienal-2024-sea-recordada-por-la-diversidad-cultural\/","title":{"rendered":"L\u00f6sch Rosciani: &#8220;Trabajamos para que la Bienal 2024 sea recordada por la diversidad cultural&#8221;"},"content":{"rendered":"<div class=\"vol-des\">\n<header class=\"with-person\">\n<div>\n<div>\n<p>Se cumplieron los primeros seis meses de la nueva gesti\u00f3n municipal encabezada por el intendente Roy Nikisch. Una de las \u00e1reas m\u00e1s importantes que tiene es la Secretaria de Cultura y Turismo que hoy est\u00e1 encabezada por B\u00e1rbara Losch Rosciani, una trabajadora municipal que sabe lo que Resistencia necesita para posicionar como una de las grandes capitales del pa\u00eds.<\/p>\n<\/div>\n<\/div>\n<\/header>\n<\/div>\n<p><!--more-->[vc_row css_animation=&#8221;&#8221; row_type=&#8221;row&#8221; use_row_as_full_screen_section=&#8221;no&#8221; type=&#8221;full_width&#8221; angled_section=&#8221;no&#8221; text_align=&#8221;left&#8221; background_image_as_pattern=&#8221;without_pattern&#8221;][vc_column][vc_column_text]\n<div class=\"row\">\n<div id=\"conte\" class=\"span6 base\">\n<p>Con el paso de las intendencias, de los distintos colores pol\u00edticos, parece ser que la cultura es una deuda pendiente. Fueron pocos los que se destacaron por el trabajo en conjunto con todos los sectores, apostando a lo local, visibilizando lo nuestro, lo resistenciano. Lo que hace a la identidad cultural y tambi\u00e9n tur\u00edstica de la capital chaque\u00f1a.<\/p>\n<p>A pocas semanas de que seamos epicentro de las miradas del mundo con la llegada de la Bienal, hablamos con la funcionaria para hacer un repaso de las actividades y pol\u00edticas que buscan implementar desde el Municipio.<\/p>\n<div class=\" large m_image\"><\/div>\n<h4><img loading=\"lazy\" decoding=\"async\" class=\"size-full wp-image-13115 aligncenter\" src=\"https:\/\/www.bienaldelchaco.org\/2024\/wp-content\/uploads\/2024\/06\/368176w790h526c.jpg.webp\" alt=\"\" width=\"790\" height=\"526\" srcset=\"https:\/\/www.bienaldelchaco.org\/2024\/wp-content\/uploads\/2024\/06\/368176w790h526c.jpg.webp 790w, https:\/\/www.bienaldelchaco.org\/2024\/wp-content\/uploads\/2024\/06\/368176w790h526c.jpg-300x200.webp 300w, https:\/\/www.bienaldelchaco.org\/2024\/wp-content\/uploads\/2024\/06\/368176w790h526c.jpg-768x511.webp 768w, https:\/\/www.bienaldelchaco.org\/2024\/wp-content\/uploads\/2024\/06\/368176w790h526c.jpg-391x260.webp 391w, https:\/\/www.bienaldelchaco.org\/2024\/wp-content\/uploads\/2024\/06\/368176w790h526c.jpg-700x466.webp 700w\" sizes=\"auto, (max-width: 790px) 100vw, 790px\" \/><\/h4>\n<\/div>\n<\/div>\n<h4><\/h4>\n<p>&nbsp;<\/p>\n<div class=\"row\">\n<div id=\"conte\" class=\"span6 base\">\n<p><strong>\u00bfC\u00f3mo se prepara Resistencia para la Bienal?<\/strong><\/p>\n<p>Con gran expectativa, est\u00e1 es la primera Bienal que nos toca como funcionarios y queremos ponerle toda nuestra impronta. Conocemos mucho la cultura y el turismo de Resistencia ya que vinimos trabajando muchos a\u00f1os en el \u00e1rea y hemos realizado distintas actividades pero desde el otro lado, siendo trabajadores municipales, hoy nos toca estar presentes en la organizaci\u00f3n conjunta con la Fundaci\u00f3n Urunday y todos los vecinos est\u00e1n expectante para ver qu\u00e9 vamos a hacer. Estamos llevando adelante acciones de gran impacto para que la Bienal 2024 sea recordada por la diversidad cultural, que el turismo sea conocido, la gastronom\u00eda se destaque y todos los resistencianos estemos orgullosos del trabajo realizado.<\/p>\n<\/div>\n<p>Por otro lado, estamos trabajando con todas las \u00e1reas de la Municipalidad, acondicionando el predio para recibir a m\u00e1s de 80 mil visitantes diarios, actividades para toda la familia. La cultura y el turismo de la ciudad es una f\u00e1brica sin chimenea, apostamos e inverti- mos para nuestros artistas emergentes en el escenario de la Agit\u00e1 la Bienal, un trabajo mancomunado con Fundaci\u00f3n Urunday y G5 Producciones de Paraguay para que los ganadores de estos concursos puedan tener la oportunidad de brillar en otras partes del mundo.<\/p>\n<div class=\"center medium m_image\">\n<figure><picture><source srcset=\"https:\/\/www.diarionorte.com\/content\/bucket\/4\/368174w380h272c.jpg.webp\" type=\"image\/webp\" media=\"(min-width: 640px)\" \/><source srcset=\"https:\/\/www.diarionorte.com\/content\/bucket\/4\/368174w440h315c.jpg.webp\" type=\"image\/webp\" media=\"(min-width: 300px)\" \/><source srcset=\"https:\/\/www.diarionorte.com\/content\/bucket\/4\/368174w380h272c.jpg\" media=\"(min-width: 300px)\" \/><\/picture><img loading=\"lazy\" decoding=\"async\" class=\"size-full wp-image-13113 aligncenter\" src=\"https:\/\/www.bienaldelchaco.org\/2024\/wp-content\/uploads\/2024\/06\/368174w380h272c.jpg.webp\" alt=\"\" width=\"380\" height=\"272\" srcset=\"https:\/\/www.bienaldelchaco.org\/2024\/wp-content\/uploads\/2024\/06\/368174w380h272c.jpg.webp 380w, https:\/\/www.bienaldelchaco.org\/2024\/wp-content\/uploads\/2024\/06\/368174w380h272c.jpg-300x215.webp 300w\" sizes=\"auto, (max-width: 380px) 100vw, 380px\" \/><\/figure>\n<\/div>\n<\/div>\n<h4><\/h4>\n<p>&nbsp;<\/p>\n<div class=\"row\">\n<p><strong>En seis meses de gesti\u00f3n se apost\u00f3 mucho al emprendedor local, a la cultura de Resistencia \u00bfes uno de las pol\u00edticas que buscan?<\/strong><\/p>\n<p>Si bien nuestro sector atiende a los prestadores tur\u00edsticos, a los gestores culturales, con la nueva impronta que tenemos desde la Secretar\u00eda de Cultura y Turismo &#8211; por iniciativa del intendente Nikisch \u2013 vamos a trabajar la parte del turismo gastron\u00f3mico, lo que conlleva articular acciones con el emprendedurismo local. A lo largo de estos meses se ha podido observar las diferentes acciones que venimos realizando con Cerveceros del Litoral, las dos asociaciones de food trucks, gastron\u00f3micos que tienen sus locales en la ciudad, empren- dedores de productos regionales, prestadores tur\u00edsticos de la ciudad y de las localidades vecinas.<\/p>\n<div class=\"center medium m_image\">\n<figure><picture><source srcset=\"https:\/\/www.diarionorte.com\/content\/bucket\/3\/368173w380h253c.jpg.webp\" type=\"image\/webp\" media=\"(min-width: 640px)\" \/><source srcset=\"https:\/\/www.diarionorte.com\/content\/bucket\/3\/368173w440h293c.jpg.webp\" type=\"image\/webp\" media=\"(min-width: 300px)\" \/><source srcset=\"https:\/\/www.diarionorte.com\/content\/bucket\/3\/368173w380h253c.jpg\" media=\"(min-width: 300px)\" \/><\/picture><img loading=\"lazy\" decoding=\"async\" class=\"size-full wp-image-13112 aligncenter\" src=\"https:\/\/www.bienaldelchaco.org\/2024\/wp-content\/uploads\/2024\/06\/368173w380h253c.jpg.webp\" alt=\"\" width=\"380\" height=\"253\" srcset=\"https:\/\/www.bienaldelchaco.org\/2024\/wp-content\/uploads\/2024\/06\/368173w380h253c.jpg.webp 380w, https:\/\/www.bienaldelchaco.org\/2024\/wp-content\/uploads\/2024\/06\/368173w380h253c.jpg-300x200.webp 300w\" sizes=\"auto, (max-width: 380px) 100vw, 380px\" \/><\/figure>\n<\/div>\n<p>&nbsp;<\/p>\n<p>Estamos haciendo una gran labor para que el emprendedurismo est\u00e9 en el foco de la atenci\u00f3n del ciudadano y que se conozca que no es necesario salir de Resistencia para saber que aqu\u00ed mismo tenemos, por ejemplo, m\u00e1s de 27 productores de alfajores, miel, dulce de leche artesanal, y muchos otros que han crecido gracias al acompa\u00f1amiento del Municipio y de la provincia, del trabajo mancomunado. En la situaci\u00f3n en la que vivimos actualmente ya nadie sale adelante solo sino que a trav\u00e9s de un trabajo asociado con los di- ferentes sectores.<\/p>\n<p>&nbsp;<\/p>\n<p><strong>La cultura siempre fue importante \u00bfCu\u00e1nto se le dedica del presupuesto municipal?\u00a0<\/strong><\/p>\n<div class=\"center medium m_image\">\n<figure><picture><source srcset=\"https:\/\/www.diarionorte.com\/content\/bucket\/7\/368177w380h380c.jpg.webp\" type=\"image\/webp\" media=\"(min-width: 640px)\" \/><source srcset=\"https:\/\/www.diarionorte.com\/content\/bucket\/7\/368177w440h440c.jpg.webp\" type=\"image\/webp\" media=\"(min-width: 300px)\" \/><source srcset=\"https:\/\/www.diarionorte.com\/content\/bucket\/7\/368177w380h380c.jpg\" media=\"(min-width: 300px)\" \/><\/picture><img loading=\"lazy\" decoding=\"async\" class=\"size-full wp-image-13111 aligncenter\" src=\"https:\/\/www.bienaldelchaco.org\/2024\/wp-content\/uploads\/2024\/06\/368177w380h380c.jpg.webp\" alt=\"\" width=\"380\" height=\"380\" srcset=\"https:\/\/www.bienaldelchaco.org\/2024\/wp-content\/uploads\/2024\/06\/368177w380h380c.jpg.webp 380w, https:\/\/www.bienaldelchaco.org\/2024\/wp-content\/uploads\/2024\/06\/368177w380h380c.jpg-300x300.webp 300w, https:\/\/www.bienaldelchaco.org\/2024\/wp-content\/uploads\/2024\/06\/368177w380h380c.jpg-150x150.webp 150w\" sizes=\"auto, (max-width: 380px) 100vw, 380px\" \/><\/figure>\n<\/div>\n<p>&nbsp;<\/p>\n<p>Nuestro presupuesto, a diferencia del pre- supuesto de las \u00e1reas de Cultura y Turismo provincial, es \u00fanico, un solo presupuesto Municipal para todo; en ese contexto, desde la Secretaria de Cultura y Turismo trabajamos de manera ordenada y responsable con Econom\u00eda para poder llevar adelante cada una de las actividades mediante presupuestos y planificaciones, siempre con el acompa\u00f1amiento del intendente que apoya y acompa\u00f1a la labor que realizamos siempre de manera austera y responsable. Siempre sentimos y destacamos la mirada especial del intendente para nuestra gesti\u00f3n porque coincidimos que nosotros que la ciudad de Resistencia debe volver a brillar y ser distinguida por la cultura y turismo local, como lo fue en su momento.<\/p>\n<p>&nbsp;<\/p>\n<p><strong>\u00bfBuscan ser una gesti\u00f3n de puertas abiertas?<\/strong><\/p>\n<p>Nosotros consideramos que somos una gesti\u00f3n de puertas abiertas, desde el d\u00eda uno que asumimos abordamos la gesti\u00f3n con la responsabilidad de atender y escuchar a todos los sectores culturales y tur\u00edsticos de la ciudad, trabajar con todos, atendiendo las propuestas y proyectos de todos.<\/p>\n<p>&nbsp;<\/p>\n<p><strong>\u00bfCu\u00e1les son las pautas que les pide el intendente Nikisch?<\/strong><\/p>\n<p>Las pautas fueron planteadas al inicio de la gesti\u00f3n, es devolver a los resistencianos la identidad cultural y tur\u00edstica que nunca debi\u00f3 perderse, queremos ser la gesti\u00f3n que vuelva a encender el faro de la cultura y el turismo en Resistencia, con todo lo que ello implica, apostando a la creatividad y a la innovaci\u00f3n en los diferentes desaf\u00edos que nos proponemos diariamente, sin olvidarnos de nuestra historia, costumbres y tradiciones, donde tratamos de transmitir el motivo de por qu\u00e9 es tan emblem\u00e1tica. Nuestra ciudad nace de personas laboriosas, resilientes, somos naturaleza, somos gastronom\u00eda e identidad en toda la regi\u00f3n, uniendo nuestra historia con Corrientes, Formosa, Misiones que nos unen para marcar al Norte argentino como un nuevo polo tur\u00edstico, cultural y gastron\u00f3mico<\/p>\n<p>&nbsp;<\/p>\n<p><strong>\u00bfCu\u00e1les son las actividades que distinguen a Resistencia?<\/strong><\/p>\n<p>Nos distingue la riqueza cultural, gastron\u00f3mica y tur\u00edstica, nos distingue nuestro pueblo y nosotros trabajamos para generar espacios de recreaci\u00f3n para todos, las familias, los j\u00f3venes, los adultos y los ni\u00f1os. En toda la ciudad propiciamos cultura, turismo y naturaleza, contamos con programas como el &#8220;Subite a la Bici&#8221; y &#8220;Valijita Viajera&#8221; que recorren la ciudad dando a conocer todo lo que Resistencia ofrece. Los programas que ahora forman parte de la Subsecretar\u00eda de Turismo se destacan por la calidad y la creatividad a la hora de atraer vecinos. La Subsecretar\u00eda de Cultura congrega todas las acciones culturales de la ciudad, en nuestras alt\u00edsimas y distinguida Escuelas Municipales de Artes, Huellas Argentinas y de Danzas Cl\u00e1sicas e Internaciones, como tambi\u00e9n dicha Secretaria interviene art\u00edsticamente en actividades que se realizan siempre en nuestra casa que es el Paseo Costanero del Parque 2 de Febrero o en cada barrio, cada centro cultural, espacio art\u00edstico o plaza.<\/p>\n<div class=\" large m_image\"><\/div>\n<p><img loading=\"lazy\" decoding=\"async\" class=\"size-full wp-image-13110 aligncenter\" src=\"https:\/\/www.bienaldelchaco.org\/2024\/wp-content\/uploads\/2024\/06\/368179w790h527c.jpg.webp\" alt=\"\" width=\"790\" height=\"527\" srcset=\"https:\/\/www.bienaldelchaco.org\/2024\/wp-content\/uploads\/2024\/06\/368179w790h527c.jpg.webp 790w, https:\/\/www.bienaldelchaco.org\/2024\/wp-content\/uploads\/2024\/06\/368179w790h527c.jpg-300x200.webp 300w, https:\/\/www.bienaldelchaco.org\/2024\/wp-content\/uploads\/2024\/06\/368179w790h527c.jpg-768x512.webp 768w, https:\/\/www.bienaldelchaco.org\/2024\/wp-content\/uploads\/2024\/06\/368179w790h527c.jpg-391x260.webp 391w, https:\/\/www.bienaldelchaco.org\/2024\/wp-content\/uploads\/2024\/06\/368179w790h527c.jpg-700x467.webp 700w\" sizes=\"auto, (max-width: 790px) 100vw, 790px\" \/><\/p>\n<p>&nbsp;<\/p>\n<p>La Secretaria de Cultura y Turismo est\u00e1 conformada hoy por tres personas (L\u00f6sch Rosciani como secretaria, Luz Gross en Turismo y Alejandro Buffa en Cultura) que amamos Resistencia y revalorizamos a nuestra ciudad para que el Chaco, Argentina y el mundo posicionen sus ojos aqu\u00ed.<\/p>\n<p>&nbsp;<\/p>\n<p><strong>\u00bfC\u00f3mo quer\u00e9s que sea recordada tu paso por la gesti\u00f3n cultural capitalina?<\/strong><\/p>\n<p>Nosotros somos un equipo con los subsecretarios y las direcciones, somos todos un recurso humano invaluable en el Municipio, donde tenemos artistas de primera categor\u00eda, gestores culturales y tur\u00edsticos que hacen que el municipio haya crecido much\u00edsimo, nos consideramos indispensables porque trabajamos con todas las \u00e1reas de la Municipalidad, pero nos abocamos a la recreaci\u00f3n, al esparcimiento y al disfrute de cada una de las familias resistencianas. Nos reinventamos siempre para seguir estando presentes haciendo del bienestar y del conocimiento de la historia de nuestro pueblo un eslab\u00f3n fundamental en el crecimiento de Resistencia permanentemente.<\/p>\n<div class=\" large m_image\"><\/div>\n<p><img loading=\"lazy\" decoding=\"async\" class=\"size-full wp-image-13109 aligncenter\" src=\"https:\/\/www.bienaldelchaco.org\/2024\/wp-content\/uploads\/2024\/06\/368175w790h528c.jpg.webp\" alt=\"\" width=\"790\" height=\"528\" srcset=\"https:\/\/www.bienaldelchaco.org\/2024\/wp-content\/uploads\/2024\/06\/368175w790h528c.jpg.webp 790w, https:\/\/www.bienaldelchaco.org\/2024\/wp-content\/uploads\/2024\/06\/368175w790h528c.jpg-300x201.webp 300w, https:\/\/www.bienaldelchaco.org\/2024\/wp-content\/uploads\/2024\/06\/368175w790h528c.jpg-768x513.webp 768w, https:\/\/www.bienaldelchaco.org\/2024\/wp-content\/uploads\/2024\/06\/368175w790h528c.jpg-391x260.webp 391w, https:\/\/www.bienaldelchaco.org\/2024\/wp-content\/uploads\/2024\/06\/368175w790h528c.jpg-700x468.webp 700w\" sizes=\"auto, (max-width: 790px) 100vw, 790px\" \/><\/p>\n<p>&nbsp;<\/p>\n<p>Queremos no solo ciudadanos comprometidos con la limpieza, la iluminaci\u00f3n, el tr\u00e1nsito, sino que los vecinos conozcan su historia, su identidad y defiendan a Resistencia. Nos vamos a sentir orgullosos de saber que nuestro paso por la gesti\u00f3n permiti\u00f3 que los vecinos dejen de decir que en &#8220;Resistencia no hay nada para hacer&#8221;, ese es nuestro desaf\u00edo y nuestro esfuerzo diario. En lo personal quiero ser recordada como la trabajadora municipal que supo aprovechar la gesti\u00f3n para revalorizar al trabajador, gestor cultural tur\u00edstico del Municipio y de la ciudad de Resistencia.<\/p>\n<p>&nbsp;<\/p>\n<p><strong>\u00bfC\u00f3mo encontraste el \u00e1rea de Cultura cuando entraste?<\/strong><\/p>\n<p>Como dije, la gesti\u00f3n de Roy Nikicsh nos dio el rango de Secretar\u00eda, unificando Cultura y Turismo; anteriormente exist\u00edan la Subsecretar\u00eda de Cultura y la Subsecretar\u00eda de Turismo de manera diferenciada y lamentablemente nos toca decir que ambos lugares, pero principalmente los trabajadores, estaban olvidados, el desinter\u00e9s por su trabajo y el importante rol que podr\u00edan cumplir era total. Desde nuestra llegada decidimos cambiar eso, trabajamos por y para Resistencia valorando lo que hace cada trabajador de Cultura y de Turismo, enalteciendo su rol, queremos desmostrarles que la desidia, el desmantelamiento y el olvido han quedado atr\u00e1s. Hoy somos un gran equipo que apostamos a no vivir m\u00e1s etapas oscuras que desintegran la cultura resistenciana, que tiene much\u00edsimo para dar y lo estamos demostrando.<\/p>\n<\/div>\n[\/vc_column_text][vc_empty_space][\/vc_column][\/vc_row][vc_row css_animation=&#8221;&#8221; row_type=&#8221;row&#8221; use_row_as_full_screen_section=&#8221;no&#8221; type=&#8221;full_width&#8221; angled_section=&#8221;no&#8221; text_align=&#8221;left&#8221; background_image_as_pattern=&#8221;without_pattern&#8221;][vc_column][vc_empty_space][vc_column_text]Fuente:\u00a0 <a href=\"https:\/\/www.diarionorte.com\/266551-losch-rosciani-trabajamos-para-que-la-bienal-2024-sea-recordada-por-la-diversidad-cultural\" target=\"_blank\" rel=\"noopener\">https:\/\/www.diarionorte.com\/266551-losch-rosciani-trabajamos-para-que-la-bienal-2024-sea-recordada-por-la-diversidad-cultural<\/a>[\/vc_column_text][vc_empty_space][\/vc_column][\/vc_row]\n","protected":false},"excerpt":{"rendered":"<p>Se cumplieron los primeros seis meses de la nueva gesti\u00f3n municipal encabezada por el intendente Roy Nikisch. Una de las \u00e1reas m\u00e1s importantes que tiene es la Secretaria de Cultura y Turismo que hoy est\u00e1 encabezada por B\u00e1rbara Losch Rosciani, una trabajadora municipal que sabe&#8230;<\/p>\n","protected":false},"author":3,"featured_media":13114,"comment_status":"closed","ping_status":"closed","sticky":false,"template":"","format":"standard","meta":{"footnotes":""},"categories":[6],"tags":[],"class_list":["post-13108","post","type-post","status-publish","format-standard","has-post-thumbnail","hentry","category-novedades"],"_links":{"self":[{"href":"https:\/\/www.bienaldelchaco.org\/2024\/wp-json\/wp\/v2\/posts\/13108","targetHints":{"allow":["GET"]}}],"collection":[{"href":"https:\/\/www.bienaldelchaco.org\/2024\/wp-json\/wp\/v2\/posts"}],"about":[{"href":"https:\/\/www.bienaldelchaco.org\/2024\/wp-json\/wp\/v2\/types\/post"}],"author":[{"embeddable":true,"href":"https:\/\/www.bienaldelchaco.org\/2024\/wp-json\/wp\/v2\/users\/3"}],"replies":[{"embeddable":true,"href":"https:\/\/www.bienaldelchaco.org\/2024\/wp-json\/wp\/v2\/comments?post=13108"}],"version-history":[{"count":3,"href":"https:\/\/www.bienaldelchaco.org\/2024\/wp-json\/wp\/v2\/posts\/13108\/revisions"}],"predecessor-version":[{"id":13118,"href":"https:\/\/www.bienaldelchaco.org\/2024\/wp-json\/wp\/v2\/posts\/13108\/revisions\/13118"}],"wp:featuredmedia":[{"embeddable":true,"href":"https:\/\/www.bienaldelchaco.org\/2024\/wp-json\/wp\/v2\/media\/13114"}],"wp:attachment":[{"href":"https:\/\/www.bienaldelchaco.org\/2024\/wp-json\/wp\/v2\/media?parent=13108"}],"wp:term":[{"taxonomy":"category","embeddable":true,"href":"https:\/\/www.bienaldelchaco.org\/2024\/wp-json\/wp\/v2\/categories?post=13108"},{"taxonomy":"post_tag","embeddable":true,"href":"https:\/\/www.bienaldelchaco.org\/2024\/wp-json\/wp\/v2\/tags?post=13108"}],"curies":[{"name":"wp","href":"https:\/\/api.w.org\/{rel}","templated":true}]}}