{"id":13132,"date":"2024-06-23T08:29:32","date_gmt":"2024-06-23T11:29:32","guid":{"rendered":"https:\/\/www.bienaldelchaco.org\/2024\/?p=13132"},"modified":"2024-06-24T08:29:42","modified_gmt":"2024-06-24T11:29:42","slug":"con-la-presencia-del-gobernador-leandro-zdero-las-miradas-puestas-en-el-chaco-se-presenta-la-bienal-en-buenos-aires","status":"publish","type":"post","link":"https:\/\/www.bienaldelchaco.org\/2024\/con-la-presencia-del-gobernador-leandro-zdero-las-miradas-puestas-en-el-chaco-se-presenta-la-bienal-en-buenos-aires\/","title":{"rendered":"Con la presencia del gobernador Leandro Zdero &#8211; Las miradas puestas en el Chaco: se presenta la Bienal en Buenos Aires"},"content":{"rendered":"<div class=\"vol-des\">\n<header class=\"with-person\">\n<div class=\"sub-title\">\n<header>\n<div>\n<div>\n<p>El lunes se llevar\u00e1 adelante el lanzamiento de la Bienal 2024 en la Casa del Chaco, para que toda la Argentina conozca este gran evento.<\/p>\n<\/div>\n<\/div>\n<\/header>\n<\/div>\n<\/header>\n<\/div>\n<p><!--more-->[vc_row css_animation=&#8221;&#8221; row_type=&#8221;row&#8221; use_row_as_full_screen_section=&#8221;no&#8221; type=&#8221;full_width&#8221; angled_section=&#8221;no&#8221; text_align=&#8221;left&#8221; background_image_as_pattern=&#8221;without_pattern&#8221;][vc_column][vc_column_text]\n<div class=\"row\">\n<div id=\"conte\" class=\"span6 base\">\n<p>La Casa del Chaco en Buenos Aires es el lugar elegido para presentar la Bienal Internacional de Esculturas, que se desarrollar\u00e1 en Resistencia del 13 al 21 de julio. Un evento cultural que mueve miles de personas, que valoriza a la identidad de la capital chaque\u00f1a y donde se re\u00fanen los mejores escultores de todo el mundo.<\/p>\n<div class=\" large m_image\">\n<figure><picture><source srcset=\"https:\/\/www.diarionorte.com\/content\/bucket\/8\/368888w790h526c.jpg.webp\" type=\"image\/webp\" media=\"(min-width: 640px)\" \/><source srcset=\"https:\/\/www.diarionorte.com\/content\/bucket\/8\/368888w440h293c.jpg.webp\" type=\"image\/webp\" media=\"(min-width: 300px)\" \/><source srcset=\"https:\/\/www.diarionorte.com\/content\/bucket\/8\/368888w790h526c.jpg\" media=\"(min-width: 300px)\" \/><\/picture><\/figure>\n<p>La Bienal del Chaco 2024 comenzar\u00e1 el pr\u00f3ximo 13 de julio y tendr\u00e1 una duraci\u00f3n de siete d\u00edas. M\u00e1s de 450 artistas, tanto nacionales como internacionales, participar\u00e1n en el evento junto con la presencia de 630 expositores, entre emprendedores, empresas e instituciones.<\/p>\n<p>Se espera la presencia de m\u00e1s de 800.000 visitantes durante esa semana, reeditando as\u00ed uno de los movimientos culturales m\u00e1s importante de la regi\u00f3n y del pa\u00eds. Hay que recordar, adem\u00e1s, que se trata de un concurso internacional, en el que participar\u00e1n 10 escultores de distintas partes del mundo de acuerdo con un reglamento establecido por el Comit\u00e9 Organizador.<\/p>\n<p>Durante esta edici\u00f3n, los materiales que se entregar\u00e1n a los artistas ser\u00e1n dos unidades de chapa lisa laminada en fr\u00edo, as\u00ed como tambi\u00e9n accesorios que se considere imprescindible para cada obra, como una barra de hierro liso, bisagras, pernos, bujes, bulones y dise\u00f1os a considerar. Adem\u00e1s, el escultor deber\u00e1 traer sus propias herramientas, que podr\u00e1n ser de uso compartido.<\/p>\n<p>Cada uno de los participantes recibir\u00e1 USD 5000, y habr\u00e1 Primer Premio (Medalla de Oro), Segundo Premio (Plata), Tercer Premio (Bronce), Premio de los Escultores &#8220;Efra\u00edn Boglietti&#8221;, Premio del P\u00fablico &#8220;Juan Alberto Garc\u00eda&#8221; y Premio de los Ni\u00f1os &#8220;Reinaldo Mart\u00ednez&#8221;.<\/p>\n<p>En necesario recordar que todas las obras resultantes de la Bienal ser\u00e1n expuestas durante el t\u00e9rmino de 60 d\u00edas, para ser luego emplazadas en distintas zonas de Resistencia, incorpor\u00e1ndose como Patrimonio Cultural Art\u00edstico de la ciudad.<\/p>\n<\/div>\n<\/div>\n<\/div>\n[\/vc_column_text][vc_empty_space][\/vc_column][\/vc_row][vc_row css_animation=&#8221;&#8221; row_type=&#8221;row&#8221; use_row_as_full_screen_section=&#8221;no&#8221; type=&#8221;full_width&#8221; angled_section=&#8221;no&#8221; text_align=&#8221;left&#8221; background_image_as_pattern=&#8221;without_pattern&#8221;][vc_column][vc_empty_space][vc_column_text]Fuente:\u00a0 <a href=\"https:\/\/www.diarionorte.com\/267196-las-miradas-puestas-en-el-chaco-se-presenta-la-bienal-en-buenos-aires\" target=\"_blank\" rel=\"noopener\">https:\/\/www.diarionorte.com\/267196-las-miradas-puestas-en-el-chaco-se-presenta-la-bienal-en-buenos-aires<\/a>[\/vc_column_text][vc_empty_space][\/vc_column][\/vc_row]\n","protected":false},"excerpt":{"rendered":"<p>El lunes se llevar\u00e1 adelante el lanzamiento de la Bienal 2024 en la Casa del Chaco, para que toda la Argentina conozca este gran evento.<\/p>\n","protected":false},"author":3,"featured_media":13133,"comment_status":"closed","ping_status":"closed","sticky":false,"template":"","format":"standard","meta":{"footnotes":""},"categories":[6],"tags":[],"class_list":["post-13132","post","type-post","status-publish","format-standard","has-post-thumbnail","hentry","category-novedades"],"_links":{"self":[{"href":"https:\/\/www.bienaldelchaco.org\/2024\/wp-json\/wp\/v2\/posts\/13132","targetHints":{"allow":["GET"]}}],"collection":[{"href":"https:\/\/www.bienaldelchaco.org\/2024\/wp-json\/wp\/v2\/posts"}],"about":[{"href":"https:\/\/www.bienaldelchaco.org\/2024\/wp-json\/wp\/v2\/types\/post"}],"author":[{"embeddable":true,"href":"https:\/\/www.bienaldelchaco.org\/2024\/wp-json\/wp\/v2\/users\/3"}],"replies":[{"embeddable":true,"href":"https:\/\/www.bienaldelchaco.org\/2024\/wp-json\/wp\/v2\/comments?post=13132"}],"version-history":[{"count":1,"href":"https:\/\/www.bienaldelchaco.org\/2024\/wp-json\/wp\/v2\/posts\/13132\/revisions"}],"predecessor-version":[{"id":13134,"href":"https:\/\/www.bienaldelchaco.org\/2024\/wp-json\/wp\/v2\/posts\/13132\/revisions\/13134"}],"wp:featuredmedia":[{"embeddable":true,"href":"https:\/\/www.bienaldelchaco.org\/2024\/wp-json\/wp\/v2\/media\/13133"}],"wp:attachment":[{"href":"https:\/\/www.bienaldelchaco.org\/2024\/wp-json\/wp\/v2\/media?parent=13132"}],"wp:term":[{"taxonomy":"category","embeddable":true,"href":"https:\/\/www.bienaldelchaco.org\/2024\/wp-json\/wp\/v2\/categories?post=13132"},{"taxonomy":"post_tag","embeddable":true,"href":"https:\/\/www.bienaldelchaco.org\/2024\/wp-json\/wp\/v2\/tags?post=13132"}],"curies":[{"name":"wp","href":"https:\/\/api.w.org\/{rel}","templated":true}]}}