{"id":13173,"date":"2024-06-25T11:35:24","date_gmt":"2024-06-25T14:35:24","guid":{"rendered":"https:\/\/www.bienaldelchaco.org\/2024\/?p=13173"},"modified":"2024-06-25T11:44:37","modified_gmt":"2024-06-25T14:44:37","slug":"arte-a-cielo-abierto-el-chaco-anuncio-con-orgullo-la-nueva-edicion-de-su-bienal-internacional-de-escultura","status":"publish","type":"post","link":"https:\/\/www.bienaldelchaco.org\/2024\/arte-a-cielo-abierto-el-chaco-anuncio-con-orgullo-la-nueva-edicion-de-su-bienal-internacional-de-escultura\/","title":{"rendered":"Arte a cielo abierto: el Chaco anunci\u00f3 con orgullo la nueva edici\u00f3n de su Bienal Internacional de Escultura"},"content":{"rendered":"<div class=\"vol-des\">\n<header class=\"with-person\">\n<div class=\"sub-title\">\n<header>\n<p class=\"article-subheadline left \">El evento que distingue a esa provincia ante el mundo tendr\u00e1 lugar del 13 al 21 de julio pr\u00f3ximo y fue presentado en un acto en la Casa del Chaco en Buenos Aires con la presencia del gobernador, Leandro Zdero, y del secretario de Turismo de la Naci\u00f3n, Daniel Scioli<\/p>\n<\/header>\n<\/div>\n<\/header>\n<\/div>\n<p><!--more-->[vc_row css_animation=&#8221;&#8221; row_type=&#8221;row&#8221; use_row_as_full_screen_section=&#8221;no&#8221; type=&#8221;full_width&#8221; angled_section=&#8221;no&#8221; text_align=&#8221;left&#8221; background_image_as_pattern=&#8221;without_pattern&#8221;][vc_column][vc_column_text]\n<div class=\"row\">\n<div id=\"conte\" class=\"span6 base\">\n<p>&nbsp;<\/p>\n<p>La \u201cembajada\u201d de la provincia del Chaco en la Ciudad de Buenos Aires fue el escenario de la presentaci\u00f3n de la\u00a0<b>Bienal Internacional de Escultura,<\/b>\u00a0el acontecimiento art\u00edstico que ya es la marca que distingue a esa provincia y la ha colocado en el radar del turismo cultural mundial.<\/p>\n<p class=\"paragraph\" data-mrf-recirculation=\"Links inline\">El torneo del que participan\u00a0<b>diez artistas consagrados de todo el mundo\u00a0<\/b>propone la ejecuci\u00f3n de una escultura en un predio al aire libre y ante la mirada del p\u00fablico. Este a\u00f1o, tendr\u00e1 lugar\u00a0<b>del 13 al 21 de julio<\/b>, y competir\u00e1n escultores de\u00a0<b>Argentina, Chile, Espa\u00f1a, Estados Unidos, Kosovo, Letonia, Nueva Zelanda, Per\u00fa, Ruman\u00eda\u00a0<\/b>y<b>\u00a0Turqu\u00eda<\/b>.<\/p>\n<div class=\"visual__image\" style=\"text-align: center;\"><img loading=\"lazy\" decoding=\"async\" class=\"size-full wp-image-13170 alignnone\" src=\"https:\/\/www.bienaldelchaco.org\/2024\/wp-content\/uploads\/2024\/06\/Captura-de-pantalla-2024-06-25-112651.jpg\" alt=\"\" width=\"854\" height=\"559\" srcset=\"https:\/\/www.bienaldelchaco.org\/2024\/wp-content\/uploads\/2024\/06\/Captura-de-pantalla-2024-06-25-112651.jpg 854w, https:\/\/www.bienaldelchaco.org\/2024\/wp-content\/uploads\/2024\/06\/Captura-de-pantalla-2024-06-25-112651-300x196.jpg 300w, https:\/\/www.bienaldelchaco.org\/2024\/wp-content\/uploads\/2024\/06\/Captura-de-pantalla-2024-06-25-112651-768x503.jpg 768w, https:\/\/www.bienaldelchaco.org\/2024\/wp-content\/uploads\/2024\/06\/Captura-de-pantalla-2024-06-25-112651-700x458.jpg 700w\" sizes=\"auto, (max-width: 854px) 100vw, 854px\" \/>El gobernador del Chaco, Leandro Zdero, habla en la presentaci\u00f3n de la Bienal Internacional de Escultura Foto<\/div>\n<p data-mrf-recirculation=\"Links inline\">\n<p class=\"paragraph\" data-mrf-recirculation=\"Links inline\">La pr\u00f3xima edici\u00f3n de la Bienal Internacional de Escultura del Chaco se present\u00f3 en Buenos Aires en un acto que cont\u00f3 con la presencia de funcionarios nacionales y provinciales, diplom\u00e1ticos de algunos de los pa\u00edses participantes, artistas, mecenas, acad\u00e9micos, empresarios y medios, que llenaron un sal\u00f3n del subsuelo de la representaci\u00f3n provincial,\u00a0<a href=\"https:\/\/www.infobae.com\/cultura\/2017\/08\/05\/leonardo-gotleyb-el-transbordador-de-la-boca-es-nuestro-coloso-de-rodas\/\" target=\"_blank\" rel=\"noopener noreferrer\" data-mrf-link=\"https:\/\/www.infobae.com\/cultura\/2017\/08\/05\/leonardo-gotleyb-el-transbordador-de-la-boca-es-nuestro-coloso-de-rodas\/\">decorado con xilograf\u00edas del artista chaque\u00f1o\u00a0<b>Leonardo Gotleyb.<\/b><\/a><\/p>\n<div class=\"news-module\" data-mrf-recirculation=\"IL_m3kiGo-8SVS6m0U7OqrZLw\" data-testid=\"text-html\" data-mrf-experience=\"IL_m3kiGo-8SVS6m0U7OqrZLw\">\n<div class=\"recommended-card__image-container\"><\/div>\n<\/div>\n<\/div>\n<\/div>\n[\/vc_column_text][vc_column_text]\n<div class=\"row\">\n<div id=\"conte\" class=\"span6 base\">\n<p class=\"paragraph\" data-mrf-recirculation=\"Links inline\">Representantes de la\u00a0<b>Fundaci\u00f3n Urunday<\/b>\u00a0y del\u00a0<b>gobierno chaque\u00f1o\u00a0<\/b>-integrantes del comit\u00e9 organizador de la Bienal- dieron detalles de c\u00f3mo ser\u00e1 esta experiencia de arte p\u00fablico, \u00fanica en su g\u00e9nero en la Argentina, pero tambi\u00e9n sobre sus or\u00edgenes y sus m\u00e1s de treinta a\u00f1os de historia.<\/p>\n<div class=\"visual__image\" style=\"text-align: center;\"><img loading=\"lazy\" decoding=\"async\" class=\"aligncenter\" src=\"https:\/\/www.infobae.com\/new-resizer\/jdW6fQaQnO5fZ7wJZ7nsI9b-bNc=\/420x280\/filters:format(webp):quality(85)\/cloudfront-us-east-1.images.arcpublishing.com\/infobae\/3KL3PWU32VAOFKPO3C4SDELYGM.jpg%20420w\" sizes=\"auto, (min-width: 1560px) 856px, (min-width: 1000px) calc(74.63vw - 293px), (min-width: 780px) calc(100vw - 376px), (min-width: 580px) calc(100vw - 32px), 100vw\" srcset=\"https:\/\/www.infobae.com\/new-resizer\/jdW6fQaQnO5fZ7wJZ7nsI9b-bNc=\/420x280\/filters:format(webp):quality(85)\/cloudfront-us-east-1.images.arcpublishing.com\/infobae\/3KL3PWU32VAOFKPO3C4SDELYGM.jpg 420w,https:\/\/www.infobae.com\/new-resizer\/j3GgXZxnjbzoC-JjimAvZFMv3jc=\/768x512\/filters:format(webp):quality(85)\/cloudfront-us-east-1.images.arcpublishing.com\/infobae\/3KL3PWU32VAOFKPO3C4SDELYGM.jpg 768w,https:\/\/www.infobae.com\/new-resizer\/a6uFZPKkziyc1rOc2QdDCaZLSVg=\/992x661\/filters:format(webp):quality(85)\/cloudfront-us-east-1.images.arcpublishing.com\/infobae\/3KL3PWU32VAOFKPO3C4SDELYGM.jpg 992w,https:\/\/www.infobae.com\/new-resizer\/uljV2A4LcLz57RNGhTmP5kHM0oc=\/1200x800\/filters:format(webp):quality(85)\/cloudfront-us-east-1.images.arcpublishing.com\/infobae\/3KL3PWU32VAOFKPO3C4SDELYGM.jpg 1200w,https:\/\/www.infobae.com\/new-resizer\/Oq1Oxv72_NTUNYIsBwM851P8kx8=\/1440x960\/filters:format(webp):quality(85)\/cloudfront-us-east-1.images.arcpublishing.com\/infobae\/3KL3PWU32VAOFKPO3C4SDELYGM.jpg 1440w\" alt=\"La Bienal fue presentada en la Casa del Chaco. Estuvo presente el secretario de Turismo de la Naci\u00f3n, Daniel Scioli\" width=\"3543\" height=\"2362\" data-src=\"https:\/\/www.infobae.com\/new-resizer\/jdW6fQaQnO5fZ7wJZ7nsI9b-bNc=\/420x280\/filters:format(webp):quality(85)\/cloudfront-us-east-1.images.arcpublishing.com\/infobae\/3KL3PWU32VAOFKPO3C4SDELYGM.jpg 420w\" \/>La Bienal fue presentada en la Casa del Chaco. Estuvo presente el secretario de Turismo de la Naci\u00f3n, Daniel Scioli<\/div>\n<p data-mrf-recirculation=\"Links inline\">\n<p class=\"paragraph\" data-mrf-recirculation=\"Links inline\">El pasado 6 de marzo \u2013D\u00eda Internacional del Escultor- la Bienal fue presentada en Resistencia con\u00a0<a href=\"https:\/\/www.infobae.com\/cultura\/2024\/03\/09\/clasico-y-moderno-el-david-de-miguel-angel-ya-da-realce-al-patrimonio-escultorico-de-resistencia\/\" target=\"_blank\" rel=\"noopener noreferrer\" data-mrf-link=\"https:\/\/www.infobae.com\/cultura\/2024\/03\/09\/clasico-y-moderno-el-david-de-miguel-angel-ya-da-realce-al-patrimonio-escultorico-de-resistencia\/\">la inauguraci\u00f3n del\u00a0<b>gemelo digital de El David\u00a0<\/b>de Miguel \u00c1ngel,<\/a>\u00a0emplazado en el predio de 10 hect\u00e1reas donde se desarrolla el certamen escult\u00f3rico, a orillas del r\u00edo Negro, que bordea la capital chaque\u00f1a.<\/p>\n<\/div>\n<\/div>\n[\/vc_column_text][vc_column_text]\n<div class=\"row\">\n<div id=\"conte\" class=\"span6 base\">\n<p data-mrf-recirculation=\"Links inline\">\n<p class=\"paragraph\" data-mrf-recirculation=\"Links inline\">La presentaci\u00f3n en Capital Federal tuvo lugar en la Casa del Chaco, en la avenida Callao, en el barrio de Congreso, con la presencia del gobernador de la provincia,\u00a0<b>Leandro Zdero,\u00a0<\/b>del secretario de Turismo, Ambiente y Deportes de la Naci\u00f3n,\u00a0<b>Daniel Scioli<\/b>, del presidente de la Fundaci\u00f3n Urunday,\u00a0<b>Jos\u00e9 Eidman<\/b>; la titular del Poder Legislativo del Chaco,\u00a0<b>Carmen Delgado<\/b>, la presidente del Instituto de Turismo de la provincia,\u00a0<b>Ver\u00f3nica Mazzaroli<\/b>, y el presidente del Instituto de Cultura del Chaco,\u00a0<b>Mario Zorrilla<\/b>, entre otros.<\/p>\n<div class=\"visual__image\" style=\"text-align: center;\"><img loading=\"lazy\" decoding=\"async\" class=\"size-full wp-image-13172 aligncenter\" src=\"https:\/\/www.bienaldelchaco.org\/2024\/wp-content\/uploads\/2024\/06\/Captura-de-pantalla-2024-06-25-112715.jpg\" alt=\"\" width=\"853\" height=\"480\" srcset=\"https:\/\/www.bienaldelchaco.org\/2024\/wp-content\/uploads\/2024\/06\/Captura-de-pantalla-2024-06-25-112715.jpg 853w, https:\/\/www.bienaldelchaco.org\/2024\/wp-content\/uploads\/2024\/06\/Captura-de-pantalla-2024-06-25-112715-300x169.jpg 300w, https:\/\/www.bienaldelchaco.org\/2024\/wp-content\/uploads\/2024\/06\/Captura-de-pantalla-2024-06-25-112715-768x432.jpg 768w, https:\/\/www.bienaldelchaco.org\/2024\/wp-content\/uploads\/2024\/06\/Captura-de-pantalla-2024-06-25-112715-700x394.jpg 700w, https:\/\/www.bienaldelchaco.org\/2024\/wp-content\/uploads\/2024\/06\/Captura-de-pantalla-2024-06-25-112715-539x303.jpg 539w\" sizes=\"auto, (max-width: 853px) 100vw, 853px\" \/>Posan, junto a Jos\u00e9 Eidman y otros organizadores de la Bienal, los embajadores de Austria, Andreas Mel\u00e1n, de Alemania, Dieter Laml\u00e9, de Rumania, Dan Petre, de Marruecos, Fares Yassir; la agregada Cultural de la embajada de Polonia, Alicja Tunk, y el c\u00f3nsul de El Salvador, Eduardo L\u00f3pez G\u00f3mez &#8211; Foto<\/div>\n<p data-mrf-recirculation=\"Links inline\">\n<p class=\"paragraph\" data-mrf-recirculation=\"Links inline\"><b>Gaspar Gracia Daponte<\/b>, director de Desarrollo Institucional de Fundaci\u00f3n Urunday, describi\u00f3 el trayecto que llev\u00f3 a la Bienal de fen\u00f3meno local a acontecimiento de proyecci\u00f3n internacional, de los primeros concursos en madera en la plaza central de Resistencia, a las actuales bienales multitudinarias e internacionales por las que ya han pasado\u00a0<b>unos 500 escultores consagrados del mundo<\/b>\u00a0que a trav\u00e9s de sus obras siguen presentes en el espacio p\u00fablico de la ciudad.<\/p>\n<p class=\"paragraph\" data-mrf-recirculation=\"Links inline\">La promulgaci\u00f3n de una\u00a0<b>Ley de Mecenazgo provincial mod\u00e9lica<\/b>\u00a0fue uno de los hitos de este crecimiento, y un plan estrat\u00e9gico de gesti\u00f3n que en 2014 llev\u00f3 a la certificaci\u00f3n con la norma internacional de calidad\u00a0<b>IRAM ISO 9001<\/b>\u00a0para los Procesos de Organizaci\u00f3n de la Bienal del Chaco.<\/p>\n<div class=\"visual__image\" style=\"text-align: center;\"><img loading=\"lazy\" decoding=\"async\" class=\"size-full wp-image-13165 aligncenter\" src=\"https:\/\/www.bienaldelchaco.org\/2024\/wp-content\/uploads\/2024\/06\/Captura-de-pantalla-2024-06-25-112727.jpg\" alt=\"\" width=\"853\" height=\"547\" srcset=\"https:\/\/www.bienaldelchaco.org\/2024\/wp-content\/uploads\/2024\/06\/Captura-de-pantalla-2024-06-25-112727.jpg 853w, https:\/\/www.bienaldelchaco.org\/2024\/wp-content\/uploads\/2024\/06\/Captura-de-pantalla-2024-06-25-112727-300x192.jpg 300w, https:\/\/www.bienaldelchaco.org\/2024\/wp-content\/uploads\/2024\/06\/Captura-de-pantalla-2024-06-25-112727-768x492.jpg 768w, https:\/\/www.bienaldelchaco.org\/2024\/wp-content\/uploads\/2024\/06\/Captura-de-pantalla-2024-06-25-112727-700x449.jpg 700w\" sizes=\"auto, (max-width: 853px) 100vw, 853px\" \/>Gaspar Gracia Daponte, director de Desarrollo Institucional de Fundaci\u00f3n Urunday, y los hitos de la Bienal en sus 36 a\u00f1os de historia &#8211;<\/div>\n<p data-mrf-recirculation=\"Links inline\">\n<p class=\"paragraph\" data-mrf-recirculation=\"Links inline\">Pr\u00f3ximamente, y en cooperaci\u00f3n con la Universidad del Noreste, se llevar\u00e1 adelante una\u00a0<b>medici\u00f3n del impacto econ\u00f3mico<\/b>\u00a0de este acontecimiento cultural, dijo Gracia Daponte, porque la Bienal, adem\u00e1s de \u201chacer del arte un bien de todos\u201d -como reza el lema de Fundaci\u00f3n, tambi\u00e9n contribuye a transformar la realidad provincial.<\/p>\n<p class=\"paragraph\" data-mrf-recirculation=\"Links inline\">\u201cVengo a contarles que Resistencia es la\u00a0<b>Capital Nacional de las Esculturas<\/b>\u00a0y la sede de una Bienal muy respetada en el mundo. Que con los a\u00f1os, se ha transformado en un acontecimiento virtuoso y relevante\u201d, dijo a su turno Jos\u00e9 Eidman, presidente de la Fundaci\u00f3n Urunday, que tambi\u00e9n destac\u00f3 que a lo largo de las sucesivas Bienales, \u201cse han emplazado m\u00e1s de 500 esculturas, convirtiendo a Resistencia en un formidable museo al aire libre que atestigua el arte mundial contempor\u00e1neo\u201d.<\/p>\n<div class=\"visual__image\" style=\"text-align: center;\"><img loading=\"lazy\" decoding=\"async\" class=\"size-full wp-image-13166 aligncenter\" src=\"https:\/\/www.bienaldelchaco.org\/2024\/wp-content\/uploads\/2024\/06\/Captura-de-pantalla-2024-06-25-112739.jpg\" alt=\"\" width=\"852\" height=\"550\" srcset=\"https:\/\/www.bienaldelchaco.org\/2024\/wp-content\/uploads\/2024\/06\/Captura-de-pantalla-2024-06-25-112739.jpg 852w, https:\/\/www.bienaldelchaco.org\/2024\/wp-content\/uploads\/2024\/06\/Captura-de-pantalla-2024-06-25-112739-300x194.jpg 300w, https:\/\/www.bienaldelchaco.org\/2024\/wp-content\/uploads\/2024\/06\/Captura-de-pantalla-2024-06-25-112739-768x496.jpg 768w, https:\/\/www.bienaldelchaco.org\/2024\/wp-content\/uploads\/2024\/06\/Captura-de-pantalla-2024-06-25-112739-700x452.jpg 700w\" sizes=\"auto, (max-width: 852px) 100vw, 852px\" \/>Jos\u00e9 Eidman, presidente de la Fundaci\u00f3n Urunday, organizadora de la Bienal<\/div>\n<p data-mrf-recirculation=\"Links inline\">\n<p class=\"paragraph\" data-mrf-recirculation=\"Links inline\">Al destacar el impacto que la Bienal tiene en la provincia, Jos\u00e9 Eidman enumer\u00f3 las \u201cotras aristas de la existencia\u201d a las cuales se traslad\u00f3 este hecho socio cultural: \u201cA lo espiritual, naturalmente, porque estamos hablando de arte; a lo identitario, porque la escultura se ha vuelto indisoluble del cotidiano; a lo cultural, porque nos alumbr\u00f3 y porque sigue derramando en las nuevas generaciones el entendimiento de que el arte nos vuelve acaso mejores; al bien com\u00fan, porque\u00a0<b>la Bienal logr\u00f3 unificar a nuestra comunidad bajo un mismo ideario<\/b>; a la econom\u00eda, porque ha provocado una industria sin chimeneas en el marco de una fiesta folcl\u00f3rica que celebra lo global, lo universal\u201d.<\/p>\n<p class=\"paragraph\" data-mrf-recirculation=\"Links inline\">Daniel Scioli, presente en su calidad de responsable de Turismo a nivel nacional, subray\u00f3 la importancia que este evento tiene en su \u00e1rea y mencion\u00f3 otros atractivos de la provincia como la\u00a0<b>Isla del Cerrito,<\/b>\u00a0las\u00a0<b>termas de S\u00e1enz Pe\u00f1a<\/b>\u00a0y, por supuesto,<a href=\"https:\/\/www.infobae.com\/sociedad\/2018\/07\/28\/como-esta-el-parque-nacional-el-impenetrable-a-un-ano-de-su-inauguracion\/\" target=\"_blank\" rel=\"noopener noreferrer\" data-mrf-link=\"https:\/\/www.infobae.com\/sociedad\/2018\/07\/28\/como-esta-el-parque-nacional-el-impenetrable-a-un-ano-de-su-inauguracion\/\">\u00a0<b>el Impenetrable.<\/b><\/a><\/p>\n<div class=\"visual__image\" style=\"text-align: center;\"><img loading=\"lazy\" decoding=\"async\" class=\"size-full wp-image-13167 aligncenter\" src=\"https:\/\/www.bienaldelchaco.org\/2024\/wp-content\/uploads\/2024\/06\/Captura-de-pantalla-2024-06-25-112749.jpg\" alt=\"\" width=\"852\" height=\"561\" srcset=\"https:\/\/www.bienaldelchaco.org\/2024\/wp-content\/uploads\/2024\/06\/Captura-de-pantalla-2024-06-25-112749.jpg 852w, https:\/\/www.bienaldelchaco.org\/2024\/wp-content\/uploads\/2024\/06\/Captura-de-pantalla-2024-06-25-112749-300x198.jpg 300w, https:\/\/www.bienaldelchaco.org\/2024\/wp-content\/uploads\/2024\/06\/Captura-de-pantalla-2024-06-25-112749-768x506.jpg 768w, https:\/\/www.bienaldelchaco.org\/2024\/wp-content\/uploads\/2024\/06\/Captura-de-pantalla-2024-06-25-112749-700x461.jpg 700w\" sizes=\"auto, (max-width: 852px) 100vw, 852px\" \/>Daniel Scioli, secretario de Turismo, Ambiente y Deportes de la Naci\u00f3n<\/div>\n<p data-mrf-recirculation=\"Links inline\">\n<p class=\"paragraph\" data-mrf-recirculation=\"Links inline\">En el mundo cada vez adquiere m\u00e1s relevancia el\u00a0<b>turismo cultural<\/b>\u00a0y la Bienal de Chaco es un acontecimiento que merece la pena el desplazamiento, como opci\u00f3n para las vacaciones de invierno, con actividades de inter\u00e9s muy variadas, ya que, en paralelo con el certamen de esculturas, tiene lugar un\u00a0<b>Encuentro de Escultores Invitados,\u00a0<\/b>un concurso de Escultura para Estudiantes de Escuelas de Arte de todas las provincias, congresos y seminarios sobre Arte,\u00a0<b>Derecho, Patrimonio y Urbanismo.<\/b>\u00a0Adem\u00e1s un\u00a0<b>Festival Filarm\u00f3nico Juvenil,<\/b>\u00a0encuentros y exposiciones de\u00a0<b>Maestros Artesanos Argentinos\u00a0<\/b>y espect\u00e1culos art\u00edsticos y musicales durante los 8 d\u00edas de duraci\u00f3n de la Bienal.<\/p>\n<p class=\"paragraph\" data-mrf-recirculation=\"Links inline\">Finalmente, habl\u00f3 el gobernador del Chaco, Leandro Zdero, quien dio que le \u201cexplotaba el coraz\u00f3n de alegr\u00eda\u201d al presentar esta cita cultural. Celebr\u00f3 \u201cel entusiasmo\u201d de los asistentes e invit\u00f3 a ser parte de \u201cuna m\u00e1gica expresi\u00f3n de la cultura\u201d, de su provincia, a la cual invit\u00f3 porque, dijo, \u201cpara nosotros,\u00a0<b>la escultura es el alma de nuestra ciudad\u201d<\/b>. \u201cLo vivir\u00e1n como un museo a cielo abierto y podr\u00e1n experimentar esa sinergia entre la gente y el escultor y ver c\u00f3mo se va gestando la obra\u201d, sostuvo.<\/p>\n<div class=\"visual__image\" style=\"text-align: center;\"><img loading=\"lazy\" decoding=\"async\" class=\"size-full wp-image-13168 aligncenter\" src=\"https:\/\/www.bienaldelchaco.org\/2024\/wp-content\/uploads\/2024\/06\/Captura-de-pantalla-2024-06-25-112803.jpg\" alt=\"\" width=\"853\" height=\"566\" srcset=\"https:\/\/www.bienaldelchaco.org\/2024\/wp-content\/uploads\/2024\/06\/Captura-de-pantalla-2024-06-25-112803.jpg 853w, https:\/\/www.bienaldelchaco.org\/2024\/wp-content\/uploads\/2024\/06\/Captura-de-pantalla-2024-06-25-112803-300x199.jpg 300w, https:\/\/www.bienaldelchaco.org\/2024\/wp-content\/uploads\/2024\/06\/Captura-de-pantalla-2024-06-25-112803-768x510.jpg 768w, https:\/\/www.bienaldelchaco.org\/2024\/wp-content\/uploads\/2024\/06\/Captura-de-pantalla-2024-06-25-112803-391x260.jpg 391w, https:\/\/www.bienaldelchaco.org\/2024\/wp-content\/uploads\/2024\/06\/Captura-de-pantalla-2024-06-25-112803-700x464.jpg 700w\" sizes=\"auto, (max-width: 853px) 100vw, 853px\" \/>Leandro Zdero, gobernador del Chaco &#8211; foto.<\/div>\n<p data-mrf-recirculation=\"Links inline\">\n<p class=\"paragraph\" data-mrf-recirculation=\"Links inline\">Zdero tambi\u00e9n destac\u00f3 los beneficios para la provincia de un evento que viene de la mano del desarrollo econ\u00f3mico y potencia el turismo, influyendo \u201cde forma directa e indirecta en el sector gastron\u00f3mico y hotelero\u201d.<\/p>\n<p class=\"paragraph\" data-mrf-recirculation=\"Links inline\">La Bienal Internacional de Escultura del Chaco fue distinguida con la licencia\u00a0<b>Marca Pa\u00eds<\/b>\u00a0Argentina. Declarada de\u00a0<b>inter\u00e9s cultural por la Organizaci\u00f3n de los Estados Americanos<\/b>\u00a0y los tres poderes del Estado Nacional. Reconocida por la Asociaci\u00f3n Argentina de Marketing con el Gran Premio Mercurio y por el Rotary Club de Buenos Aires con el premio Sol de Plata. Distinguida por su alto inter\u00e9s art\u00edstico y cultural con el\u00a0<b>auspicio de la Academia Nacional de Bellas Artes<\/b>\u00a0y<b>\u00a0del Fondo Nacional de las Artes.<\/b>\u00a0Reconocida por la\u00a0<b>Asociaci\u00f3n Argentina de Cr\u00edticos de Arte\u00a0<\/b>con el premio Alfredo Roland a la trayectoria cultural y por la Fundaci\u00f3n Konex con el\u00a0<b>premio Konex a las artes visuales argentinas<\/b>. Desde el a\u00f1o 1997 cuenta con el\u00a0<b>auspicio de la UNESCO.<\/b><\/p>\n<div class=\"visual__image\" style=\"text-align: center;\"><img loading=\"lazy\" decoding=\"async\" class=\"size-full wp-image-13163 aligncenter\" src=\"https:\/\/www.bienaldelchaco.org\/2024\/wp-content\/uploads\/2024\/06\/Captura-de-pantalla-2024-06-25-112813.jpg\" alt=\"\" width=\"842\" height=\"477\" srcset=\"https:\/\/www.bienaldelchaco.org\/2024\/wp-content\/uploads\/2024\/06\/Captura-de-pantalla-2024-06-25-112813.jpg 842w, https:\/\/www.bienaldelchaco.org\/2024\/wp-content\/uploads\/2024\/06\/Captura-de-pantalla-2024-06-25-112813-300x170.jpg 300w, https:\/\/www.bienaldelchaco.org\/2024\/wp-content\/uploads\/2024\/06\/Captura-de-pantalla-2024-06-25-112813-768x435.jpg 768w, https:\/\/www.bienaldelchaco.org\/2024\/wp-content\/uploads\/2024\/06\/Captura-de-pantalla-2024-06-25-112813-700x397.jpg 700w\" sizes=\"auto, (max-width: 842px) 100vw, 842px\" \/>La presentaci\u00f3n tuvo lugar en un sal\u00f3n de la Casa del Chaco decorado para la ocasi\u00f3n con xilograf\u00edas del artista chaque\u00f1o Leonardo Gotleyb (de pie, en el centro)<\/div>\n<p data-mrf-recirculation=\"Links inline\">\n<p class=\"paragraph\" data-mrf-recirculation=\"Links inline\">Los artistas que competir\u00e1n este a\u00f1o, esculpiendo sus obras en el predio a la vista del publico e interactuando con los visitantes durante los 8 d\u00edas que dura la Bienal, han sido\u00a0<b>seleccionados entre 150 postulantes.\u00a0<\/b>Los elegidos son: Luis Bernardi (Argentina), Alejandro Mardones Guillen (Chile), Carlos Iglesias (Espa\u00f1a), Billy Lee (Estados Unidos), Butrint Morina (Kosovo), Solveiga Vasiljeva (Letonia), Anna Korver (Nueva Zelanda), Percy Ra\u00fal Zorrilla Soto (Per\u00fa), Bogdam Adrian Lefter (Ruman\u00eda) y Emrah \u00d6nal (Turqu\u00eda).<\/p>\n<div class=\"visual__image\" style=\"text-align: center;\"><img loading=\"lazy\" decoding=\"async\" class=\"size-full wp-image-13164 aligncenter\" src=\"https:\/\/www.bienaldelchaco.org\/2024\/wp-content\/uploads\/2024\/06\/Captura-de-pantalla-2024-06-25-112825.jpg\" alt=\"\" width=\"855\" height=\"481\" srcset=\"https:\/\/www.bienaldelchaco.org\/2024\/wp-content\/uploads\/2024\/06\/Captura-de-pantalla-2024-06-25-112825.jpg 855w, https:\/\/www.bienaldelchaco.org\/2024\/wp-content\/uploads\/2024\/06\/Captura-de-pantalla-2024-06-25-112825-300x169.jpg 300w, https:\/\/www.bienaldelchaco.org\/2024\/wp-content\/uploads\/2024\/06\/Captura-de-pantalla-2024-06-25-112825-768x432.jpg 768w, https:\/\/www.bienaldelchaco.org\/2024\/wp-content\/uploads\/2024\/06\/Captura-de-pantalla-2024-06-25-112825-700x394.jpg 700w, https:\/\/www.bienaldelchaco.org\/2024\/wp-content\/uploads\/2024\/06\/Captura-de-pantalla-2024-06-25-112825-539x303.jpg 539w\" sizes=\"auto, (max-width: 855px) 100vw, 855px\" \/>El gemelo digital del David de Miguel \u00c1ngel inaugurado el pasado 6 de marzo en el predio de la Fundaci\u00f3n Urunday, junto al R\u00edo Negro, en Resistencia<\/div>\n<\/div>\n<\/div>\n[\/vc_column_text][vc_empty_space][\/vc_column][\/vc_row][vc_row css_animation=&#8221;&#8221; row_type=&#8221;row&#8221; use_row_as_full_screen_section=&#8221;no&#8221; type=&#8221;full_width&#8221; angled_section=&#8221;no&#8221; text_align=&#8221;left&#8221; background_image_as_pattern=&#8221;without_pattern&#8221;][vc_column][vc_empty_space][vc_column_text]Fuente:\u00a0 <a href=\"https:\/\/www.infobae.com\/cultura\/2024\/06\/25\/arte-a-cielo-abierto-el-chaco-anuncio-con-orgullo-la-nueva-edicion-de-su-bienal-internacional-de-escultura\/\" target=\"_blank\" rel=\"noopener\">https:\/\/www.infobae.com\/cultura\/2024\/06\/25\/arte-a-cielo-abierto-el-chaco-anuncio-con-orgullo-la-nueva-edicion-de-su-bienal-internacional-de-escultura\/<\/a>[\/vc_column_text][vc_empty_space][\/vc_column][\/vc_row]\n","protected":false},"excerpt":{"rendered":"<p>El evento que distingue a esa provincia ante el mundo tendr\u00e1 lugar del 13 al 21 de julio pr\u00f3ximo y fue presentado en un acto en la Casa del Chaco en Buenos Aires con la presencia del gobernador, Leandro Zdero, y del secretario de Turismo&#8230;<\/p>\n","protected":false},"author":3,"featured_media":13169,"comment_status":"closed","ping_status":"closed","sticky":false,"template":"","format":"standard","meta":{"footnotes":""},"categories":[6],"tags":[],"class_list":["post-13173","post","type-post","status-publish","format-standard","has-post-thumbnail","hentry","category-novedades"],"_links":{"self":[{"href":"https:\/\/www.bienaldelchaco.org\/2024\/wp-json\/wp\/v2\/posts\/13173","targetHints":{"allow":["GET"]}}],"collection":[{"href":"https:\/\/www.bienaldelchaco.org\/2024\/wp-json\/wp\/v2\/posts"}],"about":[{"href":"https:\/\/www.bienaldelchaco.org\/2024\/wp-json\/wp\/v2\/types\/post"}],"author":[{"embeddable":true,"href":"https:\/\/www.bienaldelchaco.org\/2024\/wp-json\/wp\/v2\/users\/3"}],"replies":[{"embeddable":true,"href":"https:\/\/www.bienaldelchaco.org\/2024\/wp-json\/wp\/v2\/comments?post=13173"}],"version-history":[{"count":7,"href":"https:\/\/www.bienaldelchaco.org\/2024\/wp-json\/wp\/v2\/posts\/13173\/revisions"}],"predecessor-version":[{"id":13180,"href":"https:\/\/www.bienaldelchaco.org\/2024\/wp-json\/wp\/v2\/posts\/13173\/revisions\/13180"}],"wp:featuredmedia":[{"embeddable":true,"href":"https:\/\/www.bienaldelchaco.org\/2024\/wp-json\/wp\/v2\/media\/13169"}],"wp:attachment":[{"href":"https:\/\/www.bienaldelchaco.org\/2024\/wp-json\/wp\/v2\/media?parent=13173"}],"wp:term":[{"taxonomy":"category","embeddable":true,"href":"https:\/\/www.bienaldelchaco.org\/2024\/wp-json\/wp\/v2\/categories?post=13173"},{"taxonomy":"post_tag","embeddable":true,"href":"https:\/\/www.bienaldelchaco.org\/2024\/wp-json\/wp\/v2\/tags?post=13173"}],"curies":[{"name":"wp","href":"https:\/\/api.w.org\/{rel}","templated":true}]}}