{"id":13189,"date":"2024-06-28T18:13:11","date_gmt":"2024-06-28T21:13:11","guid":{"rendered":"https:\/\/www.bienaldelchaco.org\/2024\/?p=13189"},"modified":"2024-06-28T18:15:09","modified_gmt":"2024-06-28T21:15:09","slug":"se-presento-la-conformacion-de-la-comision-de-patrimonio-provincial","status":"publish","type":"post","link":"https:\/\/www.bienaldelchaco.org\/2024\/se-presento-la-conformacion-de-la-comision-de-patrimonio-provincial\/","title":{"rendered":"Se Present\u00f3 La Conformaci\u00f3n De La Comisi\u00f3n De Patrimonio Provincial"},"content":{"rendered":"<div class=\"vol-des\">\n<header class=\"with-person\">\n<div class=\"sub-title\">\n<header>En un esfuerzo por preservar y proteger el patrimonio cultural, el Instituto de Cultura de la provincia anunci\u00f3 la conformaci\u00f3n de la\u00a0<strong>Comisi\u00f3n Provincial de Patrimonio.<\/strong>\u00a0El presidente del Instituto, Mario Zorrilla, explic\u00f3 que esta comisi\u00f3n, establecida por ley,<strong>\u00a0se encargar\u00e1 de sesionar cada 15 d\u00edas para abordar diversos temas relacionados con el patrimonio del Chaco.<\/strong><\/header>\n<\/div>\n<\/header>\n<\/div>\n<p><!--more-->[vc_row css_animation=&#8221;&#8221; row_type=&#8221;row&#8221; use_row_as_full_screen_section=&#8221;no&#8221; type=&#8221;full_width&#8221; angled_section=&#8221;no&#8221; text_align=&#8221;left&#8221; background_image_as_pattern=&#8221;without_pattern&#8221;][vc_column][vc_column_text]\n<div class=\"row\">\n<div id=\"conte\" class=\"span6 base\">\n<p>La Comisi\u00f3n Provincial de Patrimonio est\u00e1 integrada por representantes de las principales universidades de la regi\u00f3n, incluyendo la Universidad Nacional del Nordeste, la Universidad Tecnol\u00f3gica y la Universidad del Chaco Austral, as\u00ed como por miembros del Instituto de Cultura y la Comisi\u00f3n Nacional de Monumentos. Adem\u00e1s, se han invitado a participar a diversas instituciones culturales y comunitarias, como la Fundaci\u00f3n Urunday, la C\u00e1mara de Comercio, el Fog\u00f3n de los Arrieros, la C\u00e1mara Inmobiliaria y la Fundaci\u00f3n Resistenciano.<\/p>\n<p>Durante la primera reuni\u00f3n, se establecieron los mecanismos de trabajo y la forma de introducir y resolver los temas dentro del temario. La comisi\u00f3n tiene la capacidad de declarar emergencias en edificios patrimoniales, hacer declaraciones de inter\u00e9s y colaborar con la C\u00e1mara de Diputados en cuestiones relacionadas con el patrimonio.<\/p>\n<p>Zorrilla destac\u00f3 la importancia de la comisi\u00f3n en la protecci\u00f3n del patrimonio hist\u00f3rico, industrial y ferroviario de la provincia, as\u00ed como del patrimonio inmaterial, que incluye tradiciones, costumbres y pr\u00e1cticas culturales. En la sesi\u00f3n inicial, se discuti\u00f3 la situaci\u00f3n del casco hist\u00f3rico de la ciudad de Barranqueras, donde se han reportado avances sobre algunos edificios patrimoniales.<\/p>\n<div class=\"KytI9Qn3\"><\/div>\n<p>El Instituto de Cultura ha llevado a cabo un relevamiento de los edificios patrimoniales y ha elaborado un cat\u00e1logo, aunque Zorrilla subray\u00f3 que la comisi\u00f3n tiene el poder de crear nuevos cat\u00e1logos y de incluir patrimonios no tradicionales, como el industrial.<\/p>\n<p>La Comisi\u00f3n Provincial de Patrimonio tiene la tarea de asegurar que las decisiones tomadas tengan un fundamento hist\u00f3rico y cient\u00edfico s\u00f3lido, y que los temas urgentes reciban la atenci\u00f3n necesaria. La pr\u00f3xima sesi\u00f3n est\u00e1 programada para dentro de 15 d\u00edas, donde se continuar\u00e1 trabajando en la protecci\u00f3n y promoci\u00f3n del patrimonio cultural del Chaco.<\/p>\n<\/div>\n<\/div>\n[\/vc_column_text][vc_empty_space][\/vc_column][\/vc_row][vc_row css_animation=&#8221;&#8221; row_type=&#8221;row&#8221; use_row_as_full_screen_section=&#8221;no&#8221; type=&#8221;full_width&#8221; angled_section=&#8221;no&#8221; text_align=&#8221;left&#8221; background_image_as_pattern=&#8221;without_pattern&#8221;][vc_column][vc_empty_space][vc_column_text]Fuente:\u00a0 <a href=\"https:\/\/www.tn24.com.ar\/2024\/06\/se-presento-la-conformacion-de-la-comision-de-patrimonio-provincial\/\" target=\"_blank\" rel=\"noopener\">https:\/\/www.tn24.com.ar\/2024\/06\/se-presento-la-conformacion-de-la-comision-de-patrimonio-provincial\/<\/a>[\/vc_column_text][vc_empty_space][\/vc_column][\/vc_row]\n","protected":false},"excerpt":{"rendered":"<p>En un esfuerzo por preservar y proteger el patrimonio cultural, el Instituto de Cultura de la provincia anunci\u00f3 la conformaci\u00f3n de la\u00a0Comisi\u00f3n Provincial de Patrimonio.\u00a0El presidente del Instituto, Mario Zorrilla, explic\u00f3 que esta comisi\u00f3n, establecida por ley,\u00a0se encargar\u00e1 de sesionar cada 15 d\u00edas para abordar&#8230;<\/p>\n","protected":false},"author":3,"featured_media":13190,"comment_status":"closed","ping_status":"closed","sticky":false,"template":"","format":"standard","meta":{"footnotes":""},"categories":[6],"tags":[],"class_list":["post-13189","post","type-post","status-publish","format-standard","has-post-thumbnail","hentry","category-novedades"],"_links":{"self":[{"href":"https:\/\/www.bienaldelchaco.org\/2024\/wp-json\/wp\/v2\/posts\/13189","targetHints":{"allow":["GET"]}}],"collection":[{"href":"https:\/\/www.bienaldelchaco.org\/2024\/wp-json\/wp\/v2\/posts"}],"about":[{"href":"https:\/\/www.bienaldelchaco.org\/2024\/wp-json\/wp\/v2\/types\/post"}],"author":[{"embeddable":true,"href":"https:\/\/www.bienaldelchaco.org\/2024\/wp-json\/wp\/v2\/users\/3"}],"replies":[{"embeddable":true,"href":"https:\/\/www.bienaldelchaco.org\/2024\/wp-json\/wp\/v2\/comments?post=13189"}],"version-history":[{"count":1,"href":"https:\/\/www.bienaldelchaco.org\/2024\/wp-json\/wp\/v2\/posts\/13189\/revisions"}],"predecessor-version":[{"id":13191,"href":"https:\/\/www.bienaldelchaco.org\/2024\/wp-json\/wp\/v2\/posts\/13189\/revisions\/13191"}],"wp:featuredmedia":[{"embeddable":true,"href":"https:\/\/www.bienaldelchaco.org\/2024\/wp-json\/wp\/v2\/media\/13190"}],"wp:attachment":[{"href":"https:\/\/www.bienaldelchaco.org\/2024\/wp-json\/wp\/v2\/media?parent=13189"}],"wp:term":[{"taxonomy":"category","embeddable":true,"href":"https:\/\/www.bienaldelchaco.org\/2024\/wp-json\/wp\/v2\/categories?post=13189"},{"taxonomy":"post_tag","embeddable":true,"href":"https:\/\/www.bienaldelchaco.org\/2024\/wp-json\/wp\/v2\/tags?post=13189"}],"curies":[{"name":"wp","href":"https:\/\/api.w.org\/{rel}","templated":true}]}}