{"id":13192,"date":"2024-06-28T18:26:27","date_gmt":"2024-06-28T21:26:27","guid":{"rendered":"https:\/\/www.bienaldelchaco.org\/2024\/?p=13192"},"modified":"2024-06-28T18:26:27","modified_gmt":"2024-06-28T21:26:27","slug":"la-bienal-del-chaco-sera-sede-del-33-salon-internacional-de-ceramica","status":"publish","type":"post","link":"https:\/\/www.bienaldelchaco.org\/2024\/la-bienal-del-chaco-sera-sede-del-33-salon-internacional-de-ceramica\/","title":{"rendered":"La Bienal del Chaco ser\u00e1 sede del 33\u00b0 Sal\u00f3n Internacional de Cer\u00e1mica"},"content":{"rendered":"<p><strong>Bienal del Chaco se convirti\u00f3 en una plataforma de acci\u00f3n cultural.<\/strong>\u00a0La actividad principal que desarrolla es el certamen escult\u00f3rico internacional y el encuentro de escultores invitados, pero tambi\u00e9n se ocupa del emplazamiento y conservaci\u00f3n de las esculturas de Resistencia. Asimismo, fue sumando otros actores culturales para enriquecer el proyecto tales como Fundaci\u00f3n Chaco Cultural (Encuentro de Maestros Artesanos), Fundaci\u00f3n Pradier (Festival Filarm\u00f3nico), Fundaci\u00f3n Cultural Galatea (Artes Esc\u00e9nicas), Universidad Nacional del Nordeste (Congreso Nacional de Artes, Seminario de Arte, Patrimonio y Urbanismo, Observatorio Econ\u00f3mico y Social).<\/p>\n<p><!--more-->[vc_row css_animation=&#8221;&#8221; row_type=&#8221;row&#8221; use_row_as_full_screen_section=&#8221;no&#8221; type=&#8221;full_width&#8221; angled_section=&#8221;no&#8221; text_align=&#8221;left&#8221; background_image_as_pattern=&#8221;without_pattern&#8221;][vc_column][vc_column_text]\n<div class=\"row\">\n<div id=\"conte\" class=\"span6 base\">\n<p><strong>BIENAL EN CRECIMIENTO<\/strong><\/p>\n<p>En esta edici\u00f3n pr\u00f3xima a comenzar, se suma una actividad de trascendencia para la agenda art\u00edstica.\u00a0<strong>Resistencia ser\u00e1 sede del 33\u00b0 Sal\u00f3n Internacional de Cer\u00e1mica -Peque\u00f1o Formato-\u00a0<\/strong>como otra atractiva propuesta de la agenda cultural. Esta actividad se concreta por el acuerdo institucional de la Fundaci\u00f3n Urunday y el Centro Argentino de Arte Cer\u00e1mico, adem\u00e1s cuenta con el acompa\u00f1amiento del Museo Provincial de Bellas Artes \u201cRen\u00e9 Brusau\u201c dependiente del Instituto de Cultura del Chaco y el Centro de Arte del Parque del Conocimiento de Posadas (Misiones). Adem\u00e1s, con la virtuosa suma de voluntades que caracteriza al proyecto Bienal del Chaco, los premios de este sal\u00f3n son entregados por celeccionistas como una manera de fomentar la adquisici\u00f3n de obras de arte.<\/p>\n<div class=\"td-g-rec td-g-rec-id-content_inline tdi_1 td_block_template_10 \"><img loading=\"lazy\" decoding=\"async\" class=\"size-full wp-image-13195 aligncenter\" src=\"https:\/\/www.bienaldelchaco.org\/2024\/wp-content\/uploads\/2024\/06\/CAAC-2-Premios.webp\" alt=\"\" width=\"696\" height=\"696\" srcset=\"https:\/\/www.bienaldelchaco.org\/2024\/wp-content\/uploads\/2024\/06\/CAAC-2-Premios.webp 696w, https:\/\/www.bienaldelchaco.org\/2024\/wp-content\/uploads\/2024\/06\/CAAC-2-Premios-300x300.webp 300w, https:\/\/www.bienaldelchaco.org\/2024\/wp-content\/uploads\/2024\/06\/CAAC-2-Premios-150x150.webp 150w, https:\/\/www.bienaldelchaco.org\/2024\/wp-content\/uploads\/2024\/06\/CAAC-2-Premios-570x570.webp 570w, https:\/\/www.bienaldelchaco.org\/2024\/wp-content\/uploads\/2024\/06\/CAAC-2-Premios-500x500.webp 500w\" sizes=\"auto, (max-width: 696px) 100vw, 696px\" \/><\/div>\n<p>&nbsp;<\/p>\n<p><strong>Josese Eidman<\/strong>\u00a0-presidente de Fundaci\u00f3n Urunday- indica: \u201cLa Bienal del Chaco sigue creciendo y se convierte en una referencia internacional de validaci\u00f3n artistica que adem\u00e1s tiene como fundamento esencial la construcci\u00f3n colectica. Por eso, recibir al Centro Argentino de Arte Cer\u00e1mico es un privilegio que nos honra y una responsabilidad para contribuir a la difusi\u00f3n de esa noble expresi\u00f3n milenaria tan arraigada en nuestros pueblos originarios y que hoy tiene una vigencia primordial en el arte contempor\u00e1neo, con una riqu\u00edsima variedad de est\u00e9ticas\u201c.<\/p>\n<p>&nbsp;<\/p>\n<p><strong>\u00a0<\/strong><strong>UNA MARCA EN LA HISTORIA<\/strong><\/p>\n<p><strong>Mariel Tarela<\/strong>\u00a0-presidente del Centro Argentino de Arte Cer\u00e1mico- indica: \u201cDesde su fundaci\u00f3n, en 1958, el CAAC ha sostenido el prop\u00f3sito de nuclear a los artistas ceramistas y difundir el arte cer\u00e1mico. Visibilizar las particularidades \u00e9ticas y est\u00e9ticas de nuestra disciplina. Un hacer ancestral que adopta el nombre de la materialidad sobre la que se expresa y lleva la marca del paso por fuego que la transforma\u201c.<\/p>\n<p>Es importante se\u00f1alar que cada edici\u00f3n de este concurso se realiza en una localidad distinta del pa\u00eds. Al respecto, la referente de la instituci\u00f3n precisa: \u201cLa realizaci\u00f3n del 33\u00b0 Sal\u00f3n Internacional de Cer\u00e1mica Peque\u00f1o Formato, en el excepcional marco de la Bienal Internacional de Escultura del Chaco ser\u00e1 un momento significativo en la historia de nuestra instituci\u00f3n\u201c.<\/p>\n<p><strong><img loading=\"lazy\" decoding=\"async\" class=\"size-full wp-image-13194 aligncenter\" src=\"https:\/\/www.bienaldelchaco.org\/2024\/wp-content\/uploads\/2024\/06\/CAAC-3-Jurado.webp\" alt=\"\" width=\"696\" height=\"696\" srcset=\"https:\/\/www.bienaldelchaco.org\/2024\/wp-content\/uploads\/2024\/06\/CAAC-3-Jurado.webp 696w, https:\/\/www.bienaldelchaco.org\/2024\/wp-content\/uploads\/2024\/06\/CAAC-3-Jurado-300x300.webp 300w, https:\/\/www.bienaldelchaco.org\/2024\/wp-content\/uploads\/2024\/06\/CAAC-3-Jurado-150x150.webp 150w, https:\/\/www.bienaldelchaco.org\/2024\/wp-content\/uploads\/2024\/06\/CAAC-3-Jurado-570x570.webp 570w, https:\/\/www.bienaldelchaco.org\/2024\/wp-content\/uploads\/2024\/06\/CAAC-3-Jurado-500x500.webp 500w\" sizes=\"auto, (max-width: 696px) 100vw, 696px\" \/><\/strong><\/p>\n<p>&nbsp;<\/p>\n<p><strong>SELECCIONADOS<\/strong><\/p>\n<p>El jurado de selecci\u00f3n y premiaci\u00f3n est\u00e1 integrado por la artista misionera\u00a0<strong>Silvana Kelm\u00a0<\/strong>(Centro de Arte del Parque del Conocimiento de Posadas), la destacada ceramista chaquea\u00a0<strong>Tere Capurro\u00a0<\/strong>(Centro Argentino de Arte Cer\u00e1mico) y el curador\u00a0<strong>Gustavo Insaurralde\u00a0<\/strong>(Fundaci\u00f3n Urunday). La reuni\u00f3n del jurado para evaluar las obras y establecer los premios est\u00e1 fijada para el lunes 8 de julio, a las 16, en el Museo de Bellas Artes \u201cRen\u00e9 Brusau\u201c donde quedar\u00e1 exhibida la muestra de los trabajos hasta el 31 de agosto.<\/p>\n<p>En esta edici\u00f3n se recibieron\u00a0<strong>112 obras<\/strong>, el mayor \u00edndice de inscriptos en la historia del sal\u00f3n, y quedaron seleccionadas 44 obras de distintos puntos del pa\u00eds (Chaco, Corrientes, Misiones, Entre R\u00edos, Santa Fe, C\u00f3rdoba, Tucum\u00e1n, Buenos Aires, Mendoza, R\u00edo Negro, Neuqu\u00e9n y Ciudad de Buenos Aires) e incluso representantes de otros pa\u00edses (Brasil, Portugal, Colombia y Paraguay). La premiaci\u00f3n est\u00e1 prevista para el s\u00e1bado 13 de julio.<\/p>\n<p><img loading=\"lazy\" decoding=\"async\" class=\"size-full wp-image-13193 aligncenter\" src=\"https:\/\/www.bienaldelchaco.org\/2024\/wp-content\/uploads\/2024\/06\/CAAC-4-Inauguracion.webp\" alt=\"\" width=\"696\" height=\"696\" srcset=\"https:\/\/www.bienaldelchaco.org\/2024\/wp-content\/uploads\/2024\/06\/CAAC-4-Inauguracion.webp 696w, https:\/\/www.bienaldelchaco.org\/2024\/wp-content\/uploads\/2024\/06\/CAAC-4-Inauguracion-300x300.webp 300w, https:\/\/www.bienaldelchaco.org\/2024\/wp-content\/uploads\/2024\/06\/CAAC-4-Inauguracion-150x150.webp 150w, https:\/\/www.bienaldelchaco.org\/2024\/wp-content\/uploads\/2024\/06\/CAAC-4-Inauguracion-570x570.webp 570w, https:\/\/www.bienaldelchaco.org\/2024\/wp-content\/uploads\/2024\/06\/CAAC-4-Inauguracion-500x500.webp 500w\" sizes=\"auto, (max-width: 696px) 100vw, 696px\" \/><\/p>\n<\/div>\n<\/div>\n[\/vc_column_text][vc_empty_space][\/vc_column][\/vc_row][vc_row css_animation=&#8221;&#8221; row_type=&#8221;row&#8221; use_row_as_full_screen_section=&#8221;no&#8221; type=&#8221;full_width&#8221; angled_section=&#8221;no&#8221; text_align=&#8221;left&#8221; background_image_as_pattern=&#8221;without_pattern&#8221;][vc_column][vc_empty_space][vc_column_text]Fuente:\u00a0 <a href=\"https:\/\/diarioprimeralinea.com.ar\/la-bienal-del-chaco-sera-sede-del-33-salon-internacional-de-ceramica\/\" target=\"_blank\" rel=\"noopener\">https:\/\/diarioprimeralinea.com.ar\/la-bienal-del-chaco-sera-sede-del-33-salon-internacional-de-ceramica\/<\/a>[\/vc_column_text][vc_empty_space][\/vc_column][\/vc_row]\n","protected":false},"excerpt":{"rendered":"<p>Bienal del Chaco se convirti\u00f3 en una plataforma de acci\u00f3n cultural.\u00a0La actividad principal que desarrolla es el certamen escult\u00f3rico internacional y el encuentro de escultores invitados, pero tambi\u00e9n se ocupa del emplazamiento y conservaci\u00f3n de las esculturas de Resistencia. Asimismo, fue sumando otros actores culturales&#8230;<\/p>\n","protected":false},"author":3,"featured_media":13196,"comment_status":"closed","ping_status":"closed","sticky":false,"template":"","format":"standard","meta":{"footnotes":""},"categories":[6],"tags":[],"class_list":["post-13192","post","type-post","status-publish","format-standard","has-post-thumbnail","hentry","category-novedades"],"_links":{"self":[{"href":"https:\/\/www.bienaldelchaco.org\/2024\/wp-json\/wp\/v2\/posts\/13192","targetHints":{"allow":["GET"]}}],"collection":[{"href":"https:\/\/www.bienaldelchaco.org\/2024\/wp-json\/wp\/v2\/posts"}],"about":[{"href":"https:\/\/www.bienaldelchaco.org\/2024\/wp-json\/wp\/v2\/types\/post"}],"author":[{"embeddable":true,"href":"https:\/\/www.bienaldelchaco.org\/2024\/wp-json\/wp\/v2\/users\/3"}],"replies":[{"embeddable":true,"href":"https:\/\/www.bienaldelchaco.org\/2024\/wp-json\/wp\/v2\/comments?post=13192"}],"version-history":[{"count":1,"href":"https:\/\/www.bienaldelchaco.org\/2024\/wp-json\/wp\/v2\/posts\/13192\/revisions"}],"predecessor-version":[{"id":13197,"href":"https:\/\/www.bienaldelchaco.org\/2024\/wp-json\/wp\/v2\/posts\/13192\/revisions\/13197"}],"wp:featuredmedia":[{"embeddable":true,"href":"https:\/\/www.bienaldelchaco.org\/2024\/wp-json\/wp\/v2\/media\/13196"}],"wp:attachment":[{"href":"https:\/\/www.bienaldelchaco.org\/2024\/wp-json\/wp\/v2\/media?parent=13192"}],"wp:term":[{"taxonomy":"category","embeddable":true,"href":"https:\/\/www.bienaldelchaco.org\/2024\/wp-json\/wp\/v2\/categories?post=13192"},{"taxonomy":"post_tag","embeddable":true,"href":"https:\/\/www.bienaldelchaco.org\/2024\/wp-json\/wp\/v2\/tags?post=13192"}],"curies":[{"name":"wp","href":"https:\/\/api.w.org\/{rel}","templated":true}]}}