{"id":13198,"date":"2024-06-28T18:20:31","date_gmt":"2024-06-28T21:20:31","guid":{"rendered":"https:\/\/www.bienaldelchaco.org\/2024\/?p=13198"},"modified":"2024-07-01T15:01:28","modified_gmt":"2024-07-01T18:01:28","slug":"bienal-2024-resistencia-se-prepara-para-vivir-una-gran-fiesta-cultural-con-mas-de-200-artistas-locales","status":"publish","type":"post","link":"https:\/\/www.bienaldelchaco.org\/2024\/bienal-2024-resistencia-se-prepara-para-vivir-una-gran-fiesta-cultural-con-mas-de-200-artistas-locales\/","title":{"rendered":"Bienal 2024: Resistencia se prepara para vivir una gran fiesta cultural con m\u00e1s de 200 artistas locales"},"content":{"rendered":"<p>El Municipio de Resistencia sigue preparando y acondicionando el predio del Domo del Centenario y el Parque Intercultural 2 de Febrero para recibir a todos los visitantes que llegar\u00e1n para disfrutar de la Bienal Internacional de Escultura 2024.<\/p>\n<p><!--more-->[vc_row css_animation=&#8221;&#8221; row_type=&#8221;row&#8221; use_row_as_full_screen_section=&#8221;no&#8221; type=&#8221;full_width&#8221; angled_section=&#8221;no&#8221; text_align=&#8221;left&#8221; background_image_as_pattern=&#8221;without_pattern&#8221;][vc_column][vc_column_text]En este sentido, desde la Secretar\u00eda de Cultura y Turismo, explicaron que \u201cel objetivo es seguir posicionando a Resistencia como un polo tur\u00edstico, cultural y con una identidad \u00fanica mientras brindamos actividades recreativas para todos los asistentes\u201d.<\/p>\n<p>Si bien la grilla final de actividades y artistas est\u00e1 en proceso de definirse, remarcaron que \u201cM\u00e1s de 200 artistas locales estar\u00e1n presentes en los dos escenarios con los que cuenta el Municipio. Apuntamos a impulsar la cultura local y a nuestros artistas, que se sumar\u00e1n as\u00ed a la extensa grilla de espect\u00e1culos nacionales e internacionales que promueve la Bienal del Chaco\u201d.<\/p>\n<p>En el Escenario denominado \u201cEspacio Irup\u00e9\u201d, durante todos los d\u00edas de Bienal se llevar\u00e1n a cabo actividades art\u00edsticas, musicales y de danzas para que los artistas emergentes y escuelas municipales de la ciudad puedan mostrarse. Este punto ser\u00e1 de suma importancia para seguir fomentando a todos los artistas que apuestan al crecimiento cultural de Resistencia.<\/p>\n<p>\u201cAgit\u00e1 la Bienal\u201d se llevar\u00e1 a cabo en el anfiteatro del Parque 2 de febrero, donde artistas emergentes y consagrados participar\u00e1n de este concurso. Del s\u00e1bado 13 al 21 de julio de 14 a 21 hs se presentar\u00e1n 66 artistas en los rubros danzas, m\u00fasica y circo. De este concurso salen 3 ganadores y 5 artistas ser\u00e1n convocados para participar en eventos en el pa\u00eds vecino del Paraguay.<\/p>\n<p>En el Box 3 Planta Baja y el Paseo Costanero, desde la Secretar\u00eda de Cultura y Turismo se armar\u00e1 una exposici\u00f3n de arte para que, continuando con el criterio de polo cultural, se de espacio a todas las expresiones art\u00edsticas.<\/p>\n<p>\u201cLo dijimos desde el inicio de nuestra gesti\u00f3n, vamos a apostar a los artistas locales, de todas las expresiones art\u00edsticas, acompa\u00f1ando a todos para que el mundo los conozca, sabemos que los ojos de todos estar\u00e1n ubicados en nuestra ciudad desde el 13 de julio y es una oportunidad excepcional para que todos los artistas brillen\u201d, expresaron.<\/p>\n<p>Nos enfocamos, tambi\u00e9n, en que los Puntos de Informaci\u00f3n Tur\u00edstica que ser\u00e1n ubicados estrat\u00e9gicamente para que comuniquen de manera asertiva y accesible para todos, a trav\u00e9s de diferentes idiomas, lenguaje de se\u00f1as, y material en braille.[\/vc_column_text][vc_empty_space][\/vc_column][\/vc_row][vc_row css_animation=&#8221;&#8221; row_type=&#8221;row&#8221; use_row_as_full_screen_section=&#8221;no&#8221; type=&#8221;full_width&#8221; angled_section=&#8221;no&#8221; text_align=&#8221;left&#8221; background_image_as_pattern=&#8221;without_pattern&#8221;][vc_column][vc_empty_space][vc_column_text]<a href=\"https:\/\/chacodiapordia.com\/bienal-2024-resistencia-se-prepara-para-recibir-una-gran-fiesta-cultural-con-mas-de-200-artistas-locales\/\" target=\"_blank\" rel=\"noopener\">https:\/\/chacodiapordia.com\/bienal-2024-resistencia-se-prepara-para-recibir-una-gran-fiesta-cultural-con-mas-de-200-artistas-locales\/<\/a>Fuente:\u00a0<a href=\"https:\/\/barranquerasonline.com.ar\/bienal-2024-resistencia-se-prepara-para-vivir-una-gran-fiesta-cultural-con-mas-de-200-artistas-locales\/\" target=\"_blank\" rel=\"noopener\"> https:\/\/barranquerasonline.com.ar\/bienal-2024-resistencia-se-prepara-para-vivir-una-gran-fiesta-cultural-con-mas-de-200-artistas-locales\/<\/a><\/p>\n<p><a href=\"https:\/\/infoqom.com.ar\/bienal-2024-resistencia-preparada-para-la-gran-fiesta-cultural-con-mas-de-200-artistas-locales\/\" target=\"_blank\" rel=\"noopener\"> https:\/\/infoqom.com.ar\/bienal-2024-resistencia-preparada-para-la-gran-fiesta-cultural-con-mas-de-200-artistas-locales\/<\/a><\/p>\n<p><a href=\"https:\/\/chacodiapordia.com\/bienal-2024-resistencia-se-prepara-para-recibir-una-gran-fiesta-cultural-con-mas-de-200-artistas-locales\/\" target=\"_blank\" rel=\"noopener\"> https:\/\/chacodiapordia.com\/bienal-2024-resistencia-se-prepara-para-recibir-una-gran-fiesta-cultural-con-mas-de-200-artistas-locales\/<\/a>[\/vc_column_text][vc_empty_space][\/vc_column][\/vc_row]\n","protected":false},"excerpt":{"rendered":"<p>El Municipio de Resistencia sigue preparando y acondicionando el predio del Domo del Centenario y el Parque Intercultural 2 de Febrero para recibir a todos los visitantes que llegar\u00e1n para disfrutar de la Bienal Internacional de Escultura 2024.<\/p>\n","protected":false},"author":3,"featured_media":13199,"comment_status":"closed","ping_status":"closed","sticky":false,"template":"","format":"standard","meta":{"footnotes":""},"categories":[6],"tags":[],"class_list":["post-13198","post","type-post","status-publish","format-standard","has-post-thumbnail","hentry","category-novedades"],"_links":{"self":[{"href":"https:\/\/www.bienaldelchaco.org\/2024\/wp-json\/wp\/v2\/posts\/13198","targetHints":{"allow":["GET"]}}],"collection":[{"href":"https:\/\/www.bienaldelchaco.org\/2024\/wp-json\/wp\/v2\/posts"}],"about":[{"href":"https:\/\/www.bienaldelchaco.org\/2024\/wp-json\/wp\/v2\/types\/post"}],"author":[{"embeddable":true,"href":"https:\/\/www.bienaldelchaco.org\/2024\/wp-json\/wp\/v2\/users\/3"}],"replies":[{"embeddable":true,"href":"https:\/\/www.bienaldelchaco.org\/2024\/wp-json\/wp\/v2\/comments?post=13198"}],"version-history":[{"count":6,"href":"https:\/\/www.bienaldelchaco.org\/2024\/wp-json\/wp\/v2\/posts\/13198\/revisions"}],"predecessor-version":[{"id":13225,"href":"https:\/\/www.bienaldelchaco.org\/2024\/wp-json\/wp\/v2\/posts\/13198\/revisions\/13225"}],"wp:featuredmedia":[{"embeddable":true,"href":"https:\/\/www.bienaldelchaco.org\/2024\/wp-json\/wp\/v2\/media\/13199"}],"wp:attachment":[{"href":"https:\/\/www.bienaldelchaco.org\/2024\/wp-json\/wp\/v2\/media?parent=13198"}],"wp:term":[{"taxonomy":"category","embeddable":true,"href":"https:\/\/www.bienaldelchaco.org\/2024\/wp-json\/wp\/v2\/categories?post=13198"},{"taxonomy":"post_tag","embeddable":true,"href":"https:\/\/www.bienaldelchaco.org\/2024\/wp-json\/wp\/v2\/tags?post=13198"}],"curies":[{"name":"wp","href":"https:\/\/api.w.org\/{rel}","templated":true}]}}