{"id":13204,"date":"2024-06-28T19:04:53","date_gmt":"2024-06-28T22:04:53","guid":{"rendered":"https:\/\/www.bienaldelchaco.org\/2024\/?p=13204"},"modified":"2024-06-28T19:06:30","modified_gmt":"2024-06-28T22:06:30","slug":"bienal-de-esculturas-del-chaco-2024-la-fragua-del-metal-se-llevara-todas-las-miradas","status":"publish","type":"post","link":"https:\/\/www.bienaldelchaco.org\/2024\/bienal-de-esculturas-del-chaco-2024-la-fragua-del-metal-se-llevara-todas-las-miradas\/","title":{"rendered":"Bienal de Esculturas del Chaco 2024: la fragua del metal se llevar\u00e1 todas las miradas"},"content":{"rendered":"<p>Entre el 13 y el 21 de julio, diez escultores realizar\u00e1n su obra en chapas met\u00e1licas lisas.<\/p>\n<p>M\u00e1s all\u00e1 de los primeros puestos ganadores, todas las esculturas pasar\u00e1n a formar parte del patrimonio escult\u00f3rico de Resistencia en la v\u00eda p\u00fablica.<\/p>\n<p><!--more-->[vc_row css_animation=&#8221;&#8221; row_type=&#8221;row&#8221; use_row_as_full_screen_section=&#8221;no&#8221; type=&#8221;full_width&#8221; angled_section=&#8221;no&#8221; text_align=&#8221;left&#8221; background_image_as_pattern=&#8221;without_pattern&#8221;][vc_column][vc_column_text]\n<div class=\"sc-af895f0d-0 efsJfn container-text\">\n<p>Este a\u00f1o no ser\u00e1 el sonido de las sierras sobre los bloques de m\u00e1rmol travertino el que llamar\u00e1 la atenci\u00f3n entre los visitantes de la nueva edici\u00f3n de la\u00a0<strong><a title=\"Bienal Internacional de Esculturas\" href=\"https:\/\/www.clarin.com\/cultura\/bienal-chaco-escultor-rumano-quedo-primer-puesto-obra-naturaleza_0_AvgcoCfusm.html\" target=\"_blank\" rel=\"noopener\" data-mrf-link=\"https:\/\/www.clarin.com\/cultura\/bienal-chaco-escultor-rumano-quedo-primer-puesto-obra-naturaleza_0_AvgcoCfusm.html\">Bienal Internacional de Esculturas<\/a>, que se desarrollar\u00e1 del 13 al 21 de julio<\/strong>\u00a0en el predio del Parque 2 de Febrero, de la ciudad de Resistencia, no s\u00f3lo la capital de la provincia de Chaco sino tambi\u00e9n la\u00a0<strong>Capital Nacional de las Esculturas<\/strong>. En esta ocasi\u00f3n,\u00a0<strong>la fragua del metal se llevar\u00e1 todas las miradas:<\/strong>\u00a0con ese embelesamiento magn\u00e9tico que por siglos y siglos ha provocado en cada mirada, el fuego para forjar metales ser\u00e1 uno de los protagonistas principales de este gran encuentro cuando los mejores escultores en la materia, provenientes de todas las latitudes, cual herreros, comiencen a dar forma a sus obras de arte met\u00e1licas.<\/p>\n<p>&nbsp;<\/p>\n<\/div>\n<div class=\"sc-af895f0d-0 efsJfn container-text\">\n<p>A metros del cruce de Callao y Corrientes, en la Ciudad de Buenos Aires, la Casa del Chaco fue el escenario, el lunes, del lanzamiento oficial de la\u00a0<strong>XIII edici\u00f3n de la Bienal Internacional de Esculturas, la competencia a cielo abierto m\u00e1s importante del mundo.<\/strong>\u00a0Ante la se\u00f1al de largada, los competidores -los mejores referentes de la disciplina- se ubicar\u00e1n en un gran cuadril\u00e1tero dise\u00f1ado para la ocasi\u00f3n y\u00a0<strong>realizar\u00e1n una escultura en metal durante los ocho d\u00edas que dura la\u00a0<a title=\"Bienal\" href=\"https:\/\/www.clarin.com\/revista-n\/arte\/bienal-chaco-2022_0_rzDlEYKSfm.html\" target=\"_blank\" rel=\"noopener\" data-mrf-link=\"https:\/\/www.clarin.com\/revista-n\/arte\/bienal-chaco-2022_0_rzDlEYKSfm.html\">Bienal<\/a>. Lo har\u00e1n al aire libre<\/strong>\u00a0y frente a los visitantes que se acercar\u00e1n -la entrada es libre y gratuita-, se sacar\u00e1n fotos, los filmar\u00e1n, les hablar\u00e1n y hasta transmitir\u00e1n en sus redes sociales. Es frecuente escuchar en los discursos de presentaci\u00f3n la palabra\u00a0<strong>\u201csinergia\u201d, en referencia al v\u00ednculo que se establece entre artistas y p\u00fablico.<\/strong><\/p>\n<p>&nbsp;<\/p>\n<\/div>\n<div class=\"sc-af895f0d-0 efsJfn container-text\">\n<p>La Bienal ya hab\u00eda tenido su anticipo el 6 de marzo pasado, en el D\u00eda Internacional del Escultor, cuando<a title=\" se inaugur\u00f3 el monumento del gemelo del David de Miguel \u00c1ngel\" href=\"https:\/\/www.clarin.com\/cultura\/italia-argentina-gemelo-david-miguel-angel_0_KZxkF20C1I.html\" target=\"_blank\" rel=\"noopener\" data-mrf-link=\"https:\/\/www.clarin.com\/cultura\/italia-argentina-gemelo-david-miguel-angel_0_KZxkF20C1I.html\">\u00a0se inaugur\u00f3 el monumento del gemelo del David de Miguel \u00c1ngel<\/a>, realizado con t\u00e9cnicas digitales e impresi\u00f3n 3D, que ahora pr\u00e1cticamente preside el predio de diez hect\u00e1reas y es el \u201cselfie point\u201d obligado para quienes pasen por all\u00ed.<\/p>\n<\/div>\n<p>&nbsp;<\/p>\n<p><img loading=\"lazy\" decoding=\"async\" class=\"size-full wp-image-13208 aligncenter\" src=\"https:\/\/www.bienaldelchaco.org\/2024\/wp-content\/uploads\/2024\/06\/A5YAjT1ef_1256x620__1.jpg\" alt=\"\" width=\"1256\" height=\"620\" srcset=\"https:\/\/www.bienaldelchaco.org\/2024\/wp-content\/uploads\/2024\/06\/A5YAjT1ef_1256x620__1.jpg 1256w, https:\/\/www.bienaldelchaco.org\/2024\/wp-content\/uploads\/2024\/06\/A5YAjT1ef_1256x620__1-300x148.jpg 300w, https:\/\/www.bienaldelchaco.org\/2024\/wp-content\/uploads\/2024\/06\/A5YAjT1ef_1256x620__1-1024x505.jpg 1024w, https:\/\/www.bienaldelchaco.org\/2024\/wp-content\/uploads\/2024\/06\/A5YAjT1ef_1256x620__1-768x379.jpg 768w, https:\/\/www.bienaldelchaco.org\/2024\/wp-content\/uploads\/2024\/06\/A5YAjT1ef_1256x620__1-700x346.jpg 700w\" sizes=\"auto, (max-width: 1256px) 100vw, 1256px\" \/><\/p>\n<p>&nbsp;<\/p>\n<div class=\"sc-af895f0d-0 efsJfn container-text\">\n<p>Los escultores que participar\u00e1n en la edici\u00f3n 2024 -seleccionados entre 157 candidatos de 55 pa\u00edses- son: Luis Bernardi (Argentina), Alejandro Mardones Guillen (Chile), Carlos Iglesias (Espa\u00f1a), Billy Lee (Estados Unidos), Butrint Morina (Kosovo), Solveiga Vasiljeva (Letonia), Anna Korver (Nueva Zelanda), Percy Ra\u00fal Zorrilla Soto (Per\u00fa), Bogdam Adrian Lefter (Rumania) y Emrah \u00d6nal (Turqu\u00eda).<\/p>\n<p>&nbsp;<\/p>\n<\/div>\n<div class=\"sc-af895f0d-0 efsJfn container-text\">\n<p>Los diez artistas empezar\u00e1n con<strong>\u00a0dos unidades de chapa lisa laminada en fr\u00edo\u00a0<\/strong>y dispondr\u00e1n de accesorios que necesiten para la obra, sea una barra de hierro liso, bisagras, pernos, bujes, bulones y planchas con dise\u00f1os. Cada uno traer\u00e1 sus propias herramientas, que podr\u00e1n compartir.<\/p>\n<p>&nbsp;<\/p>\n<\/div>\n<div class=\"sc-af895f0d-0 efsJfn container-text\">\n<p>Esta Bienal es de tal magnitud para los escultores que participar significa para ellos prestigio, estatus y curr\u00edculum personal. Para hacerlo m\u00e1s gr\u00e1fico: todos reciben el mismo premio econ\u00f3mico s\u00f3lo por el hecho de competir (5.000 d\u00f3lares cada uno) y todas las creaciones ser\u00e1n emplazadas en un plazo de dos meses en distintas zonas de Resistencia, incorpor\u00e1ndose como Patrimonio Cultural Art\u00edstico de la ciudad.<\/p>\n<p>&nbsp;<\/p>\n<\/div>\n<div class=\"sc-af895f0d-0 efsJfn container-text\">\n<p>Habr\u00e1, eso s\u00ed, un Primer Premio (Medalla de Oro), un Segundo Premio (Plata) y un Tercer Premio (Bronce), seg\u00fan la evaluaci\u00f3n del Jurado de Honor compuesto por Carlos Monge (M\u00e9xico), Piotr Twardowski (Polonia) y Ram\u00f3n Morales Rossi (Venezuela). Luego habr\u00e1 tambi\u00e9n un Premio de los Escultores \u201cEfra\u00edn Boglietti\u201d, un Premio del P\u00fablico \u201cJuan Alberto Garc\u00eda\u201d y un Premio de los Ni\u00f1os \u201cReinaldo Mart\u00ednez\u201d. Es decir que todos los asistentes a la Bienal -especialistas o no- podr\u00e1n votar la escultura que m\u00e1s les guste.<\/p>\n<p>&nbsp;<\/p>\n<\/div>\n<div class=\"sc-fed1235d-0 cJeYLt\" style=\"text-align: center;\"><span class=\"epigraphe\"><img loading=\"lazy\" decoding=\"async\" class=\"size-full wp-image-13207 aligncenter\" src=\"https:\/\/www.bienaldelchaco.org\/2024\/wp-content\/uploads\/2024\/06\/Qr8AXI5S5_1256x620__1.jpg\" alt=\"\" width=\"1256\" height=\"620\" srcset=\"https:\/\/www.bienaldelchaco.org\/2024\/wp-content\/uploads\/2024\/06\/Qr8AXI5S5_1256x620__1.jpg 1256w, https:\/\/www.bienaldelchaco.org\/2024\/wp-content\/uploads\/2024\/06\/Qr8AXI5S5_1256x620__1-300x148.jpg 300w, https:\/\/www.bienaldelchaco.org\/2024\/wp-content\/uploads\/2024\/06\/Qr8AXI5S5_1256x620__1-1024x505.jpg 1024w, https:\/\/www.bienaldelchaco.org\/2024\/wp-content\/uploads\/2024\/06\/Qr8AXI5S5_1256x620__1-768x379.jpg 768w, https:\/\/www.bienaldelchaco.org\/2024\/wp-content\/uploads\/2024\/06\/Qr8AXI5S5_1256x620__1-700x346.jpg 700w\" sizes=\"auto, (max-width: 1256px) 100vw, 1256px\" \/>Daniel Scioli, Leandro Zdero y Jos\u00e9 Eidman en la el lanzamiento de la Bienal de Esculturas en la Casa de Chaco.<\/span><\/div>\n<h2><\/h2>\n<p>&nbsp;<\/p>\n<div class=\"sc-af895f0d-0 efsJfn container-text\">\n<p><strong>Trece ediciones<\/strong><\/p>\n<\/div>\n<div class=\"sc-af895f0d-0 efsJfn container-text\">\n<p>Fiesta art\u00edstica y cultural, la Bienal no es s\u00f3lo la Bienal, sino tambi\u00e9n todas las actividades complementarias que asimismo la integran: el IX Encuentro de Escultores Invitados, el IX Concurso de Escultura para Estudiantes de Artes, el IV Congreso Internacional de Artes, el III Seminario de Arte, Derecho, Patrimonio y Urbanismo, el II Congreso Internacional de Derecho del Arte, el V Festival Filarm\u00f3nico Juvenil, el VI Encuentro de Maestros Artesanos Argentinos y el VIII Encuentro de Artesanos de Pueblos Originarios.<\/p>\n<p>&nbsp;<\/p>\n<\/div>\n<div class=\"sc-af895f0d-0 efsJfn container-text\">\n<p>Adem\u00e1s de darse entre escultores y visitantes, la sinergia tambi\u00e9n funciona, podr\u00eda decirse, entre las partes que componen\u00a0<strong>el comit\u00e9 organizador: el Gobierno de Chaco y la Fundaci\u00f3n Urunday<\/strong>\u00a0realizan un esfuerzo conjunto entre aportes p\u00fablicos y privados para poner en marcha este evento de alcance mundial, uno de los acontecimientos art\u00edsticos m\u00e1s relevantes de la Argentina, al punto de haber sido<strong>\u00a0distinguido con la licencia Marca Pa\u00eds.<\/strong><\/p>\n<p>&nbsp;<\/p>\n<\/div>\n<div class=\"sc-fed1235d-0 cJeYLt\" style=\"text-align: center;\"><span class=\"epigraphe\"><img loading=\"lazy\" decoding=\"async\" class=\"size-full wp-image-13206 aligncenter\" src=\"https:\/\/www.bienaldelchaco.org\/2024\/wp-content\/uploads\/2024\/06\/pmgqZX8Hi_1256x620__1.jpg\" alt=\"\" width=\"1256\" height=\"620\" srcset=\"https:\/\/www.bienaldelchaco.org\/2024\/wp-content\/uploads\/2024\/06\/pmgqZX8Hi_1256x620__1.jpg 1256w, https:\/\/www.bienaldelchaco.org\/2024\/wp-content\/uploads\/2024\/06\/pmgqZX8Hi_1256x620__1-300x148.jpg 300w, https:\/\/www.bienaldelchaco.org\/2024\/wp-content\/uploads\/2024\/06\/pmgqZX8Hi_1256x620__1-1024x505.jpg 1024w, https:\/\/www.bienaldelchaco.org\/2024\/wp-content\/uploads\/2024\/06\/pmgqZX8Hi_1256x620__1-768x379.jpg 768w, https:\/\/www.bienaldelchaco.org\/2024\/wp-content\/uploads\/2024\/06\/pmgqZX8Hi_1256x620__1-700x346.jpg 700w\" sizes=\"auto, (max-width: 1256px) 100vw, 1256px\" \/>El escultor Fabriciano G\u00f3mez (1944-2021). Gentileza<\/span><\/div>\n<div class=\"sc-af895f0d-0 efsJfn container-text\">\n<p>&nbsp;<\/p>\n<p>La Bienal tambi\u00e9n fue declarada de inter\u00e9s cultural por la Organizaci\u00f3n de los Estados Americanos, reconocida por la Fundaci\u00f3n Konex y cuenta con el auspicio de la Academia Nacional de Bellas Artes, del Fondo Nacional de las Artes y de la Unesco (desde 1997).<\/p>\n<p>&nbsp;<\/p>\n<\/div>\n<div class=\"sc-af895f0d-0 efsJfn container-text\">\n<p>Se subray\u00f3, durante la presentaci\u00f3n, el trayecto de este encuentro art\u00edstico desde los primeros concursos en madera de quebracho, palo santo o urunday, en la Plaza 25 de Mayo, la plaza central de Resistencia, a las actuales bienales multitudinarias (unas 800 mil personas concurrieron a la \u00faltima edici\u00f3n), habiendo recibido a lo largo de 36 a\u00f1os a 1.500 escultores consagrados del mundo, que dejaron sus obras en el espacio p\u00fablico de la ciudad, casi 700 esculturas de distintos materiales (madera, m\u00e1rmol, metal) que integran el museo a cielo abierto m\u00e1s importante de la regi\u00f3n.<\/p>\n<p>&nbsp;<\/p>\n<\/div>\n<div class=\"sc-af895f0d-0 efsJfn container-text\">\n<p>No \u00fanicamente: el evento reporta, adem\u00e1s, m\u00faltiples beneficios para la provincia y regi\u00f3n por su impacto en lo econ\u00f3mico, tur\u00edstico, educativo y social. La Bienal debe su origen al impulso del escultor\u00a0<strong>Fabriciano G\u00f3mez,<\/strong>\u00a0a quien invocan casi como una deidad, tal es el cari\u00f1o que sienten por \u201cFabri\u201d o \u201cFabriciano\u201d, tal como lo llaman. La primera fue en 1988 y 36 a\u00f1os despu\u00e9s en Chaco no ve la hora de que empiece la XIII edici\u00f3n.<\/p>\n<p>&nbsp;<\/p>\n<div class=\"sc-af895f0d-0 efsJfn container-text\">\n<p>Del acto del lunes participaron funcionarios nacionales y provinciales, embajadores, artistas, empresarios, investigadores, adem\u00e1s de prensa nacional e internacional. Entre otros, estuvieron\u00a0<strong><a title=\"Leandro Zdero\" href=\"https:\/\/www.clarin.com\/politica\/elecciones-paso-chaco-radicales-pelean-voto-voto-encabezar-boleta-juntos-cambio_0_2fEZkl5yyi.html\" target=\"_blank\" rel=\"noopener\" data-mrf-link=\"https:\/\/www.clarin.com\/politica\/elecciones-paso-chaco-radicales-pelean-voto-voto-encabezar-boleta-juntos-cambio_0_2fEZkl5yyi.html\">Leandro Zdero<\/a>\u00a0<\/strong>(Gobernador de Chaco);\u00a0<strong><a title=\"Daniel Scioli\" href=\"https:\/\/www.clarin.com\/politica\/daniel-scioli-milei-van-tener-dar-premio-nobel-economia-digo-toda-claridad_0_8bWSsiMBCJ.html\" target=\"_blank\" rel=\"noopener\" data-mrf-link=\"https:\/\/www.clarin.com\/politica\/daniel-scioli-milei-van-tener-dar-premio-nobel-economia-digo-toda-claridad_0_8bWSsiMBCJ.html\">Daniel Scioli<\/a><\/strong>\u00a0(Secretario de Turismo, Ambiente y Deportes del Ministerio del Interior); y\u00a0<strong>Jos\u00e9 Eidman\u00a0<\/strong>(Presidente de la Fundaci\u00f3n Urunday).<\/p>\n<p>&nbsp;<\/p>\n<\/div>\n<div class=\"sc-af895f0d-0 efsJfn container-text\">\n<p><strong>*Con entrada libre y gratuita, la Bienal Internacional de Esculturas de Chaco 2024 se realizar\u00e1 entre el 13 y 21 de julio en el predio del Parque Intercultural 2 de Febrero, ubicado en avenida \u00c1valos 950, de la ciudad de Resistencia, Chaco.<\/strong><\/p>\n<\/div>\n<\/div>\n[\/vc_column_text][vc_empty_space][\/vc_column][\/vc_row][vc_row css_animation=&#8221;&#8221; row_type=&#8221;row&#8221; use_row_as_full_screen_section=&#8221;no&#8221; type=&#8221;full_width&#8221; angled_section=&#8221;no&#8221; text_align=&#8221;left&#8221; background_image_as_pattern=&#8221;without_pattern&#8221;][vc_column][vc_empty_space][vc_column_text]Fuente:\u00a0 <a href=\"https:\/\/www.clarin.com\/revista-n\/bienal-internacional-esculturas-chaco-2024-fragua-metal-llevara-todas-miradas_0_sHLilo0Sgg.html\" target=\"_blank\" rel=\"noopener\">https:\/\/www.clarin.com\/revista-n\/bienal-internacional-esculturas-chaco-2024-fragua-metal-llevara-todas-miradas_0_sHLilo0Sgg.html<\/a>[\/vc_column_text][vc_empty_space][\/vc_column][\/vc_row]\n","protected":false},"excerpt":{"rendered":"<p>Entre el 13 y el 21 de julio, diez escultores realizar\u00e1n su obra en chapas met\u00e1licas lisas. M\u00e1s all\u00e1 de los primeros puestos ganadores, todas las esculturas pasar\u00e1n a formar parte del patrimonio escult\u00f3rico de Resistencia en la v\u00eda p\u00fablica.<\/p>\n","protected":false},"author":3,"featured_media":13205,"comment_status":"closed","ping_status":"closed","sticky":false,"template":"","format":"standard","meta":{"footnotes":""},"categories":[6],"tags":[],"class_list":["post-13204","post","type-post","status-publish","format-standard","has-post-thumbnail","hentry","category-novedades"],"_links":{"self":[{"href":"https:\/\/www.bienaldelchaco.org\/2024\/wp-json\/wp\/v2\/posts\/13204","targetHints":{"allow":["GET"]}}],"collection":[{"href":"https:\/\/www.bienaldelchaco.org\/2024\/wp-json\/wp\/v2\/posts"}],"about":[{"href":"https:\/\/www.bienaldelchaco.org\/2024\/wp-json\/wp\/v2\/types\/post"}],"author":[{"embeddable":true,"href":"https:\/\/www.bienaldelchaco.org\/2024\/wp-json\/wp\/v2\/users\/3"}],"replies":[{"embeddable":true,"href":"https:\/\/www.bienaldelchaco.org\/2024\/wp-json\/wp\/v2\/comments?post=13204"}],"version-history":[{"count":3,"href":"https:\/\/www.bienaldelchaco.org\/2024\/wp-json\/wp\/v2\/posts\/13204\/revisions"}],"predecessor-version":[{"id":13211,"href":"https:\/\/www.bienaldelchaco.org\/2024\/wp-json\/wp\/v2\/posts\/13204\/revisions\/13211"}],"wp:featuredmedia":[{"embeddable":true,"href":"https:\/\/www.bienaldelchaco.org\/2024\/wp-json\/wp\/v2\/media\/13205"}],"wp:attachment":[{"href":"https:\/\/www.bienaldelchaco.org\/2024\/wp-json\/wp\/v2\/media?parent=13204"}],"wp:term":[{"taxonomy":"category","embeddable":true,"href":"https:\/\/www.bienaldelchaco.org\/2024\/wp-json\/wp\/v2\/categories?post=13204"},{"taxonomy":"post_tag","embeddable":true,"href":"https:\/\/www.bienaldelchaco.org\/2024\/wp-json\/wp\/v2\/tags?post=13204"}],"curies":[{"name":"wp","href":"https:\/\/api.w.org\/{rel}","templated":true}]}}