{"id":13213,"date":"2024-06-28T20:20:11","date_gmt":"2024-06-28T23:20:11","guid":{"rendered":"https:\/\/www.bienaldelchaco.org\/2024\/?p=13213"},"modified":"2024-06-28T20:20:55","modified_gmt":"2024-06-28T23:20:55","slug":"chaco-se-prepata-para-una-nueva-edicion-de-su-bienal-internacional-de-escultura","status":"publish","type":"post","link":"https:\/\/www.bienaldelchaco.org\/2024\/chaco-se-prepata-para-una-nueva-edicion-de-su-bienal-internacional-de-escultura\/","title":{"rendered":"Chaco se prepata para una nueva edici\u00f3n de su Bienal Internacional de Escultura"},"content":{"rendered":"<div class=\"td_block_wrap tdb_single_subtitle tdi_103 td-pb-border-top td_block_template_1\" data-td-block-uid=\"tdi_103\">\n<div class=\"tdb-block-inner td-fix-index\">\n<div>\n<p class=\"copete\">El evento que distingue a esa provincia ante el mundo tendr\u00e1 lugar del 13 al 21 de julio pr\u00f3ximo y fue presentado en un acto en la Casa del Chaco en Buenos Aires.<\/p>\n<\/div>\n<\/div>\n<\/div>\n<p><!--more-->[vc_row css_animation=&#8221;&#8221; row_type=&#8221;row&#8221; use_row_as_full_screen_section=&#8221;no&#8221; type=&#8221;full_width&#8221; angled_section=&#8221;no&#8221; text_align=&#8221;left&#8221; background_image_as_pattern=&#8221;without_pattern&#8221;][vc_column][vc_column_text]La \u201cembajada\u201d de la provincia del Chaco en la Ciudad de Buenos Aires fue el escenario de la presentaci\u00f3n de la Bienal Internacional de Escultura, el acontecimiento art\u00edstico que ya es la marca que distingue a esa provincia y la ha colocado en el radar del turismo cultural mundial.<\/p>\n<p>&nbsp;<\/p>\n<div>\n<div class=\"cuerpo\">\n<p>El torneo del que participan\u00a0diez artistas consagrados de todo el mundo\u00a0propone la ejecuci\u00f3n de una escultura en un predio al aire libre y ante la mirada del p\u00fablico.<strong>\u00a0Este a\u00f1o, tendr\u00e1 lugar\u00a0del 13 al 21 de julio, y competir\u00e1n escultores de\u00a0Argentina, Chile, Espa\u00f1a, Estados Unidos, Kosovo, Letonia, Nueva Zelanda, Per\u00fa, Ruman\u00eda\u00a0y\u00a0Turqu\u00eda.<\/strong><\/p>\n<p>La pr\u00f3xima edici\u00f3n de la Bienal Internacional de Escultura del Chaco se present\u00f3 en Buenos Aires en un acto que cont\u00f3 con la presencia de funcionarios nacionales y provinciales, diplom\u00e1ticos de algunos de los pa\u00edses participantes, artistas, mecenas, acad\u00e9micos, empresarios y medios, que llenaron un sal\u00f3n del subsuelo de la representaci\u00f3n provincial,\u00a0decorado con xilograf\u00edas del artista chaque\u00f1o\u00a0Leonardo Gotleyb.<\/p>\n<p>&nbsp;<\/p>\n<p>En el mundo cada vez adquiere m\u00e1s relevancia el\u00a0turismo cultural\u00a0y la Bienal de Chaco es un acontecimiento que merece la pena el desplazamiento, como opci\u00f3n para las vacaciones de invierno, con actividades de inter\u00e9s muy variadas, ya que, en paralelo con el certamen de esculturas, tiene lugar un\u00a0Encuentro de Escultores Invitados,\u00a0un concurso de Escultura para Estudiantes de Escuelas de Arte de todas las provincias, congresos y seminarios sobre Arte,\u00a0Derecho, Patrimonio y Urbanismo.\u00a0Adem\u00e1s un\u00a0Festival Filarm\u00f3nico Juvenil,\u00a0encuentros y exposiciones de\u00a0Maestros Artesanos Argentinos\u00a0y espect\u00e1culos art\u00edsticos y musicales durante los 8 d\u00edas de duraci\u00f3n de la Bienal.<\/p>\n<p>&nbsp;<\/p>\n<p><strong>Los artistas que competir\u00e1n este a\u00f1o, esculpiendo sus obras en el predio a la vista del publico e interactuando con los visitantes durante los 8 d\u00edas que dura la Bienal,\u00a0<\/strong>han sido\u00a0seleccionados entre 150 postulantes.\u00a0Los elegidos son: Luis Bernardi (Argentina), Alejandro Mardones Guillen (Chile), Carlos Iglesias (Espa\u00f1a), Billy Lee (Estados Unidos), Butrint Morina (Kosovo), Solveiga Vasiljeva (Letonia), Anna Korver (Nueva Zelanda), Percy Ra\u00fal Zorrilla Soto (Per\u00fa), Bogdam Adrian Lefter (Ruman\u00eda) y Emrah \u00d6nal (Turqu\u00eda).<\/p>\n<p>&nbsp;<\/p>\n<\/div>\n<\/div>\n<div class=\"banner wline space-bottom\"><\/div>\n<div id=\"embeds\" class=\"center-block\"><iframe loading=\"lazy\" src=\"https:\/\/www.facebook.com\/plugins\/post.php?href=https%3A%2F%2Fwww.facebook.com%2Fpermalink.php%3Fstory_fbid%3Dpfbid0PS5GJwhkEF7aTAXcVot8Q8TUg9Uy7izmegqdgNbWf2kiazMPLDD1bWYmQFeyMpcFl%26id%3D100064241936809&amp;show_text=true&amp;width=500\" width=\"500\" height=\"690\" frameborder=\"0\" scrolling=\"no\" allowfullscreen=\"allowfullscreen\" data-mce-fragment=\"1\"><\/iframe><\/div>\n<div class=\"center-block\"><iframe loading=\"lazy\" src=\"https:\/\/www.facebook.com\/plugins\/post.php?href=https%3A%2F%2Fwww.facebook.com%2Fpermalink.php%3Fstory_fbid%3Dpfbid02UM16aUuautCM4uhLMYMS7bwLVxZvKeiibw9UipXvpwTfQafEK4zxjjAfN6NvNh4wl%26id%3D100064241936809&amp;show_text=true&amp;width=500\" width=\"500\" height=\"729\" frameborder=\"0\" scrolling=\"no\" allowfullscreen=\"allowfullscreen\" data-mce-fragment=\"1\"><\/iframe><\/div>\n<div class=\"center-block\"><iframe loading=\"lazy\" src=\"https:\/\/www.facebook.com\/plugins\/post.php?href=https%3A%2F%2Fwww.facebook.com%2Fpermalink.php%3Fstory_fbid%3Dpfbid02iUJANtvqYKp4uGTraeHyo21k1WBbsJiMGFUbtYndmmYqCcmeDu6J5NSn6HohdVccl%26id%3D100064241936809&amp;show_text=true&amp;width=500\" width=\"500\" height=\"646\" frameborder=\"0\" scrolling=\"no\" allowfullscreen=\"allowfullscreen\" data-mce-fragment=\"1\"><\/iframe><\/div>\n<div id=\"Native-MultiPlex\" data-google-query-id=\"\">\n<div id=\"google_ads_iframe_\/21849154601,21669678094\/Ad.Plus-MultiPlex_0__container__\"><\/div>\n<\/div>\n<p>&nbsp;<\/p>\n<div id=\"leermas\"><\/div>\n[\/vc_column_text][vc_empty_space][\/vc_column][\/vc_row][vc_row css_animation=&#8221;&#8221; row_type=&#8221;row&#8221; use_row_as_full_screen_section=&#8221;no&#8221; type=&#8221;full_width&#8221; angled_section=&#8221;no&#8221; text_align=&#8221;left&#8221; background_image_as_pattern=&#8221;without_pattern&#8221;][vc_column][vc_empty_space][vc_column_text]Fuente: <a href=\"https:\/\/www.radiosudamericana.com\/nota\/sociedad\/311726-Chaco-se-prepata-para-una-nueva-edicion-de-su-Bienal-Internacional-de-Escultura.htm\" target=\"_blank\" rel=\"noopener\">https:\/\/www.radiosudamericana.com\/nota\/sociedad\/311726-Chaco-se-prepata-para-una-nueva-edicion-de-su-Bienal-Internacional-de-Escultura.htm<\/a>[\/vc_column_text][vc_empty_space][\/vc_column][\/vc_row]\n","protected":false},"excerpt":{"rendered":"<p>El evento que distingue a esa provincia ante el mundo tendr\u00e1 lugar del 13 al 21 de julio pr\u00f3ximo y fue presentado en un acto en la Casa del Chaco en Buenos Aires.<\/p>\n","protected":false},"author":3,"featured_media":13214,"comment_status":"closed","ping_status":"closed","sticky":false,"template":"","format":"standard","meta":{"footnotes":""},"categories":[6],"tags":[],"class_list":["post-13213","post","type-post","status-publish","format-standard","has-post-thumbnail","hentry","category-novedades"],"_links":{"self":[{"href":"https:\/\/www.bienaldelchaco.org\/2024\/wp-json\/wp\/v2\/posts\/13213","targetHints":{"allow":["GET"]}}],"collection":[{"href":"https:\/\/www.bienaldelchaco.org\/2024\/wp-json\/wp\/v2\/posts"}],"about":[{"href":"https:\/\/www.bienaldelchaco.org\/2024\/wp-json\/wp\/v2\/types\/post"}],"author":[{"embeddable":true,"href":"https:\/\/www.bienaldelchaco.org\/2024\/wp-json\/wp\/v2\/users\/3"}],"replies":[{"embeddable":true,"href":"https:\/\/www.bienaldelchaco.org\/2024\/wp-json\/wp\/v2\/comments?post=13213"}],"version-history":[{"count":2,"href":"https:\/\/www.bienaldelchaco.org\/2024\/wp-json\/wp\/v2\/posts\/13213\/revisions"}],"predecessor-version":[{"id":13216,"href":"https:\/\/www.bienaldelchaco.org\/2024\/wp-json\/wp\/v2\/posts\/13213\/revisions\/13216"}],"wp:featuredmedia":[{"embeddable":true,"href":"https:\/\/www.bienaldelchaco.org\/2024\/wp-json\/wp\/v2\/media\/13214"}],"wp:attachment":[{"href":"https:\/\/www.bienaldelchaco.org\/2024\/wp-json\/wp\/v2\/media?parent=13213"}],"wp:term":[{"taxonomy":"category","embeddable":true,"href":"https:\/\/www.bienaldelchaco.org\/2024\/wp-json\/wp\/v2\/categories?post=13213"},{"taxonomy":"post_tag","embeddable":true,"href":"https:\/\/www.bienaldelchaco.org\/2024\/wp-json\/wp\/v2\/tags?post=13213"}],"curies":[{"name":"wp","href":"https:\/\/api.w.org\/{rel}","templated":true}]}}