{"id":13222,"date":"2024-07-01T14:59:04","date_gmt":"2024-07-01T17:59:04","guid":{"rendered":"https:\/\/www.bienaldelchaco.org\/2024\/?p=13222"},"modified":"2024-07-01T14:59:04","modified_gmt":"2024-07-01T17:59:04","slug":"cuenta-regresiva-para-la-bienal-2024-el-predio-se-transforma-en-una-ciudad-para-vivir-este-evento-cada-vez-mas-participativo","status":"publish","type":"post","link":"https:\/\/www.bienaldelchaco.org\/2024\/cuenta-regresiva-para-la-bienal-2024-el-predio-se-transforma-en-una-ciudad-para-vivir-este-evento-cada-vez-mas-participativo\/","title":{"rendered":"Cuenta regresiva para la Bienal 2024: &#8220;El predio se transforma en una ciudad para vivir este evento cada vez m\u00e1s participativo&#8221;"},"content":{"rendered":"<div class=\"td_block_wrap tdb_single_subtitle tdi_103 td-pb-border-top td_block_template_1\" data-td-block-uid=\"tdi_103\">\n<div class=\"tdb-block-inner td-fix-index\">\n<div class=\"row\">\n<div class=\"col-xs-12\">\n<div class=\"bajada\">\n<p>Jos\u00e9 Eidman, presidente de la Fundaci\u00f3n Urunday, dio detalles de los trabajos que se est\u00e1n realizando en el Domo del Centenario.<\/p>\n<\/div>\n<\/div>\n<\/div>\n<\/div>\n<\/div>\n<p><!--more-->[vc_row css_animation=&#8221;&#8221; row_type=&#8221;row&#8221; use_row_as_full_screen_section=&#8221;no&#8221; type=&#8221;full_width&#8221; angled_section=&#8221;no&#8221; text_align=&#8221;left&#8221; background_image_as_pattern=&#8221;without_pattern&#8221;][vc_column][vc_column_text]<em>&#8220;Ahora estamos recorriendo el predio y todos los equipos se encuentran trabajando. Es fant\u00e1stico como cuando hay\u00a0voluntad\u00a0de hacer y buena energ\u00eda las cosas suceden, porque\u00a0<strong>el predio se transforma en una ciudad para vivir esta Bienal que cada vez es m\u00e1s participativa y m\u00e1s grande<\/strong>&#8220;<\/em>, expres\u00f3.<\/p>\n<p>Eidman cont\u00f3 que junto al IPRODICH, la Red de Accesibilidad Cultural y todos los colectivos de diversidad e inclusi\u00f3n, est\u00e1n desarrollando un programa que tiene cuatro ejes: infraestructura, contenido, comunicaci\u00f3n y capacitaci\u00f3n &#8220;para que la Bienal pueda ser disfrutada por todos&#8221;.<\/p>\n<p><em>&#8220;Tambi\u00e9n se est\u00e1 haciendo una recuperaci\u00f3n y puesta en valor del teatro donde se van a presentar las bandas, entre otros espacios&#8221;,<\/em>\u00a0cont\u00f3.<\/p>\n<p><em>&#8220;<strong>M\u00e1s de 50 bandas y artistas locales estar\u00e1n tocando bajo el mismo cielo para cerrar cada jornada<\/strong>, lo que propone un programa art\u00edstico y cultural super poderoso.\u00a0<strong>Lo mejor es poder sumar voluntades<\/strong>, esta articulaci\u00f3n entre el empresariado, el Municipio, el Gobierno provincial, las instituciones y el aporte internacional de cada uno de los escultores y los m\u00fasicos que vienen a participar de una capacitaci\u00f3n&#8221;<\/em>, destac\u00f3.<\/p>\n<p><em>&#8220;Siempre les anticipamos a los escultores que cuando vienen ac\u00e1 son como estrellas de rock, porque no est\u00e1n acostumbrados a lo que pasa en la Bienal y no lo creen hasta que no lo viven. Nunca paramos de sorprendernos, porque\u00a0<strong>una obra de arte es la expresi\u00f3n de los sentimientos y las emociones de los artistas, pero sacarlos del taller y traerlos a esculpir a cielo abierto nos hace pensar cu\u00e1nto de nosotros ir\u00e1 a trav\u00e9s de ellos en estas esculturas que luego se quedan a vivir en nuestra cotidianeidad<\/strong>&#8220;<\/em>, manifest\u00f3.<\/p>\n<p><em>&#8220;Mucho m\u00e1s all\u00e1 de la pieza que viene a enriquecer nuestro patrimonio, cada una de esas historias empieza a construir diferentes versiones de nosotros&#8221;<\/em>, concluy\u00f3.[\/vc_column_text][vc_empty_space][\/vc_column][\/vc_row][vc_row css_animation=&#8221;&#8221; row_type=&#8221;row&#8221; use_row_as_full_screen_section=&#8221;no&#8221; type=&#8221;full_width&#8221; angled_section=&#8221;no&#8221; text_align=&#8221;left&#8221; background_image_as_pattern=&#8221;without_pattern&#8221;][vc_column][vc_empty_space][vc_column_text]Fuente: <a href=\"https:\/\/libertaddigital.com.ar\/Notas\/Nota\/1431032802-cuenta-regresiva-para-la-bienal-2024-el-predio-se-transforma-en-una-ciudad-para-vivir-este-evento-cada-vez-mas-participativo\" target=\"_blank\" rel=\"noopener\">https:\/\/libertaddigital.com.ar\/Notas\/Nota\/1431032802-cuenta-regresiva-para-la-bienal-2024-el-predio-se-transforma-en-una-ciudad-para-vivir-este-evento-cada-vez-mas-participativo<\/a>[\/vc_column_text][vc_empty_space][\/vc_column][\/vc_row]\n","protected":false},"excerpt":{"rendered":"<p>Jos\u00e9 Eidman, presidente de la Fundaci\u00f3n Urunday, dio detalles de los trabajos que se est\u00e1n realizando en el Domo del Centenario.<\/p>\n","protected":false},"author":3,"featured_media":13223,"comment_status":"closed","ping_status":"closed","sticky":false,"template":"","format":"standard","meta":{"footnotes":""},"categories":[6],"tags":[],"class_list":["post-13222","post","type-post","status-publish","format-standard","has-post-thumbnail","hentry","category-novedades"],"_links":{"self":[{"href":"https:\/\/www.bienaldelchaco.org\/2024\/wp-json\/wp\/v2\/posts\/13222","targetHints":{"allow":["GET"]}}],"collection":[{"href":"https:\/\/www.bienaldelchaco.org\/2024\/wp-json\/wp\/v2\/posts"}],"about":[{"href":"https:\/\/www.bienaldelchaco.org\/2024\/wp-json\/wp\/v2\/types\/post"}],"author":[{"embeddable":true,"href":"https:\/\/www.bienaldelchaco.org\/2024\/wp-json\/wp\/v2\/users\/3"}],"replies":[{"embeddable":true,"href":"https:\/\/www.bienaldelchaco.org\/2024\/wp-json\/wp\/v2\/comments?post=13222"}],"version-history":[{"count":1,"href":"https:\/\/www.bienaldelchaco.org\/2024\/wp-json\/wp\/v2\/posts\/13222\/revisions"}],"predecessor-version":[{"id":13224,"href":"https:\/\/www.bienaldelchaco.org\/2024\/wp-json\/wp\/v2\/posts\/13222\/revisions\/13224"}],"wp:featuredmedia":[{"embeddable":true,"href":"https:\/\/www.bienaldelchaco.org\/2024\/wp-json\/wp\/v2\/media\/13223"}],"wp:attachment":[{"href":"https:\/\/www.bienaldelchaco.org\/2024\/wp-json\/wp\/v2\/media?parent=13222"}],"wp:term":[{"taxonomy":"category","embeddable":true,"href":"https:\/\/www.bienaldelchaco.org\/2024\/wp-json\/wp\/v2\/categories?post=13222"},{"taxonomy":"post_tag","embeddable":true,"href":"https:\/\/www.bienaldelchaco.org\/2024\/wp-json\/wp\/v2\/tags?post=13222"}],"curies":[{"name":"wp","href":"https:\/\/api.w.org\/{rel}","templated":true}]}}