{"id":13284,"date":"2024-07-08T17:27:45","date_gmt":"2024-07-08T20:27:45","guid":{"rendered":"https:\/\/www.bienaldelchaco.org\/2024\/?p=13284"},"modified":"2024-07-08T17:38:46","modified_gmt":"2024-07-08T20:38:46","slug":"termas-ecoturismo-y-ciencia-mira-todo-lo-que-podes-hacer-en-vacaciones-de-invierno-en-chaco","status":"publish","type":"post","link":"https:\/\/www.bienaldelchaco.org\/2024\/termas-ecoturismo-y-ciencia-mira-todo-lo-que-podes-hacer-en-vacaciones-de-invierno-en-chaco\/","title":{"rendered":"Termas, ecoturismo y ciencia: mir\u00e1 todo lo que pod\u00e9s hacer en vacaciones de invierno en Chaco"},"content":{"rendered":"<p>Para quienes habitan en Chaco, al igual que en las otras provincias de la regi\u00f3n, el receso invernal ser\u00e1 del 15 al 26 de julio. Durante ese tiempo la provincia posee un sinf\u00edn de actividades para realizar.<\/p>\n<p><!--more-->[vc_row css_animation=&#8221;&#8221; row_type=&#8221;row&#8221; use_row_as_full_screen_section=&#8221;no&#8221; type=&#8221;full_width&#8221; angled_section=&#8221;no&#8221; text_align=&#8221;left&#8221; background_image_as_pattern=&#8221;without_pattern&#8221;][vc_column][vc_column_text]\n<div class=\"td_block_wrap tdb_single_subtitle tdi_103 td-pb-border-top td_block_template_1\" data-td-block-uid=\"tdi_103\">\n<div class=\"tdb-block-inner td-fix-index\">\n<p>Las<b>\u00a0vacaciones de invierno<\/b>\u00a0son un buen momento para atreverse a conocer nuevos destinos y realizar actividades en familia o con amigos cerca, o no tan cerca, de casa. Para quienes habitan<a href=\"https:\/\/neahoy.com\/2024\/06\/04\/vacaciones-de-invierno-que-provincias-comienzan-el-15-de-julio\/\" target=\"_blank\" rel=\"noopener\">\u00a0en Chaco, al igual que en las otras provincias de la regi\u00f3n, el receso invernal ser\u00e1 del 15 al 26 de julio<\/a>. Durante ese tiempo la provincia posee un sinf\u00edn de actividades para realizar.<\/p>\n<\/div>\n<\/div>\n<p>En esta nota de\u00a0<b>NEA HOY<\/b>\u00a0te invitamos a conocer algunas de las\u00a0<b>muchas propuestas que podes realizar en vacaciones de invierno en Chaco<\/b>, de modo que puedas agendar las actividades que quisieras realizar.<\/p>\n<p>&nbsp;<\/p>\n<h2><b>Estas son las actividades para disfrutar las vacaciones de invierno en Chaco<\/b><\/h2>\n<h3><\/h3>\n<h3><b>Bienal Chaco 2024<\/b><\/h3>\n<p>El reconocido evento se realizar\u00e1 en Resistencia, la Capital Nacional de las Esculturas, del 12 al 20 de julio, durante las vacaciones de invierno en Chaco.<\/p>\n<p>Este evento, organizado por la Fundaci\u00f3n Urunday y el Gobierno del Chaco, reunir\u00e1 a escultores de todo el mundo para crear obras en vivo.<\/p>\n<p><iframe id=\"instagram-embed-0\" class=\"instagram-media instagram-media-rendered\" src=\"https:\/\/www.instagram.com\/p\/C9BEy5KoGGL\/embed\/captioned\/?cr=1&amp;v=14&amp;wp=540&amp;rd=https%3A%2F%2Fneahoy.com&amp;rp=%2F2024%2F07%2F05%2Ftermas-ecoturismo-y-ciencia-mira-todo-lo-que-podes-hacer-en-vacaciones-de-invierno-en-chaco%2F#%7B%22ci%22%3A0%2C%22os%22%3A9680.5%2C%22ls%22%3A5514.700000047684%2C%22le%22%3A9674.700000047684%7D\" height=\"1087\" frameborder=\"0\" scrolling=\"no\" allowfullscreen=\"allowfullscreen\" data-instgrm-payload-id=\"instagram-media-payload-0\" data-mce-fragment=\"1\"><\/iframe><\/p>\n<p>&nbsp;<\/p>\n<p>La\u00a0<a href=\"https:\/\/neahoy.com\/2024\/06\/24\/bienal-chaco-2024-entre-meteoritos-y-el-david-de-miguel-angel-que-habra-en-la-ciudad-de-las-esculturas\/\" target=\"_blank\" rel=\"noopener\">Bienal Chaco<\/a>\u00a0no solo es un evento art\u00edstico, sino tambi\u00e9n un punto de encuentro cultural y social que destaca la identidad chaque\u00f1a y promueve el arte al alcance de todos. Este evento p\u00fablico y gratuito que se realizar\u00e1 en el predio de la Bienal Chaco, desde el 12 de julio, en Avenida de los Inmigrantes 1001, tiene varias novedades este a\u00f1o.<\/p>\n<p>&nbsp;<\/p>\n<h3><b>Visita a las termas de Roque S\u00e1enz Pe\u00f1a durante las vacaciones de invierno en Chaco<\/b><\/h3>\n<p>Una de las propuestas de NEA HOY para estas vacaciones de invierno en Chaco es visitar el\u00a0<b>\u201cComplejo Termal Doctor Jos\u00e9 Pavlotzky\u201d<\/b>, de Presidencia Roque S\u00e1enz Pe\u00f1a.<\/p>\n<p>Sauna, ba\u00f1os turcos, masajes, tratamientos est\u00e9ticos y cosmetol\u00f3gicos, consuman la oferta termal, destac\u00e1ndose la atenci\u00f3n personalizada que ayuda a lograr un estado de relajaci\u00f3n capaz de eliminar definitivamente todo rastro de estr\u00e9s.<\/p>\n<p><b>El complejo termal posee 20 boxes individuales para ba\u00f1o de inmersi\u00f3n, dos cabinas de ba\u00f1o sauna y dos de ba\u00f1o turco, salas de descanso con vista a los jardines interiores, sanitarios y vestuarios<\/b>.<\/p>\n<p>Se brindan servicios con\u00a0<b>masoterapia\u00a0<\/b>en el gabinete de kinesiolog\u00eda, y<b>\u00a0tratamientos de est\u00e9tica\u00a0<\/b>en el gabinete de cosmetolog\u00eda, los cuales est\u00e1n preparados perfectamente para que el visitante alcance un estado de relajaci\u00f3n total.<\/p>\n<p>Estas aguas termales est\u00e1n clasificadas como\u00a0<b>clorosulfatadas<\/b>, son\u00a0ricas en iones de sodio y potasio, en primer orden, y en calcio y magnesio, en segundo; son ferruginosas y bicarbonatadas.<\/p>\n<p>Estas termas son las \u00fanicas de toda la llanura chaco-paranaense, y han sido recomendadas para m\u00e1s de\u00a0<b>40 aplicaciones terap\u00e9uticas reconocidas cient\u00edficamente, generando mejoras ante ciertas enfermedades cr\u00f3nicas<\/b>. Las terapias que se llevan adelante a partir de las termas, ayudan en multiplicidad de aspectos que incluyen desde los huesos hasta la piel.<\/p>\n<p>Se destaca el flotario que proporciona un profundo estado de relajaci\u00f3n tanto f\u00edsica como mental, que ayuda a recuperarse del estr\u00e9s. Adem\u00e1s, el complejo ofrece diversas opciones para su aplicaci\u00f3n, combinadas con masajes y aplicadas a dolencias puntuales.<\/p>\n<p><iframe id=\"instagram-embed-1\" class=\"instagram-media instagram-media-rendered\" src=\"https:\/\/www.instagram.com\/reel\/Cxiq9sHLcCJ\/embed\/captioned\/?cr=1&amp;v=14&amp;wp=540&amp;rd=https%3A%2F%2Fneahoy.com&amp;rp=%2F2024%2F07%2F05%2Ftermas-ecoturismo-y-ciencia-mira-todo-lo-que-podes-hacer-en-vacaciones-de-invierno-en-chaco%2F#%7B%22ci%22%3A1%2C%22os%22%3A9683.5%2C%22ls%22%3A5514.700000047684%2C%22le%22%3A9674.700000047684%7D\" height=\"1029\" frameborder=\"0\" scrolling=\"no\" allowfullscreen=\"allowfullscreen\" data-instgrm-payload-id=\"instagram-media-payload-1\" data-mce-fragment=\"1\"><span data-mce-type=\"bookmark\" style=\"display: inline-block; width: 0px; overflow: hidden; line-height: 0;\" class=\"mce_SELRES_start\">?<\/span><\/iframe><\/p>\n<p>&nbsp;<\/p>\n<h4><b>Propiedades terap\u00e9uticas que poseen las Termas de S\u00e1enz Pe\u00f1a<\/b><\/h4>\n<p>Estas termas son aptas para contribuir a los tratamientos de las siguientes enfermedades:<\/p>\n<ul>\n<li aria-level=\"1\">Reumatismo cr\u00f3nico.<\/li>\n<li aria-level=\"1\">Artrosis y artritis cr\u00f3nica.<\/li>\n<li aria-level=\"1\">Enfermedades de la piel.<\/li>\n<li aria-level=\"1\">Bursitis, ci\u00e1tica y neurosis.<\/li>\n<li aria-level=\"1\">Afecciones ginecol\u00f3gicas cr\u00f3nicas.<\/li>\n<li aria-level=\"1\">Anexitis.<\/li>\n<li aria-level=\"1\">Debilidad general.<\/li>\n<\/ul>\n<p>Adem\u00e1s, funciona como:<\/p>\n<ul>\n<li aria-level=\"1\">Sedante nervioso.<\/li>\n<li aria-level=\"1\">Relajante muscular.<\/li>\n<\/ul>\n<p>&nbsp;<\/p>\n<h4><b>Flotario en las Termas de S\u00e1enz Pe\u00f1a: vivir la experiencia de flotar<\/b><\/h4>\n<p>Una sesi\u00f3n consiste en\u00a0<b>flotar dentro de un tanque que contiene en su interior 600 litros de agua y 350 kilos de sales Epsom<\/b>, provocando la misma sensaci\u00f3n que ba\u00f1arse en el\u00a0<b>Mar Muerto<\/b>, en un tiempo estimado entre 30 y 50 minutos,\u00a0lo cual equivale a 8 horas de sue\u00f1o profundo o 4 horas de masajes.<\/p>\n<p>&nbsp;<\/p>\n<p>Esta terapia ofrece m\u00faltiples beneficios, relajaci\u00f3n f\u00edsica y mental, reducci\u00f3n del estr\u00e9s y disminuci\u00f3n de tensi\u00f3n muscular y dolores cr\u00f3nicos. Adem\u00e1s, acelera la rehabilitaci\u00f3n f\u00edsica y recuperaci\u00f3n de lesiones, reduce la depresi\u00f3n y la ansiedad, mejora el sue\u00f1o, aumenta la concentraci\u00f3n y la creatividad y contribuye en la lucha contra las adicciones.<\/p>\n<p>Se utiliza en el tratamiento de enfermedades como hipertensi\u00f3n, asma, artritis y dolores de cabeza cr\u00f3nicos, y tambi\u00e9n tonifica y suaviza la piel.<\/p>\n<h4><\/h4>\n<h4><b>Ba\u00f1os diafor\u00e9ticos<\/b><\/h4>\n<p><b>El ba\u00f1o turco consiste en una cabina con un equipo generador de vapor.<\/b>\u00a0La temperatura oscila entre los 43\u00b0 y 46\u00b0 C con una humedad relativa del 100%. Es un rito de purificaci\u00f3n relacionado con la sabidur\u00eda y la pureza del cuerpo y del alma. Activa la circulaci\u00f3n, limpia y regenera la piel en profundidad y produce relajaci\u00f3n y bienestar.<\/p>\n<p>El sauna es una peque\u00f1a habitaci\u00f3n de madera en la que se toma un ba\u00f1o de vapor seco, Una estufa calienta piedras en un recipiente, y una vez acumulado el calor, se vierte encima una gran cantidad de agua.<\/p>\n<p>Al contrario del ba\u00f1o,\u00a0<b>el sauna es seco y cuenta con una humedad de entre el 3 y el 20%, consiguiendo temperaturas elevadas de 80 a 90\u00b0C.<\/b><\/p>\n<figure id=\"attachment_102698\" class=\"wp-caption alignnone\" aria-describedby=\"caption-attachment-102698\"><a href=\"https:\/\/neahoy.com\/wp-content\/uploads\/2024\/07\/vacaciones-de-invierno-en-Chaco-55.webp\"><img loading=\"lazy\" decoding=\"async\" class=\"size-full wp-image-102698 td-animation-stack-type0-2\" src=\"https:\/\/neahoy.com\/wp-content\/uploads\/2024\/07\/vacaciones-de-invierno-en-Chaco-55.webp\" sizes=\"auto, (max-width: 2252px) 100vw, 2252px\" srcset=\"https:\/\/neahoy.com\/wp-content\/uploads\/2024\/07\/vacaciones-de-invierno-en-Chaco-55.webp 2252w, https:\/\/neahoy.com\/wp-content\/uploads\/2024\/07\/vacaciones-de-invierno-en-Chaco-55-300x200.webp 300w, https:\/\/neahoy.com\/wp-content\/uploads\/2024\/07\/vacaciones-de-invierno-en-Chaco-55-1024x683.webp 1024w, https:\/\/neahoy.com\/wp-content\/uploads\/2024\/07\/vacaciones-de-invierno-en-Chaco-55-768x512.webp 768w, https:\/\/neahoy.com\/wp-content\/uploads\/2024\/07\/vacaciones-de-invierno-en-Chaco-55-1536x1024.webp 1536w, https:\/\/neahoy.com\/wp-content\/uploads\/2024\/07\/vacaciones-de-invierno-en-Chaco-55-2048x1365.webp 2048w, https:\/\/neahoy.com\/wp-content\/uploads\/2024\/07\/vacaciones-de-invierno-en-Chaco-55-150x100.webp 150w, https:\/\/neahoy.com\/wp-content\/uploads\/2024\/07\/vacaciones-de-invierno-en-Chaco-55-696x464.webp 696w, https:\/\/neahoy.com\/wp-content\/uploads\/2024\/07\/vacaciones-de-invierno-en-Chaco-55-1068x712.webp 1068w, https:\/\/neahoy.com\/wp-content\/uploads\/2024\/07\/vacaciones-de-invierno-en-Chaco-55-1920x1280.webp 1920w, https:\/\/neahoy.com\/wp-content\/uploads\/2024\/07\/vacaciones-de-invierno-en-Chaco-55-630x420.webp 630w\" alt=\"\" width=\"2252\" height=\"1501\" \/><\/a><figcaption id=\"caption-attachment-102698\" class=\"wp-caption-text\">Estas aguas termales est\u00e1n clasificadas como clorosulfatadas, son ricas en iones de sodio y potasio, en primer orden, y en calcio y magnesio, en segundo; son ferruginosas y bicarbonatadas.<\/figcaption><\/figure>\n<h4><\/h4>\n<h4><b>Ba\u00f1o termal<\/b><\/h4>\n<p>El ba\u00f1o en aguas termales incrementa la temperatura del cuerpo y su presi\u00f3n hidrost\u00e1tica, por lo que aumenta la circulaci\u00f3n sangu\u00ednea y la oxigenaci\u00f3n y contribuye a disolver y eliminar las toxinas.<\/p>\n<p>El ba\u00f1o reiterado ayuda a normalizar las funciones de las gl\u00e1ndulas endocrinas, as\u00ed como el funcionamiento en general del sistema nervioso aut\u00f3nomo del cuerpo.<\/p>\n<p>Tambi\u00e9n existe una\u00a0<b>mejora y est\u00edmulo del sistema inmune, relajaci\u00f3n mental, producci\u00f3n de endorfinas y regulaci\u00f3n de las funciones glandulares.<\/b><\/p>\n<p>Adem\u00e1s, aporta beneficios para la psoriasis, la dermatitis y enfermedades por hongos. En algunas ocasiones tambi\u00e9n contribuye en la cura de heridas y otras heridas de la piel.<\/p>\n<p>Se puede consultar m\u00e1s informaci\u00f3n sobre este complejo de las Termas de S\u00e1enz Pe\u00f1a en el sitio del<a href=\"http:\/\/catalogo.turismochaco.ar\/\" target=\"_blank\" rel=\"noopener\">\u00a0Ministerio de Turismo del Chaco.<\/a><\/p>\n<h3><\/h3>\n<h3><b>Un viaje de ciencia en Resistencia para vivir durante las vacaciones de invierno en Chaco<\/b><\/h3>\n<p>Para aquellos amantes de la ciencia, Resistencia invita a disfrutar un viaje para conocer a los visionarios y saber m\u00e1s de los descubrimientos que cambiaron los paradigmas cient\u00edficos de cada \u00e9poca, a trav\u00e9s de un recorrido por m\u00f3dulos interactivos.<\/p>\n<p>Del 12 al 17 de julio, en el predio de La Rural, se llevar\u00e1 adelante la propuesta Eureka: un viaje de ciencia para toda la familia, donde habr\u00e1 fascinantes atractivos como el\u00a0<b>telescopio de Galileo Galilei<\/b>, as\u00ed como un juego en equipo que demostrar\u00e1 el principio de universalidad de ca\u00edda libre.<\/p>\n<figure id=\"attachment_102699\" class=\"wp-caption alignnone\" aria-describedby=\"caption-attachment-102699\"><a href=\"https:\/\/neahoy.com\/wp-content\/uploads\/2024\/07\/vacaciones-de-invierno-en-Chaco-44.jpg\"><img loading=\"lazy\" decoding=\"async\" class=\"size-full wp-image-102699 td-animation-stack-type0-2\" src=\"https:\/\/neahoy.com\/wp-content\/uploads\/2024\/07\/vacaciones-de-invierno-en-Chaco-44.jpg\" sizes=\"auto, (max-width: 854px) 100vw, 854px\" srcset=\"https:\/\/neahoy.com\/wp-content\/uploads\/2024\/07\/vacaciones-de-invierno-en-Chaco-44.jpg 854w, https:\/\/neahoy.com\/wp-content\/uploads\/2024\/07\/vacaciones-de-invierno-en-Chaco-44-300x169.jpg 300w, https:\/\/neahoy.com\/wp-content\/uploads\/2024\/07\/vacaciones-de-invierno-en-Chaco-44-768x432.jpg 768w, https:\/\/neahoy.com\/wp-content\/uploads\/2024\/07\/vacaciones-de-invierno-en-Chaco-44-150x84.jpg 150w, https:\/\/neahoy.com\/wp-content\/uploads\/2024\/07\/vacaciones-de-invierno-en-Chaco-44-696x391.jpg 696w, https:\/\/neahoy.com\/wp-content\/uploads\/2024\/07\/vacaciones-de-invierno-en-Chaco-44-747x420.jpg 747w\" alt=\"\" width=\"854\" height=\"480\" \/><\/a><figcaption id=\"caption-attachment-102699\" class=\"wp-caption-text\">Del 12 al 17 de julio, en el predio de La Rural, se llevar\u00e1 adelante la propuesta Eureka: un viaje de ciencia para toda la familia.<\/figcaption><\/figure>\n<p>Adem\u00e1s, los participantes tendr\u00e1n la posibilidad de armar el rompecabezas m\u00e1s antiguo del que se tiene conocimiento, creaci\u00f3n de Arqu\u00edmedes de Siracusa; crear un modelo de bater\u00eda en el que un circuito alimentado con limones permite generar electricidad y producir luz, tal como lo hizo Alessandro Volta en sus primeros experimentos del a\u00f1o 1800, y conocer sobre el modo de almacenar la electricidad.<\/p>\n<p>Estas y otras experiencias llegar\u00e1n a Chaco a trav\u00e9s del Ministerio de Ciencia, a trav\u00e9s del Consejo Federal de Ciencia y Tecnolog\u00eda (COFECYT), en el espacio \u201cVisiones que cambiaron al mundo\u201d, para conocer la importancia de las grandes personalidades y descubrimientos que cambiaron el paradigma cient\u00edfico de cada \u00e9poca.<\/p>\n<h3><\/h3>\n<h3><b>Encuentro de Escultores en el Impenetrable en la localidad de Juan Jos\u00e9 Castelli<\/b><\/h3>\n<p>Otra de las propuestas imperdibles para vivir y disfrutar las<b>\u00a0vacaciones de julio en Chaco<\/b>\u00a0es el\u00a05\u00ba Encuentro de Escultores en El Impenetrable, tendr\u00e1 lugar en la plaza San Mart\u00edn de la ciudad de Juan Jos\u00e9 Castelli, del 10 al 17 de julio.<\/p>\n<p>Ser\u00e1 espacio de encuentro y convivencia de diversas expresiones art\u00edsticas, incentivando la creatividad y reflexi\u00f3n sobre la vida en la zona. Se busca proporcionar una plataforma global para que artistas de todo el mundo, del pa\u00eds y la regi\u00f3n, muestren sus obras y participen en un di\u00e1logo cultural enriquecedor.<\/p>\n<div>\n<div class=\"centered-text-area\">\n<div class=\"centered-text\">\n<div class=\"u0de1b1826a7f0061f4ee419b11d50eab-content\"><span class=\"ctaText\">Trending<\/span>\u00a0\u00a0<span class=\"postTitle\">M\u00e1s de 125.000 clientes deben completar un formulario para no perder el subsidio el\u00e9ctrico en Chaco<\/span><\/div>\n<\/div>\n<\/div>\n<div class=\"ctaButton\"><\/div>\n<\/div>\n<p>Con materiales como metal, arena y madera de palo santo como protagonistas de esta edici\u00f3n, escultores de renombre internacional trabajar\u00e1n en la Plaza San Mart\u00edn, a la vista del p\u00fablico, creando obras in\u00e9ditas y originales que pasar\u00e1n a formar parte del patrimonio cultural de Castelli.<\/p>\n<figure id=\"attachment_102697\" class=\"wp-caption alignnone\" aria-describedby=\"caption-attachment-102697\"><a href=\"https:\/\/neahoy.com\/wp-content\/uploads\/2024\/07\/vacaciones-de-invierno-en-Chaco-33-compressed.jpg\"><img loading=\"lazy\" decoding=\"async\" class=\"size-full wp-image-102697 td-animation-stack-type0-2\" src=\"https:\/\/neahoy.com\/wp-content\/uploads\/2024\/07\/vacaciones-de-invierno-en-Chaco-33-compressed.jpg\" sizes=\"auto, (max-width: 1024px) 100vw, 1024px\" srcset=\"https:\/\/neahoy.com\/wp-content\/uploads\/2024\/07\/vacaciones-de-invierno-en-Chaco-33-compressed.jpg 1024w, https:\/\/neahoy.com\/wp-content\/uploads\/2024\/07\/vacaciones-de-invierno-en-Chaco-33-compressed-300x201.jpg 300w, https:\/\/neahoy.com\/wp-content\/uploads\/2024\/07\/vacaciones-de-invierno-en-Chaco-33-compressed-768x514.jpg 768w, https:\/\/neahoy.com\/wp-content\/uploads\/2024\/07\/vacaciones-de-invierno-en-Chaco-33-compressed-150x100.jpg 150w, https:\/\/neahoy.com\/wp-content\/uploads\/2024\/07\/vacaciones-de-invierno-en-Chaco-33-compressed-696x466.jpg 696w, https:\/\/neahoy.com\/wp-content\/uploads\/2024\/07\/vacaciones-de-invierno-en-Chaco-33-compressed-628x420.jpg 628w\" alt=\"\" width=\"1024\" height=\"685\" \/><\/a><figcaption id=\"caption-attachment-102697\" class=\"wp-caption-text\">La localidad de Juan Jos\u00e9 Castelli se prepara para albergar el 5\u00b0 Encuentro de Escultores del Impenetrable durante el inicio de las vacaciones de invierno en Chaco.<\/figcaption><\/figure>\n<p>&nbsp;<\/p>\n<p>Entre ellos, se destaca la presencia de Luis Bernardi (Argentina) con \u201cLa delgada l\u00ednea roja\u201d, Alejandro Mardones Guillen (Chile) con \u201cPortal\u201d, Butrint Morina (Kosovo) con \u201cIntermediaci\u00f3n\u201d, Solveiga Vasi?jeva (Letonia) con \u201cGeometr\u00eda\u201d, Anna Korver (Nueva Zelanda) con \u201cMensajero\u201d, Percy Zorrilla (Per\u00fa) con \u201cMeditaci\u00f3n azul\u201d, Bogdan Adrian Lefter (Rumania) con \u201cTrinidad\u201d y Emrah \u00d6nal (Rumania) con \u201cEl barco que nos lleva a todos\u201d. Adem\u00e1s, Alejandro Arce, de Buenos Aires, Argentina, participar\u00e1 como escultor invitado con su obra en arena \u201cAnimalia\u201d.<\/p>\n<p>Durante las jornadas que dure el evento habr\u00e1 una\u00a0<b>agenda cultural paralela<\/b>\u00a0que incluir\u00e1\u00a0talleres para ni\u00f1os y adultos, a cargo del Instituto de Cultura de la Provincia del Chaco y la Municipalidad de Juan Jos\u00e9 Castelli; charlas y conferencias; muestra y degustaci\u00f3n de comidas t\u00edpicas regionales; exposici\u00f3n y venta de artesan\u00edas y comidas regionales.<\/p>\n<p>Tambi\u00e9n se realizar\u00e1 el tradicional\u00a0<b>Concurso del Pan Castellense, y espect\u00e1culos art\u00edsticos con grupos de danzas, obras de t\u00edteres, teatro y shows musicales\u00a0<\/b>locales y provinciales.<\/p>\n<h3><\/h3>\n<h3><b>Paseo por los museos durante las vacaciones de invierno en Chaco<\/b><\/h3>\n<p>En el marco del d\u00eda provincial de los Museos, el Instituto de Turismo realizar\u00e1 city tours por museos de la ciudad, los d\u00edas 14, 21 y 28 de julio.<\/p>\n<p>El recorrido est\u00e1 planteado de manera que quienes est\u00e9n a bordo descubran la m\u00edstica de Resistencia y el por qu\u00e9 se dice que es un museo a cielo abierto.<\/p>\n<figure id=\"attachment_102700\" class=\"wp-caption alignnone\" aria-describedby=\"caption-attachment-102700\"><a href=\"https:\/\/neahoy.com\/wp-content\/uploads\/2024\/07\/vacaciones-de-invierno-en-Chaco-22.jpg\"><img loading=\"lazy\" decoding=\"async\" class=\"size-full wp-image-102700 td-animation-stack-type0-2\" src=\"https:\/\/neahoy.com\/wp-content\/uploads\/2024\/07\/vacaciones-de-invierno-en-Chaco-22.jpg\" sizes=\"auto, (max-width: 854px) 100vw, 854px\" srcset=\"https:\/\/neahoy.com\/wp-content\/uploads\/2024\/07\/vacaciones-de-invierno-en-Chaco-22.jpg 854w, https:\/\/neahoy.com\/wp-content\/uploads\/2024\/07\/vacaciones-de-invierno-en-Chaco-22-300x169.jpg 300w, https:\/\/neahoy.com\/wp-content\/uploads\/2024\/07\/vacaciones-de-invierno-en-Chaco-22-768x432.jpg 768w, https:\/\/neahoy.com\/wp-content\/uploads\/2024\/07\/vacaciones-de-invierno-en-Chaco-22-150x84.jpg 150w, https:\/\/neahoy.com\/wp-content\/uploads\/2024\/07\/vacaciones-de-invierno-en-Chaco-22-696x391.jpg 696w, https:\/\/neahoy.com\/wp-content\/uploads\/2024\/07\/vacaciones-de-invierno-en-Chaco-22-747x420.jpg 747w\" alt=\"\" width=\"854\" height=\"480\" \/><\/a><figcaption id=\"caption-attachment-102700\" class=\"wp-caption-text\">El Instituto de Turismo realizar\u00e1 city tours por museos de la ciudad de Resistencia los d\u00edas 14, 21 y 28 de julio.<\/figcaption><\/figure>\n<p>El city tour recorrer\u00e1 la\u00a0Casa Museo y Sitio Hist\u00f3rico \u201cLuis Geraldi\u201d; el Museo del Hombre Chaque\u00f1o \u201cErtivio Acosta\u201d; el Museo de Ciencias Naturales \u201cAugusto G. Schulz\u201d; entre otros. Para consultas comunicarse al:\u00a0<b>(0362) 15 4 800001.<\/b><\/p>\n<h3><\/h3>\n<h3><b>D\u00edas de pesca y caba\u00f1a en Isla del Cerrito<\/b><\/h3>\n<p>Para quienes son devotos de salir de la ciudad y descansar en la tranquilidad de un pueblo m\u00e1s peque\u00f1o, como es la Isla del Cerrito, estas vacaciones de invierno en Chaco son la opci\u00f3n ideal para disfrutar de ella.<\/p>\n<p>El servicio que propone un gu\u00eda recomendado por el Ministerio de Turismo provincial incluye timonel-gu\u00eda profesional con experiencia y trato personalizado con una embarcaci\u00f3n acorde a la actividad.<\/p>\n<p><iframe loading=\"lazy\" title=\"YouTube video player\" src=\"https:\/\/www.youtube.com\/embed\/C0e-Ay1k-OM?si=54RxElYFXp2s9V8C\" width=\"100%\" height=\"315\" frameborder=\"0\" allowfullscreen=\"allowfullscreen\" data-mce-fragment=\"1\"><\/iframe><\/p>\n<p><b>Las salidas comienzan por la ma\u00f1ana temprano y, luego de un descanso para almorzar (con almuerzo opcional en la Isla), se sigue navegando hasta el atardecer.<\/b>\u00a0Los equipos para la pesca y los se\u00f1uelos est\u00e1n incluidos.<\/p>\n<p>En el caso de preferir la opci\u00f3n con alojamiento, \u00e9sta incluye refrigerio a media ma\u00f1ana, almuerzo en la isla o en la caba\u00f1a y cena. Las reservas se pueden hacer mediante el n\u00famero de WhatsApp que ofrece el\u00a0<a href=\"https:\/\/catalogoturismo.chaco.gob.ar\/experiencias\/salidas-de-pesca-y-cabanas-del-cerrito\/\" target=\"_blank\" rel=\"noopener\">sitio oficial del Ministerio de Turismo chaque\u00f1o<\/a>.<\/p>\n<h3><\/h3>\n<h3><b>Ecoturismo en Makall\u00e9 durante las vacaciones de invierno en Chaco<\/b><\/h3>\n<p>Otra de las propuestas que tiene el Ministerio de Turismo para vivir las vacaciones de invierno en Chaco es el ecoturismo en el Establecimiento Santa Teresa de la localidad de Makall\u00e9.<\/p>\n<p>Con muchos a\u00f1os de experiencia en el trabajo con ganader\u00eda y apicultura org\u00e1nica, el sitio abre su tranquera a aquellos visitantes que quieran disfrutar de la naturaleza y hacer turismo rural.<\/p>\n<figure id=\"attachment_102696\" class=\"wp-caption alignnone\" aria-describedby=\"caption-attachment-102696\"><a href=\"https:\/\/neahoy.com\/wp-content\/uploads\/2024\/07\/vacaciones-de-invierno-en-Chaco-12-compressed.jpg\"><img loading=\"lazy\" decoding=\"async\" class=\"size-full wp-image-102696 td-animation-stack-type0-2\" src=\"https:\/\/neahoy.com\/wp-content\/uploads\/2024\/07\/vacaciones-de-invierno-en-Chaco-12-compressed.jpg\" sizes=\"auto, (max-width: 2560px) 100vw, 2560px\" srcset=\"https:\/\/neahoy.com\/wp-content\/uploads\/2024\/07\/vacaciones-de-invierno-en-Chaco-12-compressed.jpg 2560w, https:\/\/neahoy.com\/wp-content\/uploads\/2024\/07\/vacaciones-de-invierno-en-Chaco-12-compressed-300x169.jpg 300w, https:\/\/neahoy.com\/wp-content\/uploads\/2024\/07\/vacaciones-de-invierno-en-Chaco-12-compressed-1024x576.jpg 1024w, https:\/\/neahoy.com\/wp-content\/uploads\/2024\/07\/vacaciones-de-invierno-en-Chaco-12-compressed-768x432.jpg 768w, https:\/\/neahoy.com\/wp-content\/uploads\/2024\/07\/vacaciones-de-invierno-en-Chaco-12-compressed-1536x864.jpg 1536w, https:\/\/neahoy.com\/wp-content\/uploads\/2024\/07\/vacaciones-de-invierno-en-Chaco-12-compressed-2048x1152.jpg 2048w, https:\/\/neahoy.com\/wp-content\/uploads\/2024\/07\/vacaciones-de-invierno-en-Chaco-12-compressed-150x84.jpg 150w, https:\/\/neahoy.com\/wp-content\/uploads\/2024\/07\/vacaciones-de-invierno-en-Chaco-12-compressed-696x392.jpg 696w, https:\/\/neahoy.com\/wp-content\/uploads\/2024\/07\/vacaciones-de-invierno-en-Chaco-12-compressed-1068x601.jpg 1068w, https:\/\/neahoy.com\/wp-content\/uploads\/2024\/07\/vacaciones-de-invierno-en-Chaco-12-compressed-1920x1080.jpg 1920w, https:\/\/neahoy.com\/wp-content\/uploads\/2024\/07\/vacaciones-de-invierno-en-Chaco-12-compressed-747x420.jpg 747w\" alt=\"\" width=\"2560\" height=\"1440\" \/><\/a><figcaption id=\"caption-attachment-102696\" class=\"wp-caption-text\">Hacer ecoturismo en Makall\u00e9 puede ser una actividad muy atrapante para estas vacaciones de invierno en Chaco.<\/figcaption><\/figure>\n<p>&nbsp;<\/p>\n<p><b>\u00bfQu\u00e9 actividades ofrecen? Senderismo, caminatas, avistaje de aves y actividades recreativas. Santa Teresa brinda servicios gastron\u00f3micos y de camping.\u00a0<\/b><\/p>\n<p>Las consultas para vivir esta experiencia se pueden hacer mediante el WhatsApp que ofrece el\u00a0<a href=\"https:\/\/catalogoturismo.chaco.gob.ar\/experiencias\/establecimiento-santa-teresa-ecoturismo\/\" target=\"_blank\" rel=\"noopener\">sitio oficial del Ministerio de Turismo chaque\u00f1o.<\/a>[\/vc_column_text][vc_empty_space][\/vc_column][\/vc_row][vc_row css_animation=&#8221;&#8221; row_type=&#8221;row&#8221; use_row_as_full_screen_section=&#8221;no&#8221; type=&#8221;full_width&#8221; angled_section=&#8221;no&#8221; text_align=&#8221;left&#8221; background_image_as_pattern=&#8221;without_pattern&#8221;][vc_column][vc_empty_space][vc_column_text]Fuente:<a href=\"https:\/\/neahoy.com\/2024\/07\/05\/termas-ecoturismo-y-ciencia-mira-todo-lo-que-podes-hacer-en-vacaciones-de-invierno-en-chaco\/\" target=\"_blank\" rel=\"noopener\"> https:\/\/neahoy.com\/2024\/07\/05\/termas-ecoturismo-y-ciencia-mira-todo-lo-que-podes-hacer-en-vacaciones-de-invierno-en-chaco\/<\/a>[\/vc_column_text][vc_empty_space][\/vc_column][\/vc_row]\n","protected":false},"excerpt":{"rendered":"<p>Para quienes habitan en Chaco, al igual que en las otras provincias de la regi\u00f3n, el receso invernal ser\u00e1 del 15 al 26 de julio. Durante ese tiempo la provincia posee un sinf\u00edn de actividades para realizar.<\/p>\n","protected":false},"author":3,"featured_media":13286,"comment_status":"closed","ping_status":"closed","sticky":false,"template":"","format":"standard","meta":{"footnotes":""},"categories":[6],"tags":[],"class_list":["post-13284","post","type-post","status-publish","format-standard","has-post-thumbnail","hentry","category-novedades"],"_links":{"self":[{"href":"https:\/\/www.bienaldelchaco.org\/2024\/wp-json\/wp\/v2\/posts\/13284","targetHints":{"allow":["GET"]}}],"collection":[{"href":"https:\/\/www.bienaldelchaco.org\/2024\/wp-json\/wp\/v2\/posts"}],"about":[{"href":"https:\/\/www.bienaldelchaco.org\/2024\/wp-json\/wp\/v2\/types\/post"}],"author":[{"embeddable":true,"href":"https:\/\/www.bienaldelchaco.org\/2024\/wp-json\/wp\/v2\/users\/3"}],"replies":[{"embeddable":true,"href":"https:\/\/www.bienaldelchaco.org\/2024\/wp-json\/wp\/v2\/comments?post=13284"}],"version-history":[{"count":5,"href":"https:\/\/www.bienaldelchaco.org\/2024\/wp-json\/wp\/v2\/posts\/13284\/revisions"}],"predecessor-version":[{"id":13290,"href":"https:\/\/www.bienaldelchaco.org\/2024\/wp-json\/wp\/v2\/posts\/13284\/revisions\/13290"}],"wp:featuredmedia":[{"embeddable":true,"href":"https:\/\/www.bienaldelchaco.org\/2024\/wp-json\/wp\/v2\/media\/13286"}],"wp:attachment":[{"href":"https:\/\/www.bienaldelchaco.org\/2024\/wp-json\/wp\/v2\/media?parent=13284"}],"wp:term":[{"taxonomy":"category","embeddable":true,"href":"https:\/\/www.bienaldelchaco.org\/2024\/wp-json\/wp\/v2\/categories?post=13284"},{"taxonomy":"post_tag","embeddable":true,"href":"https:\/\/www.bienaldelchaco.org\/2024\/wp-json\/wp\/v2\/tags?post=13284"}],"curies":[{"name":"wp","href":"https:\/\/api.w.org\/{rel}","templated":true}]}}