{"id":13410,"date":"2024-07-22T18:59:52","date_gmt":"2024-07-22T21:59:52","guid":{"rendered":"https:\/\/www.bienaldelchaco.org\/2024\/?p=13410"},"modified":"2024-07-22T19:01:12","modified_gmt":"2024-07-22T22:01:12","slug":"jovenes-que-inspiran-rodrigo-ojeda-y-nahuel-martinez-comparten-su-trayectoria","status":"publish","type":"post","link":"https:\/\/www.bienaldelchaco.org\/2024\/jovenes-que-inspiran-rodrigo-ojeda-y-nahuel-martinez-comparten-su-trayectoria\/","title":{"rendered":"J\u00f3venes que inspiran: Rodrigo Ojeda y Nahuel Mart\u00ednez comparten su trayectoria"},"content":{"rendered":"<p>En una charla abierta en el Stand del Poder Legislativo en la Bienal Internacional de Esculturas, los j\u00f3venes Rodrigo Ojeda, emprendedor industrial, y Nahuel Mart\u00ednez, artista y escultor, compartieron sus inspiradoras historias de vida y carrera. El evento cont\u00f3 con la presencia de la Presidente del Poder Legislativo, Carmen Delgado, el diputado Francisco Romero Castel\u00e1n, la subsecretaria de Justicia Elisa Fern\u00e1ndez y el presidente de SECHEEP, Hilario Jos\u00e9 Bistoletti.<br \/>\n<!--more-->[vc_row css_animation=&#8221;&#8221; row_type=&#8221;row&#8221; use_row_as_full_screen_section=&#8221;no&#8221; type=&#8221;full_width&#8221; angled_section=&#8221;no&#8221; text_align=&#8221;left&#8221; background_image_as_pattern=&#8221;without_pattern&#8221;][vc_column][vc_column_text]Nahuel Mart\u00ednez: Del metal al arte<br \/>\nNacido en La Plata, Buenos Aires, Nahuel Mart\u00ednez lleg\u00f3 a Chaco siendo muy joven. Con una formaci\u00f3n como t\u00e9cnico electromec\u00e1nico, desarroll\u00f3 un profundo inter\u00e9s por la soldadura, la herrer\u00eda y el arte en metal. Se describe como un artista vers\u00e1til y detallista que busca la excelencia en sus obras, tanto en formas abstractas como figurativas. Sus inspiraciones van desde la figura femenina hasta elementos naturales como semillas y formas org\u00e1nicas.<\/p>\n<p>Mart\u00ednez ha establecido esculturas y participado en encuentros art\u00edsticos en varias localidades del interior de la provincia, como Lapachito, Pampa del Indio y Bermejito, as\u00ed como en la Casa de Casco en Chascom\u00fas. Pr\u00f3ximamente, participar\u00e1 en el 19\u00b0 Concurso Nacional de Escultura en Madera en General San Mart\u00edn, del 21 al 27 de julio.<\/p>\n<p>Rodrigo Ojeda: Innovaci\u00f3n y resiliencia en tiempos de crisis<br \/>\nRodrigo Ojeda inici\u00f3 su trayectoria emprendedora con NT Publicidad, una empresa de publicidad exterior y gigantograf\u00edas. Cinco a\u00f1os despu\u00e9s, fund\u00f3 Punto Medio S.A., una empresa de servicios de infraestructuras de telecomunicaci\u00f3n. Durante la pandemia, inspirado por su hermana Bel\u00e9n, una m\u00e9dica pediatra, fund\u00f3 Zutt Protect, una f\u00e1brica de confecci\u00f3n de barbijos y productos m\u00e9dicos.<\/p>\n<p>En solo 39 d\u00edas, Ojeda estableci\u00f3 la f\u00e1brica que produc\u00eda barbijos triple capa. Posteriormente, ampli\u00f3 la producci\u00f3n para incluir camisolines, batas descartables y sets quir\u00fargicos. Zutt Protect obtuvo autorizaciones de la ANMAT y la FDA, lo que permiti\u00f3 su expansi\u00f3n. Su \u00faltimo desarrollo es un innovador guardapolvo hidrorrepelente, antimanchas, antimicrobial y antiviral, dise\u00f1ado para repeler agua, neutralizar virus como el COVID-19 y la gripe, y tambi\u00e9n repeler mosquitos.<\/p>\n<p>Un mensaje de inspiraci\u00f3n<br \/>\nAmbos j\u00f3venes compartieron sus experiencias y desaf\u00edos, destacando la importancia de la perseverancia, la innovaci\u00f3n y la pasi\u00f3n en sus respectivos campos. Sus historias son un ejemplo del talento y la dedicaci\u00f3n que pueden surgir en cualquier rinc\u00f3n del pa\u00eds, inspirando a la nueva generaci\u00f3n a seguir sus sue\u00f1os y contribuir al desarrollo de sus comunidades.[\/vc_column_text][vc_empty_space][\/vc_column][\/vc_row][vc_row css_animation=&#8221;&#8221; row_type=&#8221;row&#8221; use_row_as_full_screen_section=&#8221;no&#8221; type=&#8221;full_width&#8221; angled_section=&#8221;no&#8221; text_align=&#8221;left&#8221; background_image_as_pattern=&#8221;without_pattern&#8221;][vc_column][vc_empty_space][vc_gallery interval=&#8221;3&#8243; images=&#8221;13411,13412,13413,13414,13415&#8243; img_size=&#8221;full&#8221;][vc_empty_space][vc_column_text]Fuente: <a href=\"https:\/\/legislaturachaco.gob.ar\/sitio\/noticia.php?not_id=11291\" target=\"_blank\" rel=\"noopener\">https:\/\/legislaturachaco.gob.ar\/sitio\/noticia.php?not_id=11291<\/a>[\/vc_column_text][vc_empty_space][\/vc_column][\/vc_row]\n","protected":false},"excerpt":{"rendered":"<p>En una charla abierta en el Stand del Poder Legislativo en la Bienal Internacional de Esculturas, los j\u00f3venes Rodrigo Ojeda, emprendedor industrial, y Nahuel Mart\u00ednez, artista y escultor, compartieron sus inspiradoras historias de vida y carrera. El evento cont\u00f3 con la presencia de la Presidente&#8230;<\/p>\n","protected":false},"author":3,"featured_media":13415,"comment_status":"closed","ping_status":"closed","sticky":false,"template":"","format":"standard","meta":{"footnotes":""},"categories":[6],"tags":[],"class_list":["post-13410","post","type-post","status-publish","format-standard","has-post-thumbnail","hentry","category-novedades"],"_links":{"self":[{"href":"https:\/\/www.bienaldelchaco.org\/2024\/wp-json\/wp\/v2\/posts\/13410","targetHints":{"allow":["GET"]}}],"collection":[{"href":"https:\/\/www.bienaldelchaco.org\/2024\/wp-json\/wp\/v2\/posts"}],"about":[{"href":"https:\/\/www.bienaldelchaco.org\/2024\/wp-json\/wp\/v2\/types\/post"}],"author":[{"embeddable":true,"href":"https:\/\/www.bienaldelchaco.org\/2024\/wp-json\/wp\/v2\/users\/3"}],"replies":[{"embeddable":true,"href":"https:\/\/www.bienaldelchaco.org\/2024\/wp-json\/wp\/v2\/comments?post=13410"}],"version-history":[{"count":1,"href":"https:\/\/www.bienaldelchaco.org\/2024\/wp-json\/wp\/v2\/posts\/13410\/revisions"}],"predecessor-version":[{"id":13416,"href":"https:\/\/www.bienaldelchaco.org\/2024\/wp-json\/wp\/v2\/posts\/13410\/revisions\/13416"}],"wp:featuredmedia":[{"embeddable":true,"href":"https:\/\/www.bienaldelchaco.org\/2024\/wp-json\/wp\/v2\/media\/13415"}],"wp:attachment":[{"href":"https:\/\/www.bienaldelchaco.org\/2024\/wp-json\/wp\/v2\/media?parent=13410"}],"wp:term":[{"taxonomy":"category","embeddable":true,"href":"https:\/\/www.bienaldelchaco.org\/2024\/wp-json\/wp\/v2\/categories?post=13410"},{"taxonomy":"post_tag","embeddable":true,"href":"https:\/\/www.bienaldelchaco.org\/2024\/wp-json\/wp\/v2\/tags?post=13410"}],"curies":[{"name":"wp","href":"https:\/\/api.w.org\/{rel}","templated":true}]}}